{"id":5126,"date":"2017-06-12T12:20:02","date_gmt":"2017-06-12T12:20:02","guid":{"rendered":"http:\/\/bibliotekamoscisko.pl\/?p=5126"},"modified":"2017-06-12T12:20:02","modified_gmt":"2017-06-12T12:20:02","slug":"grupa-tworcza-w-rudnicy","status":"publish","type":"post","link":"https:\/\/bibliotekamoscisko.pl\/?p=5126","title":{"rendered":"Grupa Tw\u00f3rcza w Rudnicy"},"content":{"rendered":"<p>Holenderska go\u015bcinno\u015b\u0107, przepi\u0119kne ogrody i tw\u00f3rcza praca<br \/>\nzach\u0119caj\u0105ca do dalszego dzia\u0142ania.<br \/>\nBiblioteka to wi\u0119cej ni\u017c my\u015blisz!<\/p>\n<p>Grupa Tw\u00f3rcza dzia\u0142aj\u0105ca przy bibliotece w Ostroszowicach<br \/>\n8 czerwca uczestniczy\u0142a w plenerowych warsztatach w Rudnicy.<br \/>\nTematem przewodnim by\u0142o zdobienie zapomnianych przedmiot\u00f3w farb\u0105 kredow\u0105.<a href=\"http:\/\/bibliotekamoscisko.pl\/wp-content\/uploads\/2017\/06\/Grupa-Tw\u00f3rcza.jpg\"><br \/>\n<\/a><\/p>\n<p><a href=\"http:\/\/bibliotekamoscisko.pl\/wp-content\/uploads\/2017\/06\/Grupa-Tw\u00f3rcza.jpg\"><img fetchpriority=\"high\" decoding=\"async\" class=\"aligncenter size-full wp-image-5127\" src=\"http:\/\/bibliotekamoscisko.pl\/wp-content\/uploads\/2017\/06\/Grupa-Tw\u00f3rcza.jpg\" alt=\"Grupa Tw\u00f3rcza\" width=\"960\" height=\"641\" srcset=\"https:\/\/bibliotekamoscisko.pl\/wp-content\/uploads\/2017\/06\/Grupa-Tw\u00f3rcza.jpg 960w, https:\/\/bibliotekamoscisko.pl\/wp-content\/uploads\/2017\/06\/Grupa-Tw\u00f3rcza-300x200.jpg 300w, https:\/\/bibliotekamoscisko.pl\/wp-content\/uploads\/2017\/06\/Grupa-Tw\u00f3rcza-768x513.jpg 768w, https:\/\/bibliotekamoscisko.pl\/wp-content\/uploads\/2017\/06\/Grupa-Tw\u00f3rcza-1x1.jpg 1w\" sizes=\"(max-width: 960px) 100vw, 960px\" \/><\/a><\/p>\n<p>Pi\u0119kna pogoda sprzyja\u0142a tw\u00f3rczej pracy a tak\u017ce zach\u0119ci\u0142a uczestnik\u00f3w do podziwiana niezapomnianych pejza\u017cy.<br \/>\nNadzwyczajnej go\u015bcinno\u015bci u\u017cyczyli nam Pa\u0144stwo Krystyna i Henk Guezen z Rudnicy, kt\u00f3rzy wsp\u00f3\u0142tworz\u0105 Grup\u0119 Tw\u00f3rcz\u0105.<br \/>\nZwiedzili\u015bmy nie tylko s\u0105siedni\u0105 wie\u015b, ale przede wszystkim przepi\u0119kny stary dom, w kt\u00f3rym mieszka\u0144cy piel\u0119gnuj\u0105 \u015blady przesz\u0142o\u015bci.<br \/>\nCzas sp\u0119dzony w\u015br\u00f3d zachwycaj\u0105cych ogrod\u00f3w, widok\u00f3w na G\u00f3ry Sowie i tw\u00f3rczej intensywnej pracy, zmobilizowa\u0142 nasz\u0105 grup\u0119 do dalszych integruj\u0105cych spotka\u0144 przy po\u017cytecznych pracach.<br \/>\nTw\u00f3rcza Grupa Pani Emilii Wojdy\u0142o, serdecznie dzi\u0119kuje gospodarzom dzisiejszego spotkania za wspania\u0142\u0105 go\u015bcinno\u015b\u0107.<\/p>\n<p>mk<\/p>\n","protected":false},"excerpt":{"rendered":"<p>Holenderska go\u015bcinno\u015b\u0107, przepi\u0119kne ogrody i tw\u00f3rcza praca zach\u0119caj\u0105ca do dalszego dzia\u0142ania. Biblioteka to wi\u0119cej ni\u017c my\u015blisz! Grupa Tw\u00f3rcza dzia\u0142aj\u0105ca przy bibliotece w Ostroszowicach 8 czerwca uczestniczy\u0142a w plenerowych warsztatach w [&hellip;]<\/p>\n","protected":false},"author":1,"featured_media":0,"comment_status":"closed","ping_status":"open","sticky":false,"template":"","format":"standard","meta":{"ngg_post_thumbnail":0,"footnotes":""},"categories":[1],"tags":[],"class_list":["post-5126","post","type-post","status-publish","format-standard","hentry","category-uncategorized"],"_links":{"self":[{"href":"https:\/\/bibliotekamoscisko.pl\/index.php?rest_route=\/wp\/v2\/posts\/5126","targetHints":{"allow":["GET"]}}],"collection":[{"href":"https:\/\/bibliotekamoscisko.pl\/index.php?rest_route=\/wp\/v2\/posts"}],"about":[{"href":"https:\/\/bibliotekamoscisko.pl\/index.php?rest_route=\/wp\/v2\/types\/post"}],"author":[{"embeddable":true,"href":"https:\/\/bibliotekamoscisko.pl\/index.php?rest_route=\/wp\/v2\/users\/1"}],"replies":[{"embeddable":true,"href":"https:\/\/bibliotekamoscisko.pl\/index.php?rest_route=%2Fwp%2Fv2%2Fcomments&post=5126"}],"version-history":[{"count":1,"href":"https:\/\/bibliotekamoscisko.pl\/index.php?rest_route=\/wp\/v2\/posts\/5126\/revisions"}],"predecessor-version":[{"id":5128,"href":"https:\/\/bibliotekamoscisko.pl\/index.php?rest_route=\/wp\/v2\/posts\/5126\/revisions\/5128"}],"wp:attachment":[{"href":"https:\/\/bibliotekamoscisko.pl\/index.php?rest_route=%2Fwp%2Fv2%2Fmedia&parent=5126"}],"wp:term":[{"taxonomy":"category","embeddable":true,"href":"https:\/\/bibliotekamoscisko.pl\/index.php?rest_route=%2Fwp%2Fv2%2Fcategories&post=5126"},{"taxonomy":"post_tag","embeddable":true,"href":"https:\/\/bibliotekamoscisko.pl\/index.php?rest_route=%2Fwp%2Fv2%2Ftags&post=5126"}],"curies":[{"name":"wp","href":"https:\/\/api.w.org\/{rel}","templated":true}]}}