{"id":5146,"date":"2017-06-21T09:00:35","date_gmt":"2017-06-21T09:00:35","guid":{"rendered":"http:\/\/bibliotekamoscisko.pl\/?p=5146"},"modified":"2017-06-21T09:00:35","modified_gmt":"2017-06-21T09:00:35","slug":"joanna-pestkowska-w-senacie-rp","status":"publish","type":"post","link":"https:\/\/bibliotekamoscisko.pl\/?p=5146","title":{"rendered":"Joanna Pestkowska w Senacie RP"},"content":{"rendered":"<p>So\u0142tys Owiesna Joanna Pestkowska odebra\u0142a 19 czerwca w siedzibie Senatu RP w Warszawie nagrod\u0119 i tytu\u0142 &#8222;So\u0142tysa Roku <a href=\"http:\/\/bibliotekamoscisko.pl\/wp-content\/uploads\/2017\/06\/soltysroku05.jpg\"><img decoding=\"async\" class=\"alignright size-thumbnail wp-image-5149\" src=\"http:\/\/bibliotekamoscisko.pl\/wp-content\/uploads\/2017\/06\/soltysroku05-150x150.jpg\" alt=\"soltysroku05\" width=\"150\" height=\"150\" srcset=\"https:\/\/bibliotekamoscisko.pl\/wp-content\/uploads\/2017\/06\/soltysroku05-150x150.jpg 150w, https:\/\/bibliotekamoscisko.pl\/wp-content\/uploads\/2017\/06\/soltysroku05-1x1.jpg 1w\" sizes=\"(max-width: 150px) 100vw, 150px\" \/><\/a>2016&#8243;. To presti\u017cowe wyr\u00f3\u017cnienie zosta\u0142o przyznane pani so\u0142tys w og\u00f3lnopolskim konkursie organizowanym przez &#8222;Gazet\u0119 So\u0142eck\u0105&#8221; i Krajowe Stowarzyszenie So\u0142tys\u00f3w.<\/p>\n<p>Celem konkursu &#8222;So\u0142tys Roku&#8221; jest promowanie najbardziej aktywnych i wyr\u00f3\u017cniaj\u0105cych si\u0119 so\u0142tys\u00f3w, kt\u00f3rzy pracuj\u0105 na rzecz spo\u0142eczno\u015bci lokalnej. Kapitu\u0142a konkursu wy\u0142oni\u0142a 12 r\u00f3wnorz\u0119dnych laureat\u00f3w z terenu ca\u0142ego kraju ju\u017c po raz pi\u0119tnasty.<\/p>\n<p>Na gali w Senacie so\u0142tys Owiesna towarzyszyli: W\u00f3jt Gminy Dzier\u017coni\u00f3w Marek Chmielewski, przedstawicielka Stowarzyszenia &#8222;Razem dla Wsi&#8221; Maria Balojannis, a tak\u017ce so\u0142tys Dobrocina Gra\u017cyna Ziernik i so\u0142tys Mo\u015bciska Danuta Martow\u0142os &#8211; laureatki poprzednich edycji konkursu.<\/p>\n<p>Uroczysto\u015b\u0107 w Senacie poprzedzi\u0142a konferencja &#8222;Aktywne so\u0142ectwa &#8211; obywatelskie spo\u0142ecze\u0144stwo&#8221; przygotowana przez Komisj\u0119 Samorz\u0105du Terytorialnego i Administracji Pa\u0144stwowej oraz Komisj\u0119 Rolnictwa i Rozwoju Wsi we wsp\u00f3\u0142pracy z organizatorami konkursu. Jednym z prelegent\u00f3w by\u0142 Burmistrz Miasta i Gminy Gogolin Joachim Wojtala, kt\u00f3ry w swoim wyst\u0105pieniu przywo\u0142a\u0142 nasz\u0105 gmin\u0119 jako przyk\u0142ad dobrej wsp\u00f3\u0142pracy pomi\u0119dzy samorz\u0105dem a so\u0142ectwami.<\/p>\n<p>Jeszcze raz serdecznie gratulujemy pani so\u0142tys i dzi\u0119kujemy za jej zaanga\u017cowanie oraz ci\u0119\u017ck\u0105 prac\u0119. To wielki zaszczyt dla ca\u0142ej spo\u0142eczno\u015bci lokalnej naszej gminy.<\/p>\n<div id='gallery-1' class='gallery galleryid-5146 gallery-columns-3 gallery-size-thumbnail'><figure class='gallery-item'>\n\t\t\t<div class='gallery-icon landscape'>\n\t\t\t\t<a href='https:\/\/bibliotekamoscisko.pl\/?attachment_id=5147'><img decoding=\"async\" width=\"150\" height=\"150\" src=\"https:\/\/bibliotekamoscisko.pl\/wp-content\/uploads\/2017\/06\/soltysroku02-150x150.jpg\" class=\"attachment-thumbnail size-thumbnail\" alt=\"\" srcset=\"https:\/\/bibliotekamoscisko.pl\/wp-content\/uploads\/2017\/06\/soltysroku02-150x150.jpg 150w, https:\/\/bibliotekamoscisko.pl\/wp-content\/uploads\/2017\/06\/soltysroku02-1x1.jpg 1w\" sizes=\"(max-width: 150px) 100vw, 150px\" \/><\/a>\n\t\t\t<\/div><\/figure><figure class='gallery-item'>\n\t\t\t<div class='gallery-icon landscape'>\n\t\t\t\t<a href='https:\/\/bibliotekamoscisko.pl\/?attachment_id=5148'><img decoding=\"async\" width=\"150\" height=\"150\" src=\"https:\/\/bibliotekamoscisko.pl\/wp-content\/uploads\/2017\/06\/soltysroku03-150x150.jpg\" class=\"attachment-thumbnail size-thumbnail\" alt=\"\" srcset=\"https:\/\/bibliotekamoscisko.pl\/wp-content\/uploads\/2017\/06\/soltysroku03-150x150.jpg 150w, https:\/\/bibliotekamoscisko.pl\/wp-content\/uploads\/2017\/06\/soltysroku03-1x1.jpg 1w\" sizes=\"(max-width: 150px) 100vw, 150px\" \/><\/a>\n\t\t\t<\/div><\/figure>\n\t\t<\/div>\n\n<h5>\u017ar\u00f3d\u0142o:\u00a0http:\/\/www.ug.dzierzoniow.pl\/informacje\/3844<\/h5>\n","protected":false},"excerpt":{"rendered":"<p>So\u0142tys Owiesna Joanna Pestkowska odebra\u0142a 19 czerwca w siedzibie Senatu RP w Warszawie nagrod\u0119 i tytu\u0142 &#8222;So\u0142tysa Roku 2016&#8243;. To presti\u017cowe wyr\u00f3\u017cnienie zosta\u0142o przyznane pani so\u0142tys w og\u00f3lnopolskim konkursie organizowanym [&hellip;]<\/p>\n","protected":false},"author":1,"featured_media":0,"comment_status":"closed","ping_status":"open","sticky":false,"template":"","format":"standard","meta":{"ngg_post_thumbnail":0,"footnotes":""},"categories":[1],"tags":[],"class_list":["post-5146","post","type-post","status-publish","format-standard","hentry","category-uncategorized"],"_links":{"self":[{"href":"https:\/\/bibliotekamoscisko.pl\/index.php?rest_route=\/wp\/v2\/posts\/5146","targetHints":{"allow":["GET"]}}],"collection":[{"href":"https:\/\/bibliotekamoscisko.pl\/index.php?rest_route=\/wp\/v2\/posts"}],"about":[{"href":"https:\/\/bibliotekamoscisko.pl\/index.php?rest_route=\/wp\/v2\/types\/post"}],"author":[{"embeddable":true,"href":"https:\/\/bibliotekamoscisko.pl\/index.php?rest_route=\/wp\/v2\/users\/1"}],"replies":[{"embeddable":true,"href":"https:\/\/bibliotekamoscisko.pl\/index.php?rest_route=%2Fwp%2Fv2%2Fcomments&post=5146"}],"version-history":[{"count":1,"href":"https:\/\/bibliotekamoscisko.pl\/index.php?rest_route=\/wp\/v2\/posts\/5146\/revisions"}],"predecessor-version":[{"id":5151,"href":"https:\/\/bibliotekamoscisko.pl\/index.php?rest_route=\/wp\/v2\/posts\/5146\/revisions\/5151"}],"wp:attachment":[{"href":"https:\/\/bibliotekamoscisko.pl\/index.php?rest_route=%2Fwp%2Fv2%2Fmedia&parent=5146"}],"wp:term":[{"taxonomy":"category","embeddable":true,"href":"https:\/\/bibliotekamoscisko.pl\/index.php?rest_route=%2Fwp%2Fv2%2Fcategories&post=5146"},{"taxonomy":"post_tag","embeddable":true,"href":"https:\/\/bibliotekamoscisko.pl\/index.php?rest_route=%2Fwp%2Fv2%2Ftags&post=5146"}],"curies":[{"name":"wp","href":"https:\/\/api.w.org\/{rel}","templated":true}]}}