{"id":5161,"date":"2017-06-21T10:45:55","date_gmt":"2017-06-21T10:45:55","guid":{"rendered":"http:\/\/bibliotekamoscisko.pl\/?p=5161"},"modified":"2017-06-21T10:45:55","modified_gmt":"2017-06-21T10:45:55","slug":"spotkania-z-kultura-i-historia-na-zamku-w-owiesnie","status":"publish","type":"post","link":"https:\/\/bibliotekamoscisko.pl\/?p=5161","title":{"rendered":"Spotkania z kultur\u0105 i histori\u0105 na zamku w Owie\u015bnie"},"content":{"rendered":"<p style=\"text-align: center;\">Noc \u015bwi\u0119toja\u0144ska<\/p>\n<p>Pokazy walk rycerskich, taniec ognia i warsztaty rzemie\u015blnicze &#8211; to tylko cz\u0119\u015b\u0107 atrakcji, jakie czeka\u0142y na go\u015bci &#8222;Spotka\u0144 z kultur\u0105 i<a href=\"http:\/\/bibliotekamoscisko.pl\/wp-content\/uploads\/2017\/06\/nocswieto16.jpg\"><img decoding=\"async\" class=\"alignright size-thumbnail wp-image-5164\" src=\"http:\/\/bibliotekamoscisko.pl\/wp-content\/uploads\/2017\/06\/nocswieto16-150x150.jpg\" alt=\"nocswieto16\" width=\"150\" height=\"150\" srcset=\"https:\/\/bibliotekamoscisko.pl\/wp-content\/uploads\/2017\/06\/nocswieto16-150x150.jpg 150w, https:\/\/bibliotekamoscisko.pl\/wp-content\/uploads\/2017\/06\/nocswieto16-2x1.jpg 2w\" sizes=\"(max-width: 150px) 100vw, 150px\" \/><\/a> histori\u0105 na zamku w Owie\u015bnie&#8221; po\u0142\u0105czonych z tradycyjnymi obrz\u0119dami Nocy \u015awi\u0119toja\u0144skiej. Impreza odby\u0142a si\u0119 w sobot\u0119 17 czerwca w parku obok ruin zamku Templariuszy.<\/p>\n<p>Pogoda tym razem nam nie sprzyja\u0142a, deszcz nie zniech\u0119ci\u0142 jednak du\u017cej grupy mieszka\u0144c\u00f3w do wsp\u00f3lnej zabawy.<\/p>\n<p>O wyj\u0105tkowy klimat zadba\u0142a Dru\u017cyna Woj\u00f3w Piastowskich Jantar &#8211; jedna z najlepszych grup rycerskich w Polsce, znana m.in. z wyst\u0119p\u00f3w w wielu produkcjach filmowych. Rycerze prezentowali pokazy walk i zapraszali do wsp\u00f3lnych zabaw. Uczestnicy imprezy mogli r\u00f3wnie\u017c nauczy\u0107 si\u0119 strzelania z \u0142uku, rzuci\u0107 oszczepem, wybi\u0107 monet\u0119, a tak\u017ce wzi\u0105\u0107 udzia\u0142 w ciekawych warsztatach rycerskich i konkursach.<\/p>\n<p>Do dyspozycji najm\u0142odszych by\u0142y dmuchane zamki i zje\u017cd\u017calnie. Du\u017cym zainteresowaniem cieszy\u0142y si\u0119 te\u017c stoiska Rady So\u0142eckiej Owiesna, Ko\u0142a Gospody\u0144 Wiejskich i Stowarzyszenia &#8222;Razem dla Wsi&#8221;.<\/p>\n<p>Zaproszeniem do tradycyjnych zabaw i obrz\u0119d\u00f3w charakterystycznych dla tej szczeg\u00f3lnej nocy by\u0142o wsp\u00f3lne puszczanie wiank\u00f3w, rozpalenie ognia \u015bwi\u0119toja\u0144skiego i taniec ognia w wykonaniu aktor\u00f3w &#8222;Teatru prawdziwego&#8221;. Wsp\u00f3lna zabawa przy ognisku trwa\u0142a do p\u00f3\u017anych godzin nocnych.<\/p>\n<p>Nad bezpiecze\u0144stwem uczestnik\u00f3w imprezy czuwali jak zawsze stra\u017cacy z OSP Ostroszowice.<\/p>\n<p>Organizatorami wydarzenia by\u0142y: gmina Dzier\u017coni\u00f3w, Stowarzyszenie &#8222;Razem dla Wsi&#8221;, Rada So\u0142ecka Owiesna, Biblioteka Publiczna Gminy Dzier\u017coni\u00f3w im. W\u0142adys\u0142awa Reymonta oraz Ko\u0142o Gospody\u0144 Wiejskich z Owiesna.<\/p>\n<p>Na realizacj\u0119 wydarzenia Stowarzyszenie &#8222;Razem dla Wsi&#8221; pozyska\u0142o dofinansowanie ze \u015brodk\u00f3w powiatu dzier\u017coniowskiego.<\/p>\n<p><span style=\"text-decoration: underline;\"><span style=\"color: #3366ff;\"><a style=\"color: #3366ff; text-decoration: underline;\" href=\"http:\/\/www.ug.dzierzoniow.pl\/galeria\/132\">galeria zdj\u0119\u0107<\/a><\/span><\/span><\/p>\n<h5>\u017ar\u00f3d\u0142o:\u00a0http:\/\/www.ug.dzierzoniow.pl\/informacje\/3841<\/h5>\n","protected":false},"excerpt":{"rendered":"<p>Noc \u015bwi\u0119toja\u0144ska Pokazy walk rycerskich, taniec ognia i warsztaty rzemie\u015blnicze &#8211; to tylko cz\u0119\u015b\u0107 atrakcji, jakie czeka\u0142y na go\u015bci &#8222;Spotka\u0144 z kultur\u0105 i histori\u0105 na zamku w Owie\u015bnie&#8221; po\u0142\u0105czonych z [&hellip;]<\/p>\n","protected":false},"author":1,"featured_media":0,"comment_status":"closed","ping_status":"open","sticky":false,"template":"","format":"standard","meta":{"ngg_post_thumbnail":0,"footnotes":""},"categories":[1],"tags":[],"class_list":["post-5161","post","type-post","status-publish","format-standard","hentry","category-uncategorized"],"_links":{"self":[{"href":"https:\/\/bibliotekamoscisko.pl\/index.php?rest_route=\/wp\/v2\/posts\/5161","targetHints":{"allow":["GET"]}}],"collection":[{"href":"https:\/\/bibliotekamoscisko.pl\/index.php?rest_route=\/wp\/v2\/posts"}],"about":[{"href":"https:\/\/bibliotekamoscisko.pl\/index.php?rest_route=\/wp\/v2\/types\/post"}],"author":[{"embeddable":true,"href":"https:\/\/bibliotekamoscisko.pl\/index.php?rest_route=\/wp\/v2\/users\/1"}],"replies":[{"embeddable":true,"href":"https:\/\/bibliotekamoscisko.pl\/index.php?rest_route=%2Fwp%2Fv2%2Fcomments&post=5161"}],"version-history":[{"count":1,"href":"https:\/\/bibliotekamoscisko.pl\/index.php?rest_route=\/wp\/v2\/posts\/5161\/revisions"}],"predecessor-version":[{"id":5165,"href":"https:\/\/bibliotekamoscisko.pl\/index.php?rest_route=\/wp\/v2\/posts\/5161\/revisions\/5165"}],"wp:attachment":[{"href":"https:\/\/bibliotekamoscisko.pl\/index.php?rest_route=%2Fwp%2Fv2%2Fmedia&parent=5161"}],"wp:term":[{"taxonomy":"category","embeddable":true,"href":"https:\/\/bibliotekamoscisko.pl\/index.php?rest_route=%2Fwp%2Fv2%2Fcategories&post=5161"},{"taxonomy":"post_tag","embeddable":true,"href":"https:\/\/bibliotekamoscisko.pl\/index.php?rest_route=%2Fwp%2Fv2%2Ftags&post=5161"}],"curies":[{"name":"wp","href":"https:\/\/api.w.org\/{rel}","templated":true}]}}