{"id":523,"date":"2014-05-29T21:20:37","date_gmt":"2014-05-29T21:20:37","guid":{"rendered":"http:\/\/bibliotekamoscisko.pl\/?p=523"},"modified":"2014-05-29T21:22:23","modified_gmt":"2014-05-29T21:22:23","slug":"jerzy-kryszak-na-czacie-czyli-spotkania-z-pasjami-w-bibliotece","status":"publish","type":"post","link":"https:\/\/bibliotekamoscisko.pl\/?p=523","title":{"rendered":"Jerzy Kryszak na czacie, czyli Spotkania z pasjami w bibliotece&#8230;"},"content":{"rendered":"<div><\/div>\n<div><\/div>\n<div><\/div>\n<div>Zapraszam do biblioteki w Ostroszowicach <span style=\"color: #800080;\">5 czerwca na godz.11.oo.<\/span><\/div>\n<div><\/div>\n<div><\/div>\n<div><\/div>\n<div><\/div>\n<div><\/div>\n<div>To spotkanie b\u0119dzie wyj\u0105tkowe, poniewa\u017c okazja jest wyj\u0105tkowa.<\/div>\n<div>W tym roku cieszymy si\u0119 \u0107wier\u0107wiekiem wolno\u015bci: jest to czas zar\u00f3wno ogromnej rado\u015bci, ale i podsumowa\u0144 i refleksji.<\/div>\n<div>Temat pierwszych wolnych wybor\u00f3w w Polsce porusza wiele os\u00f3b w Polsce.<\/div>\n<div>Mam przekonanie,\u017ce spojrzenie na histori\u0119 troch\u0119 innym okiem \u2013 okiem satyryka. wyzwoli u Pa\u0144stwa pozytywne emocje.<\/div>\n<div>Go\u015bciem Spotkania z pasjami b\u0119dzie Jerzy Kryszak.<\/div>\n<div>\u00a0\u00a0\u00a0\u00a0\u00a0\u00a0\u00a0\u00a0\u00a0\u00a0\u00a0\u00a0\u00a0\u00a0\u00a0\u00a0\u00a0\u00a0\u00a0\u00a0\u00a0\u00a0\u00a0\u00a0\u00a0\u00a0\u00a0\u00a0\u00a0\u00a0\u00a0\u00a0\u00a0\u00a0\u00a0\u00a0\u00a0\u00a0\u00a0\u00a0\u00a0\u00a0\u00a0\u00a0\u00a0\u00a0\u00a0\u00a0\u00a0\u00a0\u00a0\u00a0\u00a0 Maria Kirkiewicz<\/div>\n<div><\/div>\n<div>\n<div dir=\"ltr\" data-angle=\"0\" data-font-name=\"g_font_11_0\" data-canvas-width=\"760.9599818572999\">Warto r\u00f3wnie\u017c przypomnie\u0107 sobie, jak wygl\u0105da\u0142a satyra polityczna w czasie transformacji:<\/div>\n<\/div>\n<div><a href=\"https:\/\/www.youtube.com\/watch?v=xcsoSk3lT9I\" target=\"_blank\">https:\/\/www.youtube.com\/watch?v=xcsoSk3lT9I<\/a><\/div>\n","protected":false},"excerpt":{"rendered":"<p>Zapraszam do biblioteki w Ostroszowicach 5 czerwca na godz.11.oo. To spotkanie b\u0119dzie wyj\u0105tkowe, poniewa\u017c okazja jest wyj\u0105tkowa. W tym roku cieszymy si\u0119 \u0107wier\u0107wiekiem wolno\u015bci: jest to czas zar\u00f3wno ogromnej rado\u015bci, [&hellip;]<\/p>\n","protected":false},"author":1,"featured_media":0,"comment_status":"open","ping_status":"open","sticky":false,"template":"","format":"standard","meta":{"ngg_post_thumbnail":0,"footnotes":""},"categories":[1],"tags":[],"class_list":["post-523","post","type-post","status-publish","format-standard","hentry","category-uncategorized"],"_links":{"self":[{"href":"https:\/\/bibliotekamoscisko.pl\/index.php?rest_route=\/wp\/v2\/posts\/523","targetHints":{"allow":["GET"]}}],"collection":[{"href":"https:\/\/bibliotekamoscisko.pl\/index.php?rest_route=\/wp\/v2\/posts"}],"about":[{"href":"https:\/\/bibliotekamoscisko.pl\/index.php?rest_route=\/wp\/v2\/types\/post"}],"author":[{"embeddable":true,"href":"https:\/\/bibliotekamoscisko.pl\/index.php?rest_route=\/wp\/v2\/users\/1"}],"replies":[{"embeddable":true,"href":"https:\/\/bibliotekamoscisko.pl\/index.php?rest_route=%2Fwp%2Fv2%2Fcomments&post=523"}],"version-history":[{"count":4,"href":"https:\/\/bibliotekamoscisko.pl\/index.php?rest_route=\/wp\/v2\/posts\/523\/revisions"}],"predecessor-version":[{"id":529,"href":"https:\/\/bibliotekamoscisko.pl\/index.php?rest_route=\/wp\/v2\/posts\/523\/revisions\/529"}],"wp:attachment":[{"href":"https:\/\/bibliotekamoscisko.pl\/index.php?rest_route=%2Fwp%2Fv2%2Fmedia&parent=523"}],"wp:term":[{"taxonomy":"category","embeddable":true,"href":"https:\/\/bibliotekamoscisko.pl\/index.php?rest_route=%2Fwp%2Fv2%2Fcategories&post=523"},{"taxonomy":"post_tag","embeddable":true,"href":"https:\/\/bibliotekamoscisko.pl\/index.php?rest_route=%2Fwp%2Fv2%2Ftags&post=523"}],"curies":[{"name":"wp","href":"https:\/\/api.w.org\/{rel}","templated":true}]}}