{"id":5261,"date":"2017-07-13T10:39:48","date_gmt":"2017-07-13T10:39:48","guid":{"rendered":"http:\/\/bibliotekamoscisko.pl\/?p=5261"},"modified":"2017-07-14T13:06:38","modified_gmt":"2017-07-14T13:06:38","slug":"zespol-cord-na-xxv-ogolnopolskim-festiwalu-grup-spiewaczych-ziemia-i-piesn","status":"publish","type":"post","link":"https:\/\/bibliotekamoscisko.pl\/?p=5261","title":{"rendered":"Zesp\u00f3\u0142 CORD na XXV Og\u00f3lnopolskim Festiwalu Grup \u015apiewaczych ZIEMIA I PIE\u015a\u0143"},"content":{"rendered":"<p>Przez trzy dni w Szprotawie trwa\u0142 XXV Og\u00f3lnopolski Festiwal Grup \u015apiewaczych \u201eZiemia i Pie\u015b\u0144\u201d. Zesp\u00f3\u0142 <strong>CORD z Pi\u0142awy Dolnej<\/strong> powr\u00f3ci\u0142 z niego z nagrod\u0105. Jury postanowi\u0142o w\u0142a\u015bnie im przyzna\u0107 Grand Prix oraz 1500 z\u0142! Gratulujemy!<\/p>\n<p>Pomi\u0119dzy koncertami przegl\u0105dowymi \u00a0na Szprotawskich B\u0142oniach odby\u0142y si\u0119 prezentacje dawnych tradycji i obyczaj\u00f3w oraz nauka piosenek. Znalaz\u0142 si\u0119 te\u017c czas na \u201eotwarty mikrofon\u201d \u00a0w kt\u00f3rym ka\u017cdy uczestnik festiwalu m\u00f3g\u0142 si\u0119 zaprezentowa\u0107 z dodatkowym programem artystycznym nie podlegaj\u0105cym ocenie Rady Artystycznej.<br \/>\nFestiwalowi towarzyszy\u0142y m.in. wystawa XXV lat Festiwalu \u201eZiemia i Pie\u015b\u0144\u201d, warsztaty r\u0119kodzielnicze, konkurs na jad\u0142o regionalne i konkurs fotograficzny \u201eWarto zapami\u0119ta\u0107\u201d.<\/p>\n<p><a href=\"http:\/\/bibliotekamoscisko.pl\/wp-content\/uploads\/2017\/07\/Ziemia-i-Pie\u015b\u0144.jpg\"><img fetchpriority=\"high\" decoding=\"async\" class=\"aligncenter size-large wp-image-5262\" src=\"http:\/\/bibliotekamoscisko.pl\/wp-content\/uploads\/2017\/07\/Ziemia-i-Pie\u015b\u0144-724x1024.jpg\" alt=\"Ziemia i Pie\u015b\u0144\" width=\"654\" height=\"925\" srcset=\"https:\/\/bibliotekamoscisko.pl\/wp-content\/uploads\/2017\/07\/Ziemia-i-Pie\u015b\u0144-724x1024.jpg 724w, https:\/\/bibliotekamoscisko.pl\/wp-content\/uploads\/2017\/07\/Ziemia-i-Pie\u015b\u0144-212x300.jpg 212w, https:\/\/bibliotekamoscisko.pl\/wp-content\/uploads\/2017\/07\/Ziemia-i-Pie\u015b\u0144-768x1086.jpg 768w, https:\/\/bibliotekamoscisko.pl\/wp-content\/uploads\/2017\/07\/Ziemia-i-Pie\u015b\u0144-1x1.jpg 1w, https:\/\/bibliotekamoscisko.pl\/wp-content\/uploads\/2017\/07\/Ziemia-i-Pie\u015b\u0144.jpg 1654w\" sizes=\"(max-width: 654px) 100vw, 654px\" \/><\/a><\/p>\n","protected":false},"excerpt":{"rendered":"<p>Przez trzy dni w Szprotawie trwa\u0142 XXV Og\u00f3lnopolski Festiwal Grup \u015apiewaczych \u201eZiemia i Pie\u015b\u0144\u201d. Zesp\u00f3\u0142 CORD z Pi\u0142awy Dolnej powr\u00f3ci\u0142 z niego z nagrod\u0105. Jury postanowi\u0142o w\u0142a\u015bnie im przyzna\u0107 Grand [&hellip;]<\/p>\n","protected":false},"author":1,"featured_media":0,"comment_status":"closed","ping_status":"open","sticky":false,"template":"","format":"standard","meta":{"ngg_post_thumbnail":0,"footnotes":""},"categories":[1],"tags":[],"class_list":["post-5261","post","type-post","status-publish","format-standard","hentry","category-uncategorized"],"_links":{"self":[{"href":"https:\/\/bibliotekamoscisko.pl\/index.php?rest_route=\/wp\/v2\/posts\/5261","targetHints":{"allow":["GET"]}}],"collection":[{"href":"https:\/\/bibliotekamoscisko.pl\/index.php?rest_route=\/wp\/v2\/posts"}],"about":[{"href":"https:\/\/bibliotekamoscisko.pl\/index.php?rest_route=\/wp\/v2\/types\/post"}],"author":[{"embeddable":true,"href":"https:\/\/bibliotekamoscisko.pl\/index.php?rest_route=\/wp\/v2\/users\/1"}],"replies":[{"embeddable":true,"href":"https:\/\/bibliotekamoscisko.pl\/index.php?rest_route=%2Fwp%2Fv2%2Fcomments&post=5261"}],"version-history":[{"count":3,"href":"https:\/\/bibliotekamoscisko.pl\/index.php?rest_route=\/wp\/v2\/posts\/5261\/revisions"}],"predecessor-version":[{"id":5265,"href":"https:\/\/bibliotekamoscisko.pl\/index.php?rest_route=\/wp\/v2\/posts\/5261\/revisions\/5265"}],"wp:attachment":[{"href":"https:\/\/bibliotekamoscisko.pl\/index.php?rest_route=%2Fwp%2Fv2%2Fmedia&parent=5261"}],"wp:term":[{"taxonomy":"category","embeddable":true,"href":"https:\/\/bibliotekamoscisko.pl\/index.php?rest_route=%2Fwp%2Fv2%2Fcategories&post=5261"},{"taxonomy":"post_tag","embeddable":true,"href":"https:\/\/bibliotekamoscisko.pl\/index.php?rest_route=%2Fwp%2Fv2%2Ftags&post=5261"}],"curies":[{"name":"wp","href":"https:\/\/api.w.org\/{rel}","templated":true}]}}