{"id":5449,"date":"2017-09-06T07:59:37","date_gmt":"2017-09-06T07:59:37","guid":{"rendered":"http:\/\/bibliotekamoscisko.pl\/?p=5449"},"modified":"2017-09-21T11:00:55","modified_gmt":"2017-09-21T11:00:55","slug":"wystawa-par-slubnych","status":"publish","type":"post","link":"https:\/\/bibliotekamoscisko.pl\/?p=5449","title":{"rendered":"Wystawa par \u015blubnych"},"content":{"rendered":"<p>Narodowe Czytanie organizowane jest przez Prezydenta RP od 2012 roku. Akcja zosta\u0142a zainicjowana wsp\u00f3ln\u0105 lektur\u0105\u00a0<em>Pana Tadeusza<\/em>\u00a0Adama Mickiewicza. W 2013 roku w ca\u0142ej Polsce odby\u0142o si\u0119 czytanie dzie\u0142 Aleksandra Fredry, a podczas nast\u0119pnych edycji przeczytano kolejno:\u00a0<em>Trylogi\u0119<\/em>\u00a0Henryka Sienkiewicza, <em>Lalk\u0119<\/em>\u00a0Boles\u0142awa Prusa oraz\u00a0<em>Quo vadis<\/em>\u00a0Henryka Sienkiewicza.<\/p>\n<p>Tegoroczn\u0105 lektur\u0105 Narodowego Czytania by\u0142o <em>Wesele<\/em> Stanis\u0142awa Wyspia\u0144skiego. Akcja sta\u0142a si\u0119 inspiracj\u0105 do stworzenia wystawy zdj\u0119\u0107 \u015blubnych par z ca\u0142ej gminy Dzier\u017coni\u00f3w. Czasy powojenne splataj\u0105 si\u0119 w niej ze wsp\u00f3\u0142czesno\u015bci\u0105, pokazuj\u0105c zmieniaj\u0105c\u0105 si\u0119 mod\u0119 i niezmienn\u0105 nadziej\u0119 i mi\u0142o\u015b\u0107 w oczach nowo\u017ce\u0144c\u00f3w. Wystaw\u0119 u\u015bwietni\u0142 wizerunek Pary Prezydenckiej, przys\u0142any specjalnie na t\u0119 okazj\u0119 przez\u00a0Andrzeja Dud\u0119 i Agat\u0119 Kornhauser-Dud\u0119.<\/p>\n<p>Wystaw\u0119 mobiln\u0105 b\u0119dzie mo\u017cna obejrze\u0107 w poszczeg\u00f3lnych filiach biblioteki do ko\u0144ca roku.<\/p>\n<div id='gallery-1' class='gallery galleryid-5449 gallery-columns-3 gallery-size-thumbnail'><figure class='gallery-item'>\n\t\t\t<div class='gallery-icon portrait'>\n\t\t\t\t<a href='https:\/\/bibliotekamoscisko.pl\/?attachment_id=5450'><img decoding=\"async\" width=\"150\" height=\"150\" src=\"https:\/\/bibliotekamoscisko.pl\/wp-content\/uploads\/2017\/09\/IMG_3039-150x150.jpg\" class=\"attachment-thumbnail size-thumbnail\" alt=\"\" srcset=\"https:\/\/bibliotekamoscisko.pl\/wp-content\/uploads\/2017\/09\/IMG_3039-150x150.jpg 150w, https:\/\/bibliotekamoscisko.pl\/wp-content\/uploads\/2017\/09\/IMG_3039-1x1.jpg 1w\" sizes=\"(max-width: 150px) 100vw, 150px\" \/><\/a>\n\t\t\t<\/div><\/figure><figure class='gallery-item'>\n\t\t\t<div class='gallery-icon portrait'>\n\t\t\t\t<a href='https:\/\/bibliotekamoscisko.pl\/?attachment_id=5451'><img decoding=\"async\" width=\"150\" height=\"150\" src=\"https:\/\/bibliotekamoscisko.pl\/wp-content\/uploads\/2017\/09\/IMG_3040-150x150.jpg\" class=\"attachment-thumbnail size-thumbnail\" alt=\"\" srcset=\"https:\/\/bibliotekamoscisko.pl\/wp-content\/uploads\/2017\/09\/IMG_3040-150x150.jpg 150w, https:\/\/bibliotekamoscisko.pl\/wp-content\/uploads\/2017\/09\/IMG_3040-1x1.jpg 1w, https:\/\/bibliotekamoscisko.pl\/wp-content\/uploads\/2017\/09\/IMG_3040-400x400.jpg 400w\" sizes=\"(max-width: 150px) 100vw, 150px\" \/><\/a>\n\t\t\t<\/div><\/figure><figure class='gallery-item'>\n\t\t\t<div class='gallery-icon portrait'>\n\t\t\t\t<a href='https:\/\/bibliotekamoscisko.pl\/?attachment_id=5452'><img decoding=\"async\" width=\"150\" height=\"150\" src=\"https:\/\/bibliotekamoscisko.pl\/wp-content\/uploads\/2017\/09\/IMG_3041-150x150.jpg\" class=\"attachment-thumbnail size-thumbnail\" alt=\"\" srcset=\"https:\/\/bibliotekamoscisko.pl\/wp-content\/uploads\/2017\/09\/IMG_3041-150x150.jpg 150w, https:\/\/bibliotekamoscisko.pl\/wp-content\/uploads\/2017\/09\/IMG_3041-1x1.jpg 1w\" sizes=\"(max-width: 150px) 100vw, 150px\" \/><\/a>\n\t\t\t<\/div><\/figure><figure class='gallery-item'>\n\t\t\t<div class='gallery-icon portrait'>\n\t\t\t\t<a href='https:\/\/bibliotekamoscisko.pl\/?attachment_id=5453'><img loading=\"lazy\" decoding=\"async\" width=\"150\" height=\"150\" src=\"https:\/\/bibliotekamoscisko.pl\/wp-content\/uploads\/2017\/09\/IMG_3042-150x150.jpg\" class=\"attachment-thumbnail size-thumbnail\" alt=\"\" srcset=\"https:\/\/bibliotekamoscisko.pl\/wp-content\/uploads\/2017\/09\/IMG_3042-150x150.jpg 150w, https:\/\/bibliotekamoscisko.pl\/wp-content\/uploads\/2017\/09\/IMG_3042-1x1.jpg 1w\" sizes=\"(max-width: 150px) 100vw, 150px\" \/><\/a>\n\t\t\t<\/div><\/figure><figure class='gallery-item'>\n\t\t\t<div class='gallery-icon landscape'>\n\t\t\t\t<a href='https:\/\/bibliotekamoscisko.pl\/?attachment_id=5454'><img loading=\"lazy\" decoding=\"async\" width=\"150\" height=\"150\" src=\"https:\/\/bibliotekamoscisko.pl\/wp-content\/uploads\/2017\/09\/IMG_3043-150x150.jpg\" class=\"attachment-thumbnail size-thumbnail\" alt=\"\" srcset=\"https:\/\/bibliotekamoscisko.pl\/wp-content\/uploads\/2017\/09\/IMG_3043-150x150.jpg 150w, https:\/\/bibliotekamoscisko.pl\/wp-content\/uploads\/2017\/09\/IMG_3043-1x1.jpg 1w\" sizes=\"(max-width: 150px) 100vw, 150px\" \/><\/a>\n\t\t\t<\/div><\/figure>\n\t\t<\/div>\n\n","protected":false},"excerpt":{"rendered":"<p>Narodowe Czytanie organizowane jest przez Prezydenta RP od 2012 roku. Akcja zosta\u0142a zainicjowana wsp\u00f3ln\u0105 lektur\u0105\u00a0Pana Tadeusza\u00a0Adama Mickiewicza. W 2013 roku w ca\u0142ej Polsce odby\u0142o si\u0119 czytanie dzie\u0142 Aleksandra Fredry, a [&hellip;]<\/p>\n","protected":false},"author":1,"featured_media":0,"comment_status":"closed","ping_status":"open","sticky":false,"template":"","format":"standard","meta":{"ngg_post_thumbnail":0,"footnotes":""},"categories":[1],"tags":[],"class_list":["post-5449","post","type-post","status-publish","format-standard","hentry","category-uncategorized"],"_links":{"self":[{"href":"https:\/\/bibliotekamoscisko.pl\/index.php?rest_route=\/wp\/v2\/posts\/5449","targetHints":{"allow":["GET"]}}],"collection":[{"href":"https:\/\/bibliotekamoscisko.pl\/index.php?rest_route=\/wp\/v2\/posts"}],"about":[{"href":"https:\/\/bibliotekamoscisko.pl\/index.php?rest_route=\/wp\/v2\/types\/post"}],"author":[{"embeddable":true,"href":"https:\/\/bibliotekamoscisko.pl\/index.php?rest_route=\/wp\/v2\/users\/1"}],"replies":[{"embeddable":true,"href":"https:\/\/bibliotekamoscisko.pl\/index.php?rest_route=%2Fwp%2Fv2%2Fcomments&post=5449"}],"version-history":[{"count":3,"href":"https:\/\/bibliotekamoscisko.pl\/index.php?rest_route=\/wp\/v2\/posts\/5449\/revisions"}],"predecessor-version":[{"id":5522,"href":"https:\/\/bibliotekamoscisko.pl\/index.php?rest_route=\/wp\/v2\/posts\/5449\/revisions\/5522"}],"wp:attachment":[{"href":"https:\/\/bibliotekamoscisko.pl\/index.php?rest_route=%2Fwp%2Fv2%2Fmedia&parent=5449"}],"wp:term":[{"taxonomy":"category","embeddable":true,"href":"https:\/\/bibliotekamoscisko.pl\/index.php?rest_route=%2Fwp%2Fv2%2Fcategories&post=5449"},{"taxonomy":"post_tag","embeddable":true,"href":"https:\/\/bibliotekamoscisko.pl\/index.php?rest_route=%2Fwp%2Fv2%2Ftags&post=5449"}],"curies":[{"name":"wp","href":"https:\/\/api.w.org\/{rel}","templated":true}]}}