{"id":5480,"date":"2017-09-08T12:29:54","date_gmt":"2017-09-08T12:29:54","guid":{"rendered":"http:\/\/bibliotekamoscisko.pl\/?p=5480"},"modified":"2017-09-08T12:40:50","modified_gmt":"2017-09-08T12:40:50","slug":"idol-2017","status":"publish","type":"post","link":"https:\/\/bibliotekamoscisko.pl\/?p=5480","title":{"rendered":"IDOL 2017"},"content":{"rendered":"<div>Z przyjemno\u015bci\u0105 informujemy, \u017ce Biblioteka Publiczna Gminy Dzier\u017coni\u00f3w im. W\u0142adys\u0142awa Reymonta w Mo\u015bcisku zosta\u0142a zg\u0142oszona do konkursu IDOL 2017.<br \/>\nZapraszamy do propagowania i g\u0142osowania na kandydat\u00f3w do 18.09.2017 r.<br \/>\nKandydaci i g\u0142osowanie na instytucje z Dolnego \u015al\u0105ska:<br \/>\n<span style=\"color: #339966;\"><a style=\"color: #339966;\" title=\"http:\/\/idol.szansadlaniewidomych.org\/p\/1\" href=\"http:\/\/idol.szansadlaniewidomych.org\/p\/1\" target=\"_blank\">http:\/\/idol.szansadlaniewidomych.org\/p\/1<\/a><\/span><\/div>\n<div>Szersza informacj\u0105 o konkursie:<\/div>\n<div><span style=\"color: #339966;\"><a style=\"color: #339966;\" title=\"http:\/\/idol.szansadlaniewidomych.org\/\" href=\"http:\/\/idol.szansadlaniewidomych.org\/\" target=\"_blank\">http:\/\/idol.szansadlaniewidomych.org\/<\/a><\/span><\/div>\n<div><a href=\"http:\/\/bibliotekamoscisko.pl\/wp-content\/uploads\/2017\/09\/idol.jpg\"><img fetchpriority=\"high\" decoding=\"async\" class=\"aligncenter size-medium wp-image-5481\" src=\"http:\/\/bibliotekamoscisko.pl\/wp-content\/uploads\/2017\/09\/idol-300x200.jpg\" alt=\"idol\" width=\"300\" height=\"200\" srcset=\"https:\/\/bibliotekamoscisko.pl\/wp-content\/uploads\/2017\/09\/idol-300x200.jpg 300w, https:\/\/bibliotekamoscisko.pl\/wp-content\/uploads\/2017\/09\/idol-768x512.jpg 768w, https:\/\/bibliotekamoscisko.pl\/wp-content\/uploads\/2017\/09\/idol-1024x683.jpg 1024w, https:\/\/bibliotekamoscisko.pl\/wp-content\/uploads\/2017\/09\/idol-2x1.jpg 2w\" sizes=\"(max-width: 300px) 100vw, 300px\" \/><\/a><\/div>\n","protected":false},"excerpt":{"rendered":"<p>Z przyjemno\u015bci\u0105 informujemy, \u017ce Biblioteka Publiczna Gminy Dzier\u017coni\u00f3w im. W\u0142adys\u0142awa Reymonta w Mo\u015bcisku zosta\u0142a zg\u0142oszona do konkursu IDOL 2017. Zapraszamy do propagowania i g\u0142osowania na kandydat\u00f3w do 18.09.2017 r. Kandydaci [&hellip;]<\/p>\n","protected":false},"author":1,"featured_media":0,"comment_status":"closed","ping_status":"open","sticky":false,"template":"","format":"standard","meta":{"ngg_post_thumbnail":0,"footnotes":""},"categories":[1],"tags":[],"class_list":["post-5480","post","type-post","status-publish","format-standard","hentry","category-uncategorized"],"_links":{"self":[{"href":"https:\/\/bibliotekamoscisko.pl\/index.php?rest_route=\/wp\/v2\/posts\/5480","targetHints":{"allow":["GET"]}}],"collection":[{"href":"https:\/\/bibliotekamoscisko.pl\/index.php?rest_route=\/wp\/v2\/posts"}],"about":[{"href":"https:\/\/bibliotekamoscisko.pl\/index.php?rest_route=\/wp\/v2\/types\/post"}],"author":[{"embeddable":true,"href":"https:\/\/bibliotekamoscisko.pl\/index.php?rest_route=\/wp\/v2\/users\/1"}],"replies":[{"embeddable":true,"href":"https:\/\/bibliotekamoscisko.pl\/index.php?rest_route=%2Fwp%2Fv2%2Fcomments&post=5480"}],"version-history":[{"count":2,"href":"https:\/\/bibliotekamoscisko.pl\/index.php?rest_route=\/wp\/v2\/posts\/5480\/revisions"}],"predecessor-version":[{"id":5483,"href":"https:\/\/bibliotekamoscisko.pl\/index.php?rest_route=\/wp\/v2\/posts\/5480\/revisions\/5483"}],"wp:attachment":[{"href":"https:\/\/bibliotekamoscisko.pl\/index.php?rest_route=%2Fwp%2Fv2%2Fmedia&parent=5480"}],"wp:term":[{"taxonomy":"category","embeddable":true,"href":"https:\/\/bibliotekamoscisko.pl\/index.php?rest_route=%2Fwp%2Fv2%2Fcategories&post=5480"},{"taxonomy":"post_tag","embeddable":true,"href":"https:\/\/bibliotekamoscisko.pl\/index.php?rest_route=%2Fwp%2Fv2%2Ftags&post=5480"}],"curies":[{"name":"wp","href":"https:\/\/api.w.org\/{rel}","templated":true}]}}