{"id":550,"date":"2014-06-04T08:05:49","date_gmt":"2014-06-04T08:05:49","guid":{"rendered":"http:\/\/bibliotekamoscisko.pl\/?p=550"},"modified":"2014-06-04T08:05:49","modified_gmt":"2014-06-04T08:05:49","slug":"malowniczy-maj","status":"publish","type":"post","link":"https:\/\/bibliotekamoscisko.pl\/?p=550","title":{"rendered":"Malowniczy maj"},"content":{"rendered":"<p>W \u00a0maju uczniowie klasy III Szko\u0142y Podstawowej im. Kornela Makuszy\u0144skiego, uczestniczyli w kolejnych,\u00a0 ale niestety ostatnich warsztatach malarskich \u2013 z projektu \u201eKreatywna biblioteka\u201d, prowadzonych przez pana Tadeusza Kwazebarta.<\/p>\n<p>Dzieci tworzy\u0142y obrazy malowane farb\u0105 akwarelow\u0105 na papierze akwarelowym. Zaskakuj\u0105ce zestawienie barw przynios\u0142o ciekawy rezultat malarski.<\/p>\n<p>Aby unikn\u0105\u0107 monotonno\u015bci, kolejne zaj\u0119cia dotyczy\u0142y zmienno\u015bci technik prac \u2013 rysowanie, malowanie kolorowym tuszem i patyczkami na kolorowych kartkach.<\/p>\n<p><em>20.V. 2014<\/em>\u00a0 M\u0142odzi arty\u015bci malowali suchymi pastelami motyw kwiatowy . Ile dzieci, tyle r\u00f3\u017cnych obraz\u00f3w, gry barw.<\/p>\n<p><em>27.V<\/em>\u00a0 Bohaterem naszego spotkania by\u0142 mi\u0119kki o\u0142\u00f3wek i \u015bwiat\u0142ocienie. Ciekawy efekt to poszukiwanie \u015bwiat\u0142a, cieni, kt\u00f3re uwypukla, podkre\u015bla nam prace a jednocze\u015bnie zauwa\u017camy r\u00f3wnowag\u0119 kompozycji.<\/p>\n\n<p>Wanda Kun<\/p>\n","protected":false},"excerpt":{"rendered":"<p>W \u00a0maju uczniowie klasy III Szko\u0142y Podstawowej im. Kornela Makuszy\u0144skiego, uczestniczyli w kolejnych,\u00a0 ale niestety ostatnich warsztatach malarskich \u2013 z projektu \u201eKreatywna biblioteka\u201d, prowadzonych przez pana Tadeusza Kwazebarta. Dzieci tworzy\u0142y [&hellip;]<\/p>\n","protected":false},"author":1,"featured_media":0,"comment_status":"open","ping_status":"open","sticky":false,"template":"","format":"standard","meta":{"ngg_post_thumbnail":0,"footnotes":""},"categories":[1],"tags":[],"class_list":["post-550","post","type-post","status-publish","format-standard","hentry","category-uncategorized"],"_links":{"self":[{"href":"https:\/\/bibliotekamoscisko.pl\/index.php?rest_route=\/wp\/v2\/posts\/550","targetHints":{"allow":["GET"]}}],"collection":[{"href":"https:\/\/bibliotekamoscisko.pl\/index.php?rest_route=\/wp\/v2\/posts"}],"about":[{"href":"https:\/\/bibliotekamoscisko.pl\/index.php?rest_route=\/wp\/v2\/types\/post"}],"author":[{"embeddable":true,"href":"https:\/\/bibliotekamoscisko.pl\/index.php?rest_route=\/wp\/v2\/users\/1"}],"replies":[{"embeddable":true,"href":"https:\/\/bibliotekamoscisko.pl\/index.php?rest_route=%2Fwp%2Fv2%2Fcomments&post=550"}],"version-history":[{"count":1,"href":"https:\/\/bibliotekamoscisko.pl\/index.php?rest_route=\/wp\/v2\/posts\/550\/revisions"}],"predecessor-version":[{"id":556,"href":"https:\/\/bibliotekamoscisko.pl\/index.php?rest_route=\/wp\/v2\/posts\/550\/revisions\/556"}],"wp:attachment":[{"href":"https:\/\/bibliotekamoscisko.pl\/index.php?rest_route=%2Fwp%2Fv2%2Fmedia&parent=550"}],"wp:term":[{"taxonomy":"category","embeddable":true,"href":"https:\/\/bibliotekamoscisko.pl\/index.php?rest_route=%2Fwp%2Fv2%2Fcategories&post=550"},{"taxonomy":"post_tag","embeddable":true,"href":"https:\/\/bibliotekamoscisko.pl\/index.php?rest_route=%2Fwp%2Fv2%2Ftags&post=550"}],"curies":[{"name":"wp","href":"https:\/\/api.w.org\/{rel}","templated":true}]}}