{"id":5503,"date":"2017-09-14T10:27:28","date_gmt":"2017-09-14T10:27:28","guid":{"rendered":"http:\/\/bibliotekamoscisko.pl\/?p=5503"},"modified":"2017-09-14T10:48:48","modified_gmt":"2017-09-14T10:48:48","slug":"punkt-biblioteczny-w-mysliszowie","status":"publish","type":"post","link":"https:\/\/bibliotekamoscisko.pl\/?p=5503","title":{"rendered":"Punkt biblioteczny w My\u015bliszowie"},"content":{"rendered":"<h3>13 wrze\u015bnia Biblioteka Publiczna Gminy Dzier\u017coni\u00f3w im. W\u0142adys\u0142awa Reymonta otworzy\u0142a punkt biblioteczny w My\u015bliszowie. W salce wiejskiej pojawi\u0142a si\u0119 Joanna Pestkowska, kt\u00f3ra na co dzie\u0144 jest bibliotekarzem w Owie\u015bnie. Raz w miesi\u0105cu mieszka\u0144cy My\u015bliszowa b\u0119d\u0105 mogli skorzysta\u0107 z dowiezionych przez ni\u0105 zbior\u00f3w, wymieni\u0107 ksi\u0105\u017cki, zapisa\u0107 si\u0119 do biblioteki i skorzysta\u0107 z fachowej porady.<\/h3>\n<h3 style=\"text-align: center;\">Zapraszamy serdecznie do korzystania z tej ciekawej opcji kontaktu z literatur\u0105!<\/h3>\n<h3>Dodatkowe informacje mo\u017cna uzyska\u0107 dzwoni\u0105c po numer 74\u00a0837 58 06 lub 605847974.<\/h3>\n<div id='gallery-1' class='gallery galleryid-5503 gallery-columns-3 gallery-size-thumbnail'><figure class='gallery-item'>\n\t\t\t<div class='gallery-icon portrait'>\n\t\t\t\t<a href='https:\/\/bibliotekamoscisko.pl\/?attachment_id=5504'><img decoding=\"async\" width=\"150\" height=\"150\" src=\"https:\/\/bibliotekamoscisko.pl\/wp-content\/uploads\/2017\/09\/My\u015blisz\u00f3w1-150x150.jpg\" class=\"attachment-thumbnail size-thumbnail\" alt=\"\" srcset=\"https:\/\/bibliotekamoscisko.pl\/wp-content\/uploads\/2017\/09\/My\u015blisz\u00f3w1-150x150.jpg 150w, https:\/\/bibliotekamoscisko.pl\/wp-content\/uploads\/2017\/09\/My\u015blisz\u00f3w1-1x1.jpg 1w\" sizes=\"(max-width: 150px) 100vw, 150px\" \/><\/a>\n\t\t\t<\/div><\/figure><figure class='gallery-item'>\n\t\t\t<div class='gallery-icon portrait'>\n\t\t\t\t<a href='https:\/\/bibliotekamoscisko.pl\/?attachment_id=5505'><img decoding=\"async\" width=\"150\" height=\"150\" src=\"https:\/\/bibliotekamoscisko.pl\/wp-content\/uploads\/2017\/09\/My\u015blisz\u00f3w2-150x150.jpg\" class=\"attachment-thumbnail size-thumbnail\" alt=\"\" srcset=\"https:\/\/bibliotekamoscisko.pl\/wp-content\/uploads\/2017\/09\/My\u015blisz\u00f3w2-150x150.jpg 150w, https:\/\/bibliotekamoscisko.pl\/wp-content\/uploads\/2017\/09\/My\u015blisz\u00f3w2-1x1.jpg 1w\" sizes=\"(max-width: 150px) 100vw, 150px\" \/><\/a>\n\t\t\t<\/div><\/figure><figure class='gallery-item'>\n\t\t\t<div class='gallery-icon portrait'>\n\t\t\t\t<a href='https:\/\/bibliotekamoscisko.pl\/?attachment_id=5506'><img decoding=\"async\" width=\"150\" height=\"150\" src=\"https:\/\/bibliotekamoscisko.pl\/wp-content\/uploads\/2017\/09\/My\u015blisz\u00f3w3-150x150.jpg\" class=\"attachment-thumbnail size-thumbnail\" alt=\"\" srcset=\"https:\/\/bibliotekamoscisko.pl\/wp-content\/uploads\/2017\/09\/My\u015blisz\u00f3w3-150x150.jpg 150w, https:\/\/bibliotekamoscisko.pl\/wp-content\/uploads\/2017\/09\/My\u015blisz\u00f3w3-1x1.jpg 1w\" sizes=\"(max-width: 150px) 100vw, 150px\" \/><\/a>\n\t\t\t<\/div><\/figure>\n\t\t<\/div>\n\n<h6>zdj\u0119cia:\u00a0https:\/\/www.facebook.com\/My%C5%9Blisz%C3%B3w-1809092182703638\/<\/h6>\n<p>&nbsp;<\/p>\n","protected":false},"excerpt":{"rendered":"<p>13 wrze\u015bnia Biblioteka Publiczna Gminy Dzier\u017coni\u00f3w im. W\u0142adys\u0142awa Reymonta otworzy\u0142a punkt biblioteczny w My\u015bliszowie. W salce wiejskiej pojawi\u0142a si\u0119 Joanna Pestkowska, kt\u00f3ra na co dzie\u0144 jest bibliotekarzem w Owie\u015bnie. Raz [&hellip;]<\/p>\n","protected":false},"author":1,"featured_media":0,"comment_status":"closed","ping_status":"open","sticky":false,"template":"","format":"standard","meta":{"ngg_post_thumbnail":0,"footnotes":""},"categories":[1],"tags":[],"class_list":["post-5503","post","type-post","status-publish","format-standard","hentry","category-uncategorized"],"_links":{"self":[{"href":"https:\/\/bibliotekamoscisko.pl\/index.php?rest_route=\/wp\/v2\/posts\/5503","targetHints":{"allow":["GET"]}}],"collection":[{"href":"https:\/\/bibliotekamoscisko.pl\/index.php?rest_route=\/wp\/v2\/posts"}],"about":[{"href":"https:\/\/bibliotekamoscisko.pl\/index.php?rest_route=\/wp\/v2\/types\/post"}],"author":[{"embeddable":true,"href":"https:\/\/bibliotekamoscisko.pl\/index.php?rest_route=\/wp\/v2\/users\/1"}],"replies":[{"embeddable":true,"href":"https:\/\/bibliotekamoscisko.pl\/index.php?rest_route=%2Fwp%2Fv2%2Fcomments&post=5503"}],"version-history":[{"count":3,"href":"https:\/\/bibliotekamoscisko.pl\/index.php?rest_route=\/wp\/v2\/posts\/5503\/revisions"}],"predecessor-version":[{"id":5509,"href":"https:\/\/bibliotekamoscisko.pl\/index.php?rest_route=\/wp\/v2\/posts\/5503\/revisions\/5509"}],"wp:attachment":[{"href":"https:\/\/bibliotekamoscisko.pl\/index.php?rest_route=%2Fwp%2Fv2%2Fmedia&parent=5503"}],"wp:term":[{"taxonomy":"category","embeddable":true,"href":"https:\/\/bibliotekamoscisko.pl\/index.php?rest_route=%2Fwp%2Fv2%2Fcategories&post=5503"},{"taxonomy":"post_tag","embeddable":true,"href":"https:\/\/bibliotekamoscisko.pl\/index.php?rest_route=%2Fwp%2Fv2%2Ftags&post=5503"}],"curies":[{"name":"wp","href":"https:\/\/api.w.org\/{rel}","templated":true}]}}