{"id":559,"date":"2014-06-04T08:28:45","date_gmt":"2014-06-04T08:28:45","guid":{"rendered":"http:\/\/bibliotekamoscisko.pl\/?p=559"},"modified":"2014-06-04T08:28:45","modified_gmt":"2014-06-04T08:28:45","slug":"mlodzi-obywatele-docenili-wolnosc","status":"publish","type":"post","link":"https:\/\/bibliotekamoscisko.pl\/?p=559","title":{"rendered":"M\u0142odzi obywatele docenili wolno\u015b\u0107"},"content":{"rendered":"<div style=\"color: #000000;\">Z okazji rocznicy odzyskania wolno\u015bci naszego pa\u0144stwa 2 czerwca w Bibliotece w Ostroszowicach<\/div>\n<div style=\"color: #000000;\">odby\u0142a si\u0119 projekcja fimu dokumentalnego pt. &#8222;Punkt oparcia&#8221; w re\u017c. Anny Ferens. Film ten otrzymali\u015bmy w pakiecie promuj\u0105cym P\u00f3\u0142k\u0119 wolno\u015bci, kt\u00f3ra powsta\u0142a w bibliotece.<\/div>\n<div style=\"color: #000000;\">&#8222;Punkt oparcia&#8221; pokazuje walk\u0119 z re\u017cimem komunistycznym w latach 80. z perspektywy Wschodu i Zachodu, a szczeg\u00f3lnie zaanga\u017cowanie Parlamentu Europejskiego w obron\u0119 praw cz\u0142owieka w pa\u0144stwach bloku sowieckiego i wsparcie opozycji demokratycznej, kt\u00f3re poprzedza\u0142o wydarzenia prze\u0142omowego roku 1989 oraz proces integracji obydwu cz\u0119\u015bci Europy, od lat 90. XX w. do dzi\u015b. Dokument powsta\u0142 przy udziale Stowarzyszenia Maj 77, Narodowego Centrum Kultury oraz Europejskiej Sieci Pami\u0119\u0107 i Solidarno\u015b\u0107.<\/div>\n<div style=\"color: #000000;\">M\u0142odzie\u017c ogl\u0105daj\u0105ca ten obraz okre\u015bli\u0142a, \u017ce warto zna\u0107 histori\u0119 swojego narodu oraz, \u017ce dopiero teraz odczuwaj\u0105 dramat niesprawiedliwo\u015bci, restrykcje w\u0142adz wobec obywateli i prze\u017cy\u0107 wstrz\u0105saj\u0105ce sytuacje.z lat osiemdziesi\u0105tych.<\/div>\n<div style=\"color: #000000;\">Dzi\u0119ki temu filmowi m\u0142odzi ludzie mieli mo\u017cliwo\u015b\u0107 por\u00f3wnania jakie priorytety przy\u015bwieca\u0142y ludziom w tamtych czasach i jak d\u0142uga by\u0142a droga do wolno\u015bci.<\/div>\n<div style=\"color: #000000;\">\n\n<\/div>\n<div style=\"color: #000000;\"><\/div>\n<div style=\"color: #000000;\">Maria Kirkiewicz<\/div>\n<div style=\"color: #000000;\"><a href=\"http:\/\/bibliotekamoscisko.pl\/wp-content\/uploads\/2014\/06\/Pami\u0119\u0107-i-solodarno\u015b\u0107-logo.jpg\"><img decoding=\"async\" class=\"aligncenter size-medium wp-image-564\" src=\"http:\/\/bibliotekamoscisko.pl\/wp-content\/uploads\/2014\/06\/Pami\u0119\u0107-i-solodarno\u015b\u0107-logo-300x60.jpg\" alt=\"Pami\u0119\u0107 i solodarno\u015b\u0107 logo\" width=\"300\" height=\"60\" \/><\/a><\/div>\n","protected":false},"excerpt":{"rendered":"<p>Z okazji rocznicy odzyskania wolno\u015bci naszego pa\u0144stwa 2 czerwca w Bibliotece w Ostroszowicach odby\u0142a si\u0119 projekcja fimu dokumentalnego pt. &#8222;Punkt oparcia&#8221; w re\u017c. Anny Ferens. Film ten otrzymali\u015bmy w pakiecie [&hellip;]<\/p>\n","protected":false},"author":1,"featured_media":0,"comment_status":"open","ping_status":"open","sticky":false,"template":"","format":"standard","meta":{"ngg_post_thumbnail":0,"footnotes":""},"categories":[1],"tags":[],"class_list":["post-559","post","type-post","status-publish","format-standard","hentry","category-uncategorized"],"_links":{"self":[{"href":"https:\/\/bibliotekamoscisko.pl\/index.php?rest_route=\/wp\/v2\/posts\/559","targetHints":{"allow":["GET"]}}],"collection":[{"href":"https:\/\/bibliotekamoscisko.pl\/index.php?rest_route=\/wp\/v2\/posts"}],"about":[{"href":"https:\/\/bibliotekamoscisko.pl\/index.php?rest_route=\/wp\/v2\/types\/post"}],"author":[{"embeddable":true,"href":"https:\/\/bibliotekamoscisko.pl\/index.php?rest_route=\/wp\/v2\/users\/1"}],"replies":[{"embeddable":true,"href":"https:\/\/bibliotekamoscisko.pl\/index.php?rest_route=%2Fwp%2Fv2%2Fcomments&post=559"}],"version-history":[{"count":1,"href":"https:\/\/bibliotekamoscisko.pl\/index.php?rest_route=\/wp\/v2\/posts\/559\/revisions"}],"predecessor-version":[{"id":565,"href":"https:\/\/bibliotekamoscisko.pl\/index.php?rest_route=\/wp\/v2\/posts\/559\/revisions\/565"}],"wp:attachment":[{"href":"https:\/\/bibliotekamoscisko.pl\/index.php?rest_route=%2Fwp%2Fv2%2Fmedia&parent=559"}],"wp:term":[{"taxonomy":"category","embeddable":true,"href":"https:\/\/bibliotekamoscisko.pl\/index.php?rest_route=%2Fwp%2Fv2%2Fcategories&post=559"},{"taxonomy":"post_tag","embeddable":true,"href":"https:\/\/bibliotekamoscisko.pl\/index.php?rest_route=%2Fwp%2Fv2%2Ftags&post=559"}],"curies":[{"name":"wp","href":"https:\/\/api.w.org\/{rel}","templated":true}]}}