{"id":5596,"date":"2017-09-29T10:52:55","date_gmt":"2017-09-29T10:52:55","guid":{"rendered":"http:\/\/bibliotekamoscisko.pl\/?p=5596"},"modified":"2017-09-29T11:07:06","modified_gmt":"2017-09-29T11:07:06","slug":"ii-miejsce-dla-meskiego-zespolu-spiewaczego-cord-z-pilawy-dolnej","status":"publish","type":"post","link":"https:\/\/bibliotekamoscisko.pl\/?p=5596","title":{"rendered":"II miejsce dla M\u0119skiego Zespo\u0142u \u015apiewaczego \u201eCord\u201d z Pi\u0142awy Dolnej"},"content":{"rendered":"<p style=\"text-align: center;\"><strong>XV Spotkania Artystyczne Senior\u00f3w w Mi\u0119dzyzdrojach<\/strong><\/p>\n<p><strong>\u00a0<\/strong>Przedostatni weekend wrze\u015bnia zamieni\u0142 Mi\u0119dzyzdroje w kolorowe i roz\u015bpiewane miejsce. Niemal 600 os\u00f3b z 48 zespo\u0142\u00f3w postanowi\u0142o pokaza\u0107 si\u0119 i za\u015bpiewa\u0107, budz\u0105c rado\u015b\u0107 i zachwyt zgromadzonych s\u0142uchaczy oraz uznanie komisji. Przes\u0142uchania konkursowe przedstawicieli siedmiu wojew\u00f3dztw odbywa\u0142y si\u0119 jednocze\u015bnie w Mi\u0119dzynarodowym Domu Kultury i Amfiteatrze.<\/p>\n<p>Komisja oceniaj\u0105ca zespo\u0142y w Mi\u0119dzynarodowym Domu Kultury w sk\u0142adzie: Dorota B\u0105czyk, Irina Lebiedinskaya, Leszek Rodziewicz, po wys\u0142uchaniu 24 prezentacji artystycznych postanowi\u0142a przyzna\u0107 nast\u0119puj\u0105ce nagrody i wyr\u00f3\u017cnienia:<\/p>\n<p>wyr\u00f3\u017cnienie dla zespo\u0142u \u201eGrodnica\u201d z Goleniowa;<br \/>\nwyr\u00f3\u017cnienie dla zespo\u0142u \u201eDziewczynki jak malinki i rodzynki\u201d z Czerwie\u0144ska;<br \/>\nNagroda Dyrektora Mi\u0119dzynarodowego Domu Kultury w Mi\u0119dzyzdrojach dla najstarszego seniora \u2013uczestnika Spotka\u0144 Artystycznych Senior\u00f3w 2017 pani Janiny Leszczy\u0144skiej ( 91 lat);<br \/>\nNagroda Dyrektora dla zespo\u0142u, kt\u00f3ry bierze udzia\u0142 w SAS od pierwszej edycji co roku &#8211; \u201eU\u015bmiech\u201d z \u0141obza\u00a0;<br \/>\nNagroda Dyrektora dla Miros\u0142awy W\u00f3jcickiej z Kozienic\u00a0;<br \/>\nNagroda Dyrektora dla zespo\u0142u \u201eModry len\u201d z G\u00f3rzyna;<br \/>\nIII miejsce dla zespo\u0142u \u201eDemolo\u201d z Wroc\u0142awia;<br \/>\nIII miejsce dla zespo\u0142u \u015bpiewaczego \u201eEcho\u201d z Ogrodzie\u0144ca;<br \/>\n<strong>II miejsce dla M\u0119skiego Zespo\u0142u \u015apiewaczego \u201eCord\u201d z Pi\u0142awy Dolnej;<br \/>\n<\/strong>II miejsce dla Zespo\u0142u \u201eCantores\u201d z Witnicy;<br \/>\nI miejsce dla Zespo\u0142u \u015apiewaczego \u201eD\u0105browiacy\u201d z Rusinowa;<br \/>\nGrand Prix przyznano Formacji Artystycznej \u201eSze\u015bciopak\u201d z Czerwie\u0144ska.<\/p>\n<p><a href=\"http:\/\/bibliotekamoscisko.pl\/wp-content\/uploads\/2017\/09\/Mi\u0119dzyzdroje-2017.pdf\" target=\"_blank\">PROTOK\u00d3\u0141 KOMISJI<\/a><\/p>\n<p>Gratulacje i wyrazy uznania dla <strong>M\u0119skiego Zespo\u0142u \u015apiewaczego \u201eCord\u201d <\/strong>!!! \u017byczymy powodzenia w przysz\u0142orocznej edycji konkursu.<\/p>\n<p><div id='gallery-1' class='gallery galleryid-5596 gallery-columns-3 gallery-size-thumbnail'><figure class='gallery-item'>\n\t\t\t<div class='gallery-icon landscape'>\n\t\t\t\t<a href='https:\/\/bibliotekamoscisko.pl\/?attachment_id=5600'><img decoding=\"async\" width=\"150\" height=\"150\" src=\"https:\/\/bibliotekamoscisko.pl\/wp-content\/uploads\/2017\/09\/miedzyzdroje3-150x150.jpg\" class=\"attachment-thumbnail size-thumbnail\" alt=\"\" srcset=\"https:\/\/bibliotekamoscisko.pl\/wp-content\/uploads\/2017\/09\/miedzyzdroje3-150x150.jpg 150w, https:\/\/bibliotekamoscisko.pl\/wp-content\/uploads\/2017\/09\/miedzyzdroje3-1x1.jpg 1w\" sizes=\"(max-width: 150px) 100vw, 150px\" \/><\/a>\n\t\t\t<\/div><\/figure><figure class='gallery-item'>\n\t\t\t<div class='gallery-icon landscape'>\n\t\t\t\t<a href='https:\/\/bibliotekamoscisko.pl\/?attachment_id=5598'><img decoding=\"async\" width=\"150\" height=\"150\" src=\"https:\/\/bibliotekamoscisko.pl\/wp-content\/uploads\/2017\/09\/Miedzyzdroje1-150x150.jpg\" class=\"attachment-thumbnail size-thumbnail\" alt=\"\" srcset=\"https:\/\/bibliotekamoscisko.pl\/wp-content\/uploads\/2017\/09\/Miedzyzdroje1-150x150.jpg 150w, https:\/\/bibliotekamoscisko.pl\/wp-content\/uploads\/2017\/09\/Miedzyzdroje1-1x1.jpg 1w\" sizes=\"(max-width: 150px) 100vw, 150px\" \/><\/a>\n\t\t\t<\/div><\/figure><figure class='gallery-item'>\n\t\t\t<div class='gallery-icon landscape'>\n\t\t\t\t<a href='https:\/\/bibliotekamoscisko.pl\/?attachment_id=5599'><img decoding=\"async\" width=\"150\" height=\"150\" src=\"https:\/\/bibliotekamoscisko.pl\/wp-content\/uploads\/2017\/09\/miedzyzdroje2-150x150.jpg\" class=\"attachment-thumbnail size-thumbnail\" alt=\"\" srcset=\"https:\/\/bibliotekamoscisko.pl\/wp-content\/uploads\/2017\/09\/miedzyzdroje2-150x150.jpg 150w, https:\/\/bibliotekamoscisko.pl\/wp-content\/uploads\/2017\/09\/miedzyzdroje2-1x1.jpg 1w\" sizes=\"(max-width: 150px) 100vw, 150px\" \/><\/a>\n\t\t\t<\/div><\/figure>\n\t\t<\/div>\n<br \/>\nZdj\u0119cia ze strony: http:\/\/www.mdkmiedzyzdroje.com\/index.php?site=galeria&amp;id_wiad=2350<\/p>\n<p>galeria zdj\u0119\u0107 &#8211; <a href=\"http:\/\/www.mdkmiedzyzdroje.com\/index.php?site=galeria&amp;id_wiad=2350\" target=\"_blank\">zajrzyj<\/a><\/p>\n<p>&nbsp;<\/p>\n","protected":false},"excerpt":{"rendered":"<p>XV Spotkania Artystyczne Senior\u00f3w w Mi\u0119dzyzdrojach \u00a0Przedostatni weekend wrze\u015bnia zamieni\u0142 Mi\u0119dzyzdroje w kolorowe i roz\u015bpiewane miejsce. Niemal 600 os\u00f3b z 48 zespo\u0142\u00f3w postanowi\u0142o pokaza\u0107 si\u0119 i za\u015bpiewa\u0107, budz\u0105c rado\u015b\u0107 i [&hellip;]<\/p>\n","protected":false},"author":1,"featured_media":0,"comment_status":"closed","ping_status":"open","sticky":false,"template":"","format":"standard","meta":{"ngg_post_thumbnail":0,"footnotes":""},"categories":[1],"tags":[],"class_list":["post-5596","post","type-post","status-publish","format-standard","hentry","category-uncategorized"],"_links":{"self":[{"href":"https:\/\/bibliotekamoscisko.pl\/index.php?rest_route=\/wp\/v2\/posts\/5596","targetHints":{"allow":["GET"]}}],"collection":[{"href":"https:\/\/bibliotekamoscisko.pl\/index.php?rest_route=\/wp\/v2\/posts"}],"about":[{"href":"https:\/\/bibliotekamoscisko.pl\/index.php?rest_route=\/wp\/v2\/types\/post"}],"author":[{"embeddable":true,"href":"https:\/\/bibliotekamoscisko.pl\/index.php?rest_route=\/wp\/v2\/users\/1"}],"replies":[{"embeddable":true,"href":"https:\/\/bibliotekamoscisko.pl\/index.php?rest_route=%2Fwp%2Fv2%2Fcomments&post=5596"}],"version-history":[{"count":2,"href":"https:\/\/bibliotekamoscisko.pl\/index.php?rest_route=\/wp\/v2\/posts\/5596\/revisions"}],"predecessor-version":[{"id":5602,"href":"https:\/\/bibliotekamoscisko.pl\/index.php?rest_route=\/wp\/v2\/posts\/5596\/revisions\/5602"}],"wp:attachment":[{"href":"https:\/\/bibliotekamoscisko.pl\/index.php?rest_route=%2Fwp%2Fv2%2Fmedia&parent=5596"}],"wp:term":[{"taxonomy":"category","embeddable":true,"href":"https:\/\/bibliotekamoscisko.pl\/index.php?rest_route=%2Fwp%2Fv2%2Fcategories&post=5596"},{"taxonomy":"post_tag","embeddable":true,"href":"https:\/\/bibliotekamoscisko.pl\/index.php?rest_route=%2Fwp%2Fv2%2Ftags&post=5596"}],"curies":[{"name":"wp","href":"https:\/\/api.w.org\/{rel}","templated":true}]}}