{"id":572,"date":"2014-06-05T08:46:10","date_gmt":"2014-06-05T08:46:10","guid":{"rendered":"http:\/\/bibliotekamoscisko.pl\/?p=572"},"modified":"2014-06-05T08:46:10","modified_gmt":"2014-06-05T08:46:10","slug":"projekt-ksiazka-iii-zakonczony","status":"publish","type":"post","link":"https:\/\/bibliotekamoscisko.pl\/?p=572","title":{"rendered":"Projekt Ksi\u0105\u017cka III zako\u0144czony"},"content":{"rendered":"<p>31 maja w Bibliotece Publicznej Gminy Dzier\u017coni\u00f3w w Mo\u015bcisku zako\u0144czy\u0142a si\u0119 trzecia edycja zaj\u0119\u0107 literackich Projekt Ksi\u0105\u017cka. Tym razem zaj\u0119cia prowadzone by\u0142y w ramach warsztat\u00f3w Kreatywnej Biblioteki.<\/p>\n<p>&nbsp;<\/p>\n<p>Na sobotnim spotkaniu zaproszeni go\u015bcie mogli pos\u0142ucha\u0107 ksi\u0105\u017cki czytanej na g\u0142os przez autor\u00f3w. Wszystkim, kt\u00f3rym zasch\u0142o w gardle z emocji zaproponowano wypicie specjalnie zaparzonej herbaty o czarodziejskich w\u0142a\u015bciwo\u015bciach.<\/p>\n<div id='gallery-1' class='gallery galleryid-572 gallery-columns-3 gallery-size-thumbnail'><figure class='gallery-item'>\n\t\t\t<div class='gallery-icon portrait'>\n\t\t\t\t<a href='https:\/\/bibliotekamoscisko.pl\/?attachment_id=575'><img decoding=\"async\" width=\"150\" height=\"150\" src=\"https:\/\/bibliotekamoscisko.pl\/wp-content\/uploads\/2014\/06\/PK-1-150x150.jpg\" class=\"attachment-thumbnail size-thumbnail\" alt=\"\" \/><\/a>\n\t\t\t<\/div><\/figure><figure class='gallery-item'>\n\t\t\t<div class='gallery-icon landscape'>\n\t\t\t\t<a href='https:\/\/bibliotekamoscisko.pl\/?attachment_id=578'><img decoding=\"async\" width=\"150\" height=\"150\" src=\"https:\/\/bibliotekamoscisko.pl\/wp-content\/uploads\/2014\/06\/PK4-150x150.jpg\" class=\"attachment-thumbnail size-thumbnail\" alt=\"\" \/><\/a>\n\t\t\t<\/div><\/figure>\n\t\t<\/div>\n\n<p>S\u0142owa maj\u0105 wielk\u0105 moc. M\u0142odzi adepci pi\u00f3ra mogli si\u0119 o tym przekona\u0107 pracuj\u0105c nad \u00a0kolejnym wsp\u00f3lnym tomikiem. Jego stworzenie zaj\u0119\u0142o\u00a0 cztery miesi\u0105ce. Wszystkie decyzje podejmowane by\u0142y wsp\u00f3lnie. Dzi\u0119ki poprzednim realizowanym projektom ksi\u0105\u017ckowym autorzy potrafili prowadzi\u0107 dyskusje i uwzgl\u0119dnia\u0107 pogl\u0105dy innych. To do\u015b\u0107 istotna zaleta poniewa\u017c tym razem wszyscy autorzy podpisali si\u0119 pod ca\u0142o\u015bci\u0105 a nie tylko przy swoim kawa\u0142ku tekstu.<\/p>\n<p>M\u0142ody zesp\u00f3\u0142 postanowi\u0142 napisa\u0107 ksi\u0105\u017ck\u0119 fantastyczn\u0105. Przede wszystkim by\u0142a to jednak dobra zabawa, podczas kt\u00f3rej poznawano tajniki j\u0119zyka polskiego, szlifowano umiej\u0119tno\u015bci pisarskie i \u0107wiczono wyobra\u017ani\u0119. Kto bowiem powiedzia\u0142, \u017ce guzik, szpilka lub torebka herbaty nie mog\u0105 posiada\u0107 czarodziejskich w\u0142a\u015bciwo\u015bci? Przez dziurk\u0119 guzika wida\u0107 inny \u015bwiat, no\u017cyczkami mo\u017cna odci\u0105\u0107 czyj\u015b cie\u0144 a napar z herbaty mo\u017ce spowodowa\u0107 amnezj\u0119.<\/p>\n<p>Zesp\u00f3\u0142 autorski po d\u0142ugich naradach i g\u0142osowaniu zdecydowa\u0142 si\u0119 nada\u0107 ksi\u0105\u017cce tytu\u0142: Czarnoksi\u0119\u017cnik atakuje, kto nasz \u015bwiat uratuje. Horror dzieci.\u201d Mo\u017cna j\u0105 obejrze\u0107, przeczyta\u0107 \u00a0i wypo\u017cyczy\u0107 w bibliotece w Mo\u015bcisku. Czeka Was fantastyczne czytanie.<\/p>\n<p>Zapraszamy ponownie do \u015bwiata naszej wyobra\u017ani!<\/p>\n<p><a href=\"http:\/\/bibliotekamoscisko.pl\/wp-content\/uploads\/2014\/06\/Czarnoksi\u0119\u017cnik-atakuje-kto-nasz-\u015bwiat-uratuje.-Koszmar-dzieci.pdf\">Czarnoksi\u0119\u017cnik atakuje, kto nasz \u015bwiat uratuje. Koszmar dzieci<\/a><\/p>\n<p>Danuta Wi\u015bnewska<\/p>\n","protected":false},"excerpt":{"rendered":"<p>31 maja w Bibliotece Publicznej Gminy Dzier\u017coni\u00f3w w Mo\u015bcisku zako\u0144czy\u0142a si\u0119 trzecia edycja zaj\u0119\u0107 literackich Projekt Ksi\u0105\u017cka. Tym razem zaj\u0119cia prowadzone by\u0142y w ramach warsztat\u00f3w Kreatywnej Biblioteki. &nbsp; Na sobotnim [&hellip;]<\/p>\n","protected":false},"author":1,"featured_media":0,"comment_status":"open","ping_status":"open","sticky":false,"template":"","format":"standard","meta":{"ngg_post_thumbnail":0,"footnotes":""},"categories":[1],"tags":[],"class_list":["post-572","post","type-post","status-publish","format-standard","hentry","category-uncategorized"],"_links":{"self":[{"href":"https:\/\/bibliotekamoscisko.pl\/index.php?rest_route=\/wp\/v2\/posts\/572","targetHints":{"allow":["GET"]}}],"collection":[{"href":"https:\/\/bibliotekamoscisko.pl\/index.php?rest_route=\/wp\/v2\/posts"}],"about":[{"href":"https:\/\/bibliotekamoscisko.pl\/index.php?rest_route=\/wp\/v2\/types\/post"}],"author":[{"embeddable":true,"href":"https:\/\/bibliotekamoscisko.pl\/index.php?rest_route=\/wp\/v2\/users\/1"}],"replies":[{"embeddable":true,"href":"https:\/\/bibliotekamoscisko.pl\/index.php?rest_route=%2Fwp%2Fv2%2Fcomments&post=572"}],"version-history":[{"count":1,"href":"https:\/\/bibliotekamoscisko.pl\/index.php?rest_route=\/wp\/v2\/posts\/572\/revisions"}],"predecessor-version":[{"id":581,"href":"https:\/\/bibliotekamoscisko.pl\/index.php?rest_route=\/wp\/v2\/posts\/572\/revisions\/581"}],"wp:attachment":[{"href":"https:\/\/bibliotekamoscisko.pl\/index.php?rest_route=%2Fwp%2Fv2%2Fmedia&parent=572"}],"wp:term":[{"taxonomy":"category","embeddable":true,"href":"https:\/\/bibliotekamoscisko.pl\/index.php?rest_route=%2Fwp%2Fv2%2Fcategories&post=572"},{"taxonomy":"post_tag","embeddable":true,"href":"https:\/\/bibliotekamoscisko.pl\/index.php?rest_route=%2Fwp%2Fv2%2Ftags&post=572"}],"curies":[{"name":"wp","href":"https:\/\/api.w.org\/{rel}","templated":true}]}}