{"id":5721,"date":"2017-10-26T10:13:11","date_gmt":"2017-10-26T10:13:11","guid":{"rendered":"http:\/\/bibliotekamoscisko.pl\/?p=5721"},"modified":"2017-10-26T10:13:58","modified_gmt":"2017-10-26T10:13:58","slug":"biblioteczna-szkola-mistrzow-reportazu","status":"publish","type":"post","link":"https:\/\/bibliotekamoscisko.pl\/?p=5721","title":{"rendered":"Biblioteczna Szko\u0142a Mistrz\u00f3w Reporta\u017cu"},"content":{"rendered":"<p style=\"text-align: center;\"><strong>Biblioteczna Szko\u0142a Mistrz\u00f3w Reporta\u017cu<\/strong><\/p>\n<p style=\"text-align: center;\"><strong>czyli&#8230;.<\/strong><\/p>\n<p style=\"text-align: center;\"><strong>jak nie przegapi\u0107 z\u0142a, ustali\u0107 kiedy proza reporta\u017cu osi\u0105ga kunszt<\/strong><\/p>\n<p style=\"text-align: center;\"><strong>oraz jak posi\u0105\u015b\u0107 umiej\u0119tno\u015b\u0107 ch\u0142odnej obserwacji, a jednocze\u015bnie by\u0107 empatycznym na przyk\u0142adzie ksi\u0105\u017cki Jacka Antczaka ,,Reporterka. Rozmowy z Hann\u0105 Krall&#8221;<\/strong><\/p>\n<p><a href=\"http:\/\/bibliotekamoscisko.pl\/wp-content\/uploads\/2017\/10\/DSC_0125.jpeg\"><img fetchpriority=\"high\" decoding=\"async\" class=\"aligncenter size-medium wp-image-5722\" src=\"http:\/\/bibliotekamoscisko.pl\/wp-content\/uploads\/2017\/10\/DSC_0125-300x201.jpeg\" alt=\"DSC_0125\" width=\"300\" height=\"201\" srcset=\"https:\/\/bibliotekamoscisko.pl\/wp-content\/uploads\/2017\/10\/DSC_0125-300x201.jpeg 300w, https:\/\/bibliotekamoscisko.pl\/wp-content\/uploads\/2017\/10\/DSC_0125-1x1.jpeg 1w, https:\/\/bibliotekamoscisko.pl\/wp-content\/uploads\/2017\/10\/DSC_0125.jpeg 718w\" sizes=\"(max-width: 300px) 100vw, 300px\" \/><\/a><\/p>\n<p>Paczka Literacka okaza\u0142a si\u0119 absolutnym hitem czytelniczym w Ostroszowicach. Pocz\u0105tkowo my\u015bla\u0142am, \u017ce ksi\u0105\u017cki, kt\u00f3re otrzymali\u015bmy, daleko odbiegaj\u0105 od preferencji czytelnik\u00f3w. Dopiero po dok\u0142adnej analizie tytu\u0142\u00f3w oraz temat\u00f3w zorientowa\u0142am si\u0119, \u017ce jeste\u015bmy w posiadaniu absolutnych pere\u0142ek czytelniczych. Ksi\u0105\u017cki z Paczki Literackiej to wspania\u0142a inspiracja do przeprowadzenia interesuj\u0105cych wydarze\u0144 promuj\u0105cych czytelnictwo. W\u015br\u00f3d otrzymanych ksi\u0105\u017cek znalaz\u0142y si\u0119 dwa audiobooki. Fantastyczne! Jeden z nich 20 pa\u017adziernika omawiali\u015bmy na spotkaniu w Dyskusyjnym Klubie Ksi\u0105\u017cki. ,,Ja urbanator. Awantury muzyka jazzowego&#8221; czytany przez Andrzeja Chyr\u0119 cieszy si\u0119 tak wielkim uznaniem w\u015br\u00f3d czytelnik\u00f3w, \u017ce musieli\u015bmy losowa\u0107 kolejno\u015b\u0107 wypo\u017cycze\u0144. Ponadto ze zdwojon\u0105 si\u0142\u0105 wr\u00f3ci\u0142y dawniejsze zainteresowania muzyk\u0105 jazzow\u0105, wi\u0119c dok\u0142adnie \u015bledzimy teraz co w trawie piszczy i gdzie we Wroc\u0142awiu mo\u017cna pos\u0142ucha\u0107 tej wykwintnej muzyki.<\/p>\n<p>Historia nast\u0119pnej paczkowej ksi\u0105\u017cki pojawi\u0142a si\u0119 w momencie kiedy nauczycielka j\u0119zyka polskiego zwr\u00f3ci\u0142a si\u0119 do mnie z pro\u015bb\u0105 o zorganizowanie w bibliotece spotkania z m\u0142odzie\u017c\u0105 i porozmawia\u0142a z nimi o oryginalnym zawodzie reportera. Od razu pomy\u015bla\u0142am o tym, \u017ce w Paczce Literackiej jest przecie\u017c ksi\u0105\u017cka Jacka Antczaka ,,Reporterka. Rozmowy z Hann\u0105 Krall&#8221;. 25 pa\u017adziernika zaprosi\u0142am do biblioteki m\u0142odzie\u017c, kt\u00f3ra jak si\u0119 okaza\u0142o z zapa\u0142em czerpa\u0142a wiedz\u0119 o sztuce reporta\u017cu i zachwyci\u0142a si\u0119 mistrzyni\u0105 tego gatunku Hann\u0105 Krall.<\/p>\n<p style=\"text-align: center;\"><strong>Temat spotkania: ,,Zaw\u00f3d- Reporter&#8221;<\/strong><\/p>\n<p>Punktem wyj\u015bcia by\u0142a prezentacja ksi\u0105\u017cki, jej bohaterki Hanny Krall oraz autora Jacka Antczaka. Uczestnicy dowiedzieli si\u0119 w jaki spos\u00f3b powsta\u0142a ta opowie\u015b\u0107 w formie wywiad\u00f3w z pisark\u0105 i jakie tematy porusza. Nast\u0119pnie obejrzeli\u015bmy film w kt\u00f3rym znakomita pisarka opowiada o swoich inspiracjach, o milczeniu, bardzo konkretnych zdaniach skierowanych do rozm\u00f3wc\u00f3w, umiej\u0119tno\u015bci ch\u0142odnej obserwacji i jednocze\u015bnie zachowaniu empatii, o tym jak nie przegapi\u0107 z\u0142a, kt\u00f3re w przestrzeni s\u0105siaduje z dobrem i jak nale\u017cy je umiej\u0119tnie wypatrzy\u0107. Wed\u0142ug Hanny Krall reporter jest: ,,<em>po\u015brednikiem mi\u0119dzy tym co si\u0119 wydarzy\u0142o i czytelnikami<\/em>&#8222;. Pisarka m\u00f3wi\u0142a o tym, \u017ce w reporta\u017cu nale\u017cy opowiada\u0107 jak jest w \u017cyciu.<\/p>\n<p>,,<em>Zawsze staram si\u0119, \u017ceby postacie mia\u0142y imi\u0119 i nazwisko<\/em>&#8222;. Celna wskaz\u00f3wka m\u00f3wi\u0105ca o tym \u017ce ,,o narodzie nale\u017cy pisa\u0107 przez pojedyncze losy!&#8221; utkwi\u0142a m\u0142odym s\u0142uchaczom w pami\u0119ci. M\u0142odzie\u017c z uwag\u0105 i zaanga\u017cowaniem podesz\u0142a do literackiego spotkania w bibliotece. Dzi\u0119ki Paczce Literackiej otrzyma\u0142a w prezencie nie tylko \u015bwietn\u0105 ksi\u0105\u017ck\u0119 , ale przede wszystkim dowiedzia\u0142a si\u0119, \u017ce napisanie dobrego reporta\u017cu poprzedza zdobywanie gruntownej wiedzy literackiej, spryt pisarza, obiektywizm, empatia, umiej\u0119tno\u015b\u0107 analizowania rzeczywisto\u015bci. Swoje fascynacje reporta\u017cem i zawodem reportera uczestnicy przenie\u015bli na wizualizacj\u0119 cech dobrego reportera. Wzoruj\u0105c si\u0119 oczywi\u015bcie na mistrzyni Hannie Krall.<\/p>\n<div id='gallery-1' class='gallery galleryid-5721 gallery-columns-3 gallery-size-thumbnail'><figure class='gallery-item'>\n\t\t\t<div class='gallery-icon landscape'>\n\t\t\t\t<a href='https:\/\/bibliotekamoscisko.pl\/?attachment_id=5723'><img decoding=\"async\" width=\"150\" height=\"150\" src=\"https:\/\/bibliotekamoscisko.pl\/wp-content\/uploads\/2017\/10\/DSC_0129-150x150.jpeg\" class=\"attachment-thumbnail size-thumbnail\" alt=\"\" srcset=\"https:\/\/bibliotekamoscisko.pl\/wp-content\/uploads\/2017\/10\/DSC_0129-150x150.jpeg 150w, https:\/\/bibliotekamoscisko.pl\/wp-content\/uploads\/2017\/10\/DSC_0129-1x1.jpeg 1w\" sizes=\"(max-width: 150px) 100vw, 150px\" \/><\/a>\n\t\t\t<\/div><\/figure><figure class='gallery-item'>\n\t\t\t<div class='gallery-icon landscape'>\n\t\t\t\t<a href='https:\/\/bibliotekamoscisko.pl\/?attachment_id=5724'><img decoding=\"async\" width=\"150\" height=\"150\" src=\"https:\/\/bibliotekamoscisko.pl\/wp-content\/uploads\/2017\/10\/DSC_0134-150x150.jpeg\" class=\"attachment-thumbnail size-thumbnail\" alt=\"\" srcset=\"https:\/\/bibliotekamoscisko.pl\/wp-content\/uploads\/2017\/10\/DSC_0134-150x150.jpeg 150w, https:\/\/bibliotekamoscisko.pl\/wp-content\/uploads\/2017\/10\/DSC_0134-1x1.jpeg 1w\" sizes=\"(max-width: 150px) 100vw, 150px\" \/><\/a>\n\t\t\t<\/div><\/figure><figure class='gallery-item'>\n\t\t\t<div class='gallery-icon landscape'>\n\t\t\t\t<a href='https:\/\/bibliotekamoscisko.pl\/?attachment_id=5725'><img loading=\"lazy\" decoding=\"async\" width=\"150\" height=\"150\" src=\"https:\/\/bibliotekamoscisko.pl\/wp-content\/uploads\/2017\/10\/DSC_0136-150x150.jpeg\" class=\"attachment-thumbnail size-thumbnail\" alt=\"\" srcset=\"https:\/\/bibliotekamoscisko.pl\/wp-content\/uploads\/2017\/10\/DSC_0136-150x150.jpeg 150w, https:\/\/bibliotekamoscisko.pl\/wp-content\/uploads\/2017\/10\/DSC_0136-1x1.jpeg 1w\" sizes=\"(max-width: 150px) 100vw, 150px\" \/><\/a>\n\t\t\t<\/div><\/figure><figure class='gallery-item'>\n\t\t\t<div class='gallery-icon landscape'>\n\t\t\t\t<a href='https:\/\/bibliotekamoscisko.pl\/?attachment_id=5726'><img loading=\"lazy\" decoding=\"async\" width=\"150\" height=\"150\" src=\"https:\/\/bibliotekamoscisko.pl\/wp-content\/uploads\/2017\/10\/DSC_0137-150x150.jpeg\" class=\"attachment-thumbnail size-thumbnail\" alt=\"\" srcset=\"https:\/\/bibliotekamoscisko.pl\/wp-content\/uploads\/2017\/10\/DSC_0137-150x150.jpeg 150w, https:\/\/bibliotekamoscisko.pl\/wp-content\/uploads\/2017\/10\/DSC_0137-1x1.jpeg 1w\" sizes=\"(max-width: 150px) 100vw, 150px\" \/><\/a>\n\t\t\t<\/div><\/figure><figure class='gallery-item'>\n\t\t\t<div class='gallery-icon landscape'>\n\t\t\t\t<a href='https:\/\/bibliotekamoscisko.pl\/?attachment_id=5727'><img loading=\"lazy\" decoding=\"async\" width=\"150\" height=\"150\" src=\"https:\/\/bibliotekamoscisko.pl\/wp-content\/uploads\/2017\/10\/DSC_0142-150x150.jpeg\" class=\"attachment-thumbnail size-thumbnail\" alt=\"\" srcset=\"https:\/\/bibliotekamoscisko.pl\/wp-content\/uploads\/2017\/10\/DSC_0142-150x150.jpeg 150w, https:\/\/bibliotekamoscisko.pl\/wp-content\/uploads\/2017\/10\/DSC_0142-1x1.jpeg 1w\" sizes=\"(max-width: 150px) 100vw, 150px\" \/><\/a>\n\t\t\t<\/div><\/figure><figure class='gallery-item'>\n\t\t\t<div class='gallery-icon landscape'>\n\t\t\t\t<a href='https:\/\/bibliotekamoscisko.pl\/?attachment_id=5728'><img loading=\"lazy\" decoding=\"async\" width=\"150\" height=\"150\" src=\"https:\/\/bibliotekamoscisko.pl\/wp-content\/uploads\/2017\/10\/DSC_0146-150x150.jpeg\" class=\"attachment-thumbnail size-thumbnail\" alt=\"\" srcset=\"https:\/\/bibliotekamoscisko.pl\/wp-content\/uploads\/2017\/10\/DSC_0146-150x150.jpeg 150w, https:\/\/bibliotekamoscisko.pl\/wp-content\/uploads\/2017\/10\/DSC_0146-1x1.jpeg 1w\" sizes=\"(max-width: 150px) 100vw, 150px\" \/><\/a>\n\t\t\t<\/div><\/figure><figure class='gallery-item'>\n\t\t\t<div class='gallery-icon landscape'>\n\t\t\t\t<a href='https:\/\/bibliotekamoscisko.pl\/?attachment_id=5729'><img loading=\"lazy\" decoding=\"async\" width=\"150\" height=\"150\" src=\"https:\/\/bibliotekamoscisko.pl\/wp-content\/uploads\/2017\/10\/DSC_0160-150x150.jpeg\" class=\"attachment-thumbnail size-thumbnail\" alt=\"\" srcset=\"https:\/\/bibliotekamoscisko.pl\/wp-content\/uploads\/2017\/10\/DSC_0160-150x150.jpeg 150w, https:\/\/bibliotekamoscisko.pl\/wp-content\/uploads\/2017\/10\/DSC_0160-1x1.jpeg 1w\" sizes=\"(max-width: 150px) 100vw, 150px\" \/><\/a>\n\t\t\t<\/div><\/figure>\n\t\t<\/div>\n\n<p>To by\u0142o bardzo satysfakcjonuj\u0105ce spotkanie. Szko\u0142\u0119 Dobrego Reporta\u017cu w bibliotece rozpoczynamy bardzo pozytywnie!<\/p>\n<p>Maria Kirkiewicz<\/p>\n<p>&nbsp;<\/p>\n","protected":false},"excerpt":{"rendered":"<p>Biblioteczna Szko\u0142a Mistrz\u00f3w Reporta\u017cu czyli&#8230;. jak nie przegapi\u0107 z\u0142a, ustali\u0107 kiedy proza reporta\u017cu osi\u0105ga kunszt oraz jak posi\u0105\u015b\u0107 umiej\u0119tno\u015b\u0107 ch\u0142odnej obserwacji, a jednocze\u015bnie by\u0107 empatycznym na przyk\u0142adzie ksi\u0105\u017cki Jacka Antczaka [&hellip;]<\/p>\n","protected":false},"author":1,"featured_media":0,"comment_status":"closed","ping_status":"open","sticky":false,"template":"","format":"standard","meta":{"ngg_post_thumbnail":0,"footnotes":""},"categories":[1],"tags":[],"class_list":["post-5721","post","type-post","status-publish","format-standard","hentry","category-uncategorized"],"_links":{"self":[{"href":"https:\/\/bibliotekamoscisko.pl\/index.php?rest_route=\/wp\/v2\/posts\/5721","targetHints":{"allow":["GET"]}}],"collection":[{"href":"https:\/\/bibliotekamoscisko.pl\/index.php?rest_route=\/wp\/v2\/posts"}],"about":[{"href":"https:\/\/bibliotekamoscisko.pl\/index.php?rest_route=\/wp\/v2\/types\/post"}],"author":[{"embeddable":true,"href":"https:\/\/bibliotekamoscisko.pl\/index.php?rest_route=\/wp\/v2\/users\/1"}],"replies":[{"embeddable":true,"href":"https:\/\/bibliotekamoscisko.pl\/index.php?rest_route=%2Fwp%2Fv2%2Fcomments&post=5721"}],"version-history":[{"count":2,"href":"https:\/\/bibliotekamoscisko.pl\/index.php?rest_route=\/wp\/v2\/posts\/5721\/revisions"}],"predecessor-version":[{"id":5731,"href":"https:\/\/bibliotekamoscisko.pl\/index.php?rest_route=\/wp\/v2\/posts\/5721\/revisions\/5731"}],"wp:attachment":[{"href":"https:\/\/bibliotekamoscisko.pl\/index.php?rest_route=%2Fwp%2Fv2%2Fmedia&parent=5721"}],"wp:term":[{"taxonomy":"category","embeddable":true,"href":"https:\/\/bibliotekamoscisko.pl\/index.php?rest_route=%2Fwp%2Fv2%2Fcategories&post=5721"},{"taxonomy":"post_tag","embeddable":true,"href":"https:\/\/bibliotekamoscisko.pl\/index.php?rest_route=%2Fwp%2Fv2%2Ftags&post=5721"}],"curies":[{"name":"wp","href":"https:\/\/api.w.org\/{rel}","templated":true}]}}