{"id":5794,"date":"2017-11-08T14:41:19","date_gmt":"2017-11-08T14:41:19","guid":{"rendered":"http:\/\/bibliotekamoscisko.pl\/?p=5794"},"modified":"2017-11-08T14:41:19","modified_gmt":"2017-11-08T14:41:19","slug":"powroty-do-korzeni-niepodleglosci","status":"publish","type":"post","link":"https:\/\/bibliotekamoscisko.pl\/?p=5794","title":{"rendered":"Powroty do korzeni niepodleg\u0142o\u015bci"},"content":{"rendered":"<p>Paczka Literacka w bibliotece to swoisty skarbiec, dzi\u0119ki kt\u00f3remu mo\u017cna wybra\u0107 si\u0119 w r\u00f3\u017cne zakamarki wiedzy. Rocznica Odzyskania Niepodleg\u0142o\u015bci <a href=\"http:\/\/bibliotekamoscisko.pl\/wp-content\/uploads\/2017\/11\/DSC_0445.jpeg\"><img decoding=\"async\" class=\"alignright size-thumbnail wp-image-5799\" src=\"http:\/\/bibliotekamoscisko.pl\/wp-content\/uploads\/2017\/11\/DSC_0445-150x150.jpeg\" alt=\"DSC_0445\" width=\"150\" height=\"150\" srcset=\"https:\/\/bibliotekamoscisko.pl\/wp-content\/uploads\/2017\/11\/DSC_0445-150x150.jpeg 150w, https:\/\/bibliotekamoscisko.pl\/wp-content\/uploads\/2017\/11\/DSC_0445-1x1.jpeg 1w\" sizes=\"(max-width: 150px) 100vw, 150px\" \/><\/a>obchodzona ju\u017c 99. raz to wspania\u0142a okazja, aby porozmawia\u0107 z m\u0142odzie\u017c\u0105 o J\u00f3zefie Pi\u0142sudskim, jego \u017cyciu i miejscach, kt\u00f3re sobie bardzo upodoba\u0142. Dzi\u0119ki ksi\u0105\u017cce W\u0142odzimierza Kalickiego ,,Powr\u00f3t do Sulej\u00f3wka&#8221; uczniowie klas pi\u0105tej i sz\u00f3stej z ZSP w Ostroszowicach mogli uda\u0107 si\u0119 w historyczn\u0105 podr\u00f3\u017c w czasie. 6 listopada w bibliotece powia\u0142o wiatrem przesz\u0142o\u015bci. Wspaniale wydana ksi\u0105\u017cka W\u0142odzimierza Kalickiego, bogata w fotografie i szczeg\u00f3\u0142y z \u017cycia Marsza\u0142ka, opowiada o Pi\u0142sudskim jako prostym, wspania\u0142ym cz\u0142owieku, kt\u00f3ry nade wszystko umi\u0142owa\u0142 Ojczyzn\u0119 ,rodzin\u0119 i ukochany Sulej\u00f3wek. \u00a0Anegdoty z \u017cycia Marsza\u0142ka, ciekawostki ze spotka\u0144 z ambasadorami pa\u0144stw w Sulej\u00f3wku, czy mi\u0142o\u015b\u0107 Pi\u0142sudskiego do przyrody, Kasztanki i c\u00f3rek, bardzo interesowa\u0142y m\u0142odych s\u0142uchaczy. Niesamowitym momentem podczas spotkania by\u0142o wys\u0142uchanie przem\u00f3wienia radiowego J\u00f3zefa Pi\u0142sudskiego z 1924 roku oraz przegl\u0105danie gazet z czas\u00f3w historycznych. Nasz powr\u00f3t do Sulej\u00f3wka, dzi\u0119ki opowiadaniom nauczyciela historii Janusza G\u0142oda to dopiero pocz\u0105tek dalszych podr\u00f3\u017cy w g\u0142\u0105b historii Polski.<\/p>\n<p>Uroczystym od\u015bpiewaniem hymnu\u00a0\u00a0<em>My Pierwsza Brygada<\/em> z ogromnym wzruszeniem zako\u0144czyli\u015bmy t\u0119 wspania\u0142\u0105 lekcj\u0119 patriotyzmu.<\/p>\n<div id='gallery-1' class='gallery galleryid-5794 gallery-columns-3 gallery-size-thumbnail'><figure class='gallery-item'>\n\t\t\t<div class='gallery-icon landscape'>\n\t\t\t\t<a href='https:\/\/bibliotekamoscisko.pl\/?attachment_id=5801'><img decoding=\"async\" width=\"150\" height=\"150\" src=\"https:\/\/bibliotekamoscisko.pl\/wp-content\/uploads\/2017\/11\/DSC_0460-150x150.jpeg\" class=\"attachment-thumbnail size-thumbnail\" alt=\"\" srcset=\"https:\/\/bibliotekamoscisko.pl\/wp-content\/uploads\/2017\/11\/DSC_0460-150x150.jpeg 150w, https:\/\/bibliotekamoscisko.pl\/wp-content\/uploads\/2017\/11\/DSC_0460-1x1.jpeg 1w\" sizes=\"(max-width: 150px) 100vw, 150px\" \/><\/a>\n\t\t\t<\/div><\/figure><figure class='gallery-item'>\n\t\t\t<div class='gallery-icon landscape'>\n\t\t\t\t<a href='https:\/\/bibliotekamoscisko.pl\/?attachment_id=5800'><img decoding=\"async\" width=\"150\" height=\"150\" src=\"https:\/\/bibliotekamoscisko.pl\/wp-content\/uploads\/2017\/11\/DSC_0448-150x150.jpeg\" class=\"attachment-thumbnail size-thumbnail\" alt=\"\" srcset=\"https:\/\/bibliotekamoscisko.pl\/wp-content\/uploads\/2017\/11\/DSC_0448-150x150.jpeg 150w, https:\/\/bibliotekamoscisko.pl\/wp-content\/uploads\/2017\/11\/DSC_0448-1x1.jpeg 1w\" sizes=\"(max-width: 150px) 100vw, 150px\" \/><\/a>\n\t\t\t<\/div><\/figure><figure class='gallery-item'>\n\t\t\t<div class='gallery-icon landscape'>\n\t\t\t\t<a href='https:\/\/bibliotekamoscisko.pl\/?attachment_id=5798'><img loading=\"lazy\" decoding=\"async\" width=\"150\" height=\"150\" src=\"https:\/\/bibliotekamoscisko.pl\/wp-content\/uploads\/2017\/11\/DSC_0442-150x150.jpeg\" class=\"attachment-thumbnail size-thumbnail\" alt=\"\" srcset=\"https:\/\/bibliotekamoscisko.pl\/wp-content\/uploads\/2017\/11\/DSC_0442-150x150.jpeg 150w, https:\/\/bibliotekamoscisko.pl\/wp-content\/uploads\/2017\/11\/DSC_0442-1x1.jpeg 1w\" sizes=\"(max-width: 150px) 100vw, 150px\" \/><\/a>\n\t\t\t<\/div><\/figure><figure class='gallery-item'>\n\t\t\t<div class='gallery-icon landscape'>\n\t\t\t\t<a href='https:\/\/bibliotekamoscisko.pl\/?attachment_id=5797'><img loading=\"lazy\" decoding=\"async\" width=\"150\" height=\"150\" src=\"https:\/\/bibliotekamoscisko.pl\/wp-content\/uploads\/2017\/11\/DSC_0438-150x150.jpeg\" class=\"attachment-thumbnail size-thumbnail\" alt=\"\" srcset=\"https:\/\/bibliotekamoscisko.pl\/wp-content\/uploads\/2017\/11\/DSC_0438-150x150.jpeg 150w, https:\/\/bibliotekamoscisko.pl\/wp-content\/uploads\/2017\/11\/DSC_0438-1x1.jpeg 1w\" sizes=\"(max-width: 150px) 100vw, 150px\" \/><\/a>\n\t\t\t<\/div><\/figure><figure class='gallery-item'>\n\t\t\t<div class='gallery-icon landscape'>\n\t\t\t\t<a href='https:\/\/bibliotekamoscisko.pl\/?attachment_id=5796'><img loading=\"lazy\" decoding=\"async\" width=\"150\" height=\"150\" src=\"https:\/\/bibliotekamoscisko.pl\/wp-content\/uploads\/2017\/11\/DSC_0402-150x150.jpeg\" class=\"attachment-thumbnail size-thumbnail\" alt=\"\" srcset=\"https:\/\/bibliotekamoscisko.pl\/wp-content\/uploads\/2017\/11\/DSC_0402-150x150.jpeg 150w, https:\/\/bibliotekamoscisko.pl\/wp-content\/uploads\/2017\/11\/DSC_0402-1x1.jpeg 1w\" sizes=\"(max-width: 150px) 100vw, 150px\" \/><\/a>\n\t\t\t<\/div><\/figure><figure class='gallery-item'>\n\t\t\t<div class='gallery-icon landscape'>\n\t\t\t\t<a href='https:\/\/bibliotekamoscisko.pl\/?attachment_id=5795'><img loading=\"lazy\" decoding=\"async\" width=\"150\" height=\"150\" src=\"https:\/\/bibliotekamoscisko.pl\/wp-content\/uploads\/2017\/11\/DSC_0400-150x150.jpeg\" class=\"attachment-thumbnail size-thumbnail\" alt=\"\" srcset=\"https:\/\/bibliotekamoscisko.pl\/wp-content\/uploads\/2017\/11\/DSC_0400-150x150.jpeg 150w, https:\/\/bibliotekamoscisko.pl\/wp-content\/uploads\/2017\/11\/DSC_0400-1x1.jpeg 1w\" sizes=\"(max-width: 150px) 100vw, 150px\" \/><\/a>\n\t\t\t<\/div><\/figure>\n\t\t<\/div>\n\n<p>Maria Kirkiewicz<\/p>\n","protected":false},"excerpt":{"rendered":"<p>Paczka Literacka w bibliotece to swoisty skarbiec, dzi\u0119ki kt\u00f3remu mo\u017cna wybra\u0107 si\u0119 w r\u00f3\u017cne zakamarki wiedzy. Rocznica Odzyskania Niepodleg\u0142o\u015bci obchodzona ju\u017c 99. raz to wspania\u0142a okazja, aby porozmawia\u0107 z m\u0142odzie\u017c\u0105 [&hellip;]<\/p>\n","protected":false},"author":1,"featured_media":0,"comment_status":"closed","ping_status":"open","sticky":false,"template":"","format":"standard","meta":{"ngg_post_thumbnail":0,"footnotes":""},"categories":[1],"tags":[],"class_list":["post-5794","post","type-post","status-publish","format-standard","hentry","category-uncategorized"],"_links":{"self":[{"href":"https:\/\/bibliotekamoscisko.pl\/index.php?rest_route=\/wp\/v2\/posts\/5794","targetHints":{"allow":["GET"]}}],"collection":[{"href":"https:\/\/bibliotekamoscisko.pl\/index.php?rest_route=\/wp\/v2\/posts"}],"about":[{"href":"https:\/\/bibliotekamoscisko.pl\/index.php?rest_route=\/wp\/v2\/types\/post"}],"author":[{"embeddable":true,"href":"https:\/\/bibliotekamoscisko.pl\/index.php?rest_route=\/wp\/v2\/users\/1"}],"replies":[{"embeddable":true,"href":"https:\/\/bibliotekamoscisko.pl\/index.php?rest_route=%2Fwp%2Fv2%2Fcomments&post=5794"}],"version-history":[{"count":1,"href":"https:\/\/bibliotekamoscisko.pl\/index.php?rest_route=\/wp\/v2\/posts\/5794\/revisions"}],"predecessor-version":[{"id":5802,"href":"https:\/\/bibliotekamoscisko.pl\/index.php?rest_route=\/wp\/v2\/posts\/5794\/revisions\/5802"}],"wp:attachment":[{"href":"https:\/\/bibliotekamoscisko.pl\/index.php?rest_route=%2Fwp%2Fv2%2Fmedia&parent=5794"}],"wp:term":[{"taxonomy":"category","embeddable":true,"href":"https:\/\/bibliotekamoscisko.pl\/index.php?rest_route=%2Fwp%2Fv2%2Fcategories&post=5794"},{"taxonomy":"post_tag","embeddable":true,"href":"https:\/\/bibliotekamoscisko.pl\/index.php?rest_route=%2Fwp%2Fv2%2Ftags&post=5794"}],"curies":[{"name":"wp","href":"https:\/\/api.w.org\/{rel}","templated":true}]}}