{"id":5828,"date":"2017-11-24T10:27:45","date_gmt":"2017-11-24T10:27:45","guid":{"rendered":"http:\/\/bibliotekamoscisko.pl\/?p=5828"},"modified":"2017-11-24T11:41:18","modified_gmt":"2017-11-24T11:41:18","slug":"przytulek-pod-psim-aniolem-czyli-pacynki-na-scene","status":"publish","type":"post","link":"https:\/\/bibliotekamoscisko.pl\/?p=5828","title":{"rendered":"Przytu\u0142ek pod Psim Anio\u0142em,\u00a0czyli&#8230; pacynki na scen\u0119!"},"content":{"rendered":"<p>&nbsp;<\/p>\n<p>W dniu 21 listopada Anio\u0142kowa biblioteka w Ostroszowicach zaprosi\u0142a pierwszak\u00f3w z nauczycielk\u0105 El\u017cbiet\u0105 Juziuk-Janick\u0105 na cykliczne spotkanie w ramach <a href=\"http:\/\/bibliotekamoscisko.pl\/wp-content\/uploads\/2017\/11\/IMG_0868.jpeg\"><img decoding=\"async\" class=\"alignright size-thumbnail wp-image-5829\" src=\"http:\/\/bibliotekamoscisko.pl\/wp-content\/uploads\/2017\/11\/IMG_0868-150x150.jpeg\" alt=\"IMG_0868\" width=\"150\" height=\"150\" srcset=\"https:\/\/bibliotekamoscisko.pl\/wp-content\/uploads\/2017\/11\/IMG_0868-150x150.jpeg 150w, https:\/\/bibliotekamoscisko.pl\/wp-content\/uploads\/2017\/11\/IMG_0868-300x300.jpeg 300w, https:\/\/bibliotekamoscisko.pl\/wp-content\/uploads\/2017\/11\/IMG_0868-1x1.jpeg 1w, https:\/\/bibliotekamoscisko.pl\/wp-content\/uploads\/2017\/11\/IMG_0868.jpeg 755w\" sizes=\"(max-width: 150px) 100vw, 150px\" \/><\/a>projektu:\u00a0<em>Artystycznie- kreowanie-wychowanie.<\/em>\u00a0Opowiadanie\u00a0<em>Pod Psim Anio\u0142em<\/em>\u00a0,ze zbioru<em>\u00a0Ba\u015bnie o Anio\u0142ach<\/em>\u00a0Marcina Przewo\u017anika, pomog\u0142o dzieciom zrozumie\u0107 i utrwali\u0107 potrzeb\u0119 pomagania zwierz\u0119tom.<\/p>\n<p>&nbsp;<\/p>\n<p><strong>Ka\u017cdy z nas mo\u017ce by\u0107 Anio\u0142em<\/strong>, to wielkie odkrycie dotycz\u0105ce rozmowy o empatii w relacjach ze zwierz\u0119tami, zach\u0119ci\u0142o dzieci do przygotowania pacynkowego teatrzyku , w kt\u00f3rym dominowa\u0142y zwierz\u0119ta: krowa, kot, myszka, piesek.<\/p>\n<p style=\"text-align: center;\"><em>A czy przytu\u0142ek\u00a0 Pod Psim Anio\u0142em istnieje naprawd\u0119?<\/em><\/p>\n<p style=\"text-align: center;\"><em>Mo\u017ce to tylko bajka, a mo\u017ce nie.<\/em><\/p>\n<p style=\"text-align: center;\"><em>Na wszelki wypadek sprawd\u017acie w Internecie<\/em><\/p>\n<p>zach\u0119ca autor tej wspania\u0142ej ksi\u0105\u017cki o Anio\u0142ach!\u00a0Spotkanie z ksi\u0105\u017ck\u0105\u00a0\u00a0<em>Ba\u015bnie o Anio\u0142ach<\/em>\u00a0wpisuje si\u0119 znacz\u0105co w Biblioteczne Impresje \u015awi\u0105teczne, kt\u00f3re realizowane s\u0105\u00a0 ju\u017c od kilku lat.<\/p>\n<div id='gallery-1' class='gallery galleryid-5828 gallery-columns-3 gallery-size-thumbnail'><figure class='gallery-item'>\n\t\t\t<div class='gallery-icon landscape'>\n\t\t\t\t<a href='https:\/\/bibliotekamoscisko.pl\/?attachment_id=5832'><img decoding=\"async\" width=\"150\" height=\"150\" src=\"https:\/\/bibliotekamoscisko.pl\/wp-content\/uploads\/2017\/11\/IMG_0967-150x150.jpeg\" class=\"attachment-thumbnail size-thumbnail\" alt=\"\" srcset=\"https:\/\/bibliotekamoscisko.pl\/wp-content\/uploads\/2017\/11\/IMG_0967-150x150.jpeg 150w, https:\/\/bibliotekamoscisko.pl\/wp-content\/uploads\/2017\/11\/IMG_0967-1x1.jpeg 1w\" sizes=\"(max-width: 150px) 100vw, 150px\" \/><\/a>\n\t\t\t<\/div><\/figure><figure class='gallery-item'>\n\t\t\t<div class='gallery-icon landscape'>\n\t\t\t\t<a href='https:\/\/bibliotekamoscisko.pl\/?attachment_id=5830'><img decoding=\"async\" width=\"150\" height=\"150\" src=\"https:\/\/bibliotekamoscisko.pl\/wp-content\/uploads\/2017\/11\/IMG_0948-150x150.jpeg\" class=\"attachment-thumbnail size-thumbnail\" alt=\"\" srcset=\"https:\/\/bibliotekamoscisko.pl\/wp-content\/uploads\/2017\/11\/IMG_0948-150x150.jpeg 150w, https:\/\/bibliotekamoscisko.pl\/wp-content\/uploads\/2017\/11\/IMG_0948-300x300.jpeg 300w, https:\/\/bibliotekamoscisko.pl\/wp-content\/uploads\/2017\/11\/IMG_0948-1x1.jpeg 1w, https:\/\/bibliotekamoscisko.pl\/wp-content\/uploads\/2017\/11\/IMG_0948.jpeg 755w\" sizes=\"(max-width: 150px) 100vw, 150px\" \/><\/a>\n\t\t\t<\/div><\/figure><figure class='gallery-item'>\n\t\t\t<div class='gallery-icon landscape'>\n\t\t\t\t<a href='https:\/\/bibliotekamoscisko.pl\/?attachment_id=5831'><img loading=\"lazy\" decoding=\"async\" width=\"150\" height=\"150\" src=\"https:\/\/bibliotekamoscisko.pl\/wp-content\/uploads\/2017\/11\/IMG_0965-150x150.jpeg\" class=\"attachment-thumbnail size-thumbnail\" alt=\"\" srcset=\"https:\/\/bibliotekamoscisko.pl\/wp-content\/uploads\/2017\/11\/IMG_0965-150x150.jpeg 150w, https:\/\/bibliotekamoscisko.pl\/wp-content\/uploads\/2017\/11\/IMG_0965-1x1.jpeg 1w\" sizes=\"(max-width: 150px) 100vw, 150px\" \/><\/a>\n\t\t\t<\/div><\/figure>\n\t\t<\/div>\n\n<p>M.K.<\/p>\n","protected":false},"excerpt":{"rendered":"<p>&nbsp; W dniu 21 listopada Anio\u0142kowa biblioteka w Ostroszowicach zaprosi\u0142a pierwszak\u00f3w z nauczycielk\u0105 El\u017cbiet\u0105 Juziuk-Janick\u0105 na cykliczne spotkanie w ramach projektu:\u00a0Artystycznie- kreowanie-wychowanie.\u00a0Opowiadanie\u00a0Pod Psim Anio\u0142em\u00a0,ze zbioru\u00a0Ba\u015bnie o Anio\u0142ach\u00a0Marcina Przewo\u017anika, pomog\u0142o dzieciom [&hellip;]<\/p>\n","protected":false},"author":1,"featured_media":0,"comment_status":"closed","ping_status":"open","sticky":false,"template":"","format":"standard","meta":{"ngg_post_thumbnail":0,"footnotes":""},"categories":[1],"tags":[],"class_list":["post-5828","post","type-post","status-publish","format-standard","hentry","category-uncategorized"],"_links":{"self":[{"href":"https:\/\/bibliotekamoscisko.pl\/index.php?rest_route=\/wp\/v2\/posts\/5828","targetHints":{"allow":["GET"]}}],"collection":[{"href":"https:\/\/bibliotekamoscisko.pl\/index.php?rest_route=\/wp\/v2\/posts"}],"about":[{"href":"https:\/\/bibliotekamoscisko.pl\/index.php?rest_route=\/wp\/v2\/types\/post"}],"author":[{"embeddable":true,"href":"https:\/\/bibliotekamoscisko.pl\/index.php?rest_route=\/wp\/v2\/users\/1"}],"replies":[{"embeddable":true,"href":"https:\/\/bibliotekamoscisko.pl\/index.php?rest_route=%2Fwp%2Fv2%2Fcomments&post=5828"}],"version-history":[{"count":2,"href":"https:\/\/bibliotekamoscisko.pl\/index.php?rest_route=\/wp\/v2\/posts\/5828\/revisions"}],"predecessor-version":[{"id":5834,"href":"https:\/\/bibliotekamoscisko.pl\/index.php?rest_route=\/wp\/v2\/posts\/5828\/revisions\/5834"}],"wp:attachment":[{"href":"https:\/\/bibliotekamoscisko.pl\/index.php?rest_route=%2Fwp%2Fv2%2Fmedia&parent=5828"}],"wp:term":[{"taxonomy":"category","embeddable":true,"href":"https:\/\/bibliotekamoscisko.pl\/index.php?rest_route=%2Fwp%2Fv2%2Fcategories&post=5828"},{"taxonomy":"post_tag","embeddable":true,"href":"https:\/\/bibliotekamoscisko.pl\/index.php?rest_route=%2Fwp%2Fv2%2Ftags&post=5828"}],"curies":[{"name":"wp","href":"https:\/\/api.w.org\/{rel}","templated":true}]}}