{"id":5857,"date":"2017-12-01T11:35:08","date_gmt":"2017-12-01T11:35:08","guid":{"rendered":"http:\/\/bibliotekamoscisko.pl\/?p=5857"},"modified":"2017-12-01T11:35:08","modified_gmt":"2017-12-01T11:35:08","slug":"bo-brudnych-nie-znosze","status":"publish","type":"post","link":"https:\/\/bibliotekamoscisko.pl\/?p=5857","title":{"rendered":"Bo brudnych nie znosz\u0119&#8230;"},"content":{"rendered":"<p style=\"text-align: center;\"><strong>List do wszystkich dzieci w pewnej bardzo wa\u017cnej sprawie<\/strong><\/p>\n<p style=\"text-align: center;\"><strong>odczytany w dniu 30 listopada w przedszkolu<\/strong><\/p>\n<p style=\"text-align: center;\"><strong>podczas Bibliotecznych Impresji \u015awi\u0105tecznych<\/strong><\/p>\n<p><em>Drogie dzieci! W tym li\u015bciku<\/em><br \/>\n<em>O jedno Was prosz\u0119:<\/em><br \/>\n<em>\u017beby\u015bcie si\u0119 co dzie\u0144 my\u0142y,<\/em><em><br \/>\nBo brudnych nie znosz\u0119&#8230;<\/em><\/p>\n<p>Pe\u0142en humoru i wa\u017cnego przes\u0142ania wiersz Juliana Tuwima bardzo si\u0119 dzieciom spodoba\u0142. By\u0142 to kluczowy punkt wyj\u015bcia podczas spotkania, na kt\u00f3rym dzieci pozna\u0142y proces powstawania myd\u0142a. Ten arcyciekawy pokaz prowadzi\u0142a pani Izabela Gawe\u0142ek. A co maj\u0105 wsp\u00f3lnego Impresje \u015awi\u0105teczne z myd\u0142em? Przede wszystkim jest to znakomita okazja do utrwalenia przez dzieci nawyk\u00f3w higienicznych oraz poznania procesu powstania pachn\u0105cych prezent\u00f3w pod choink\u0119. Trzeba powiedzie\u0107, \u017ce dzieci wspania\u0142e odr\u00f3\u017cnia\u0142y zapachy cynamonu, r\u00f3\u017c, cytryny, pomara\u0144czy i sosny, kt\u00f3re samodzielnie dozowa\u0142y do foremek z myd\u0142ami. \u015awietnie bawi\u0142y si\u0119 tak\u017ce przy muzyce na\u015bladuj\u0105c mycie r\u0105k oraz uczestniczy\u0142y w quizie na temat spotkania. Na zako\u0144czenie wszystkie dzieci otrzyma\u0142y komplety zapachowych myde\u0142ek.<\/p>\n<p>Mycie r\u0105k nie musi by\u0107 nudne. Szczeg\u00f3lnie wtedy, gdy si\u0119 wie, \u017ce myd\u0142o bardzo lubi zabaw\u0119!<\/p>\n<p>Dzi\u0119kuj\u0119my pani Izabeli Gawe\u0142ek Gra\u017cynie Pano\u0144ko oraz dzieciom z Gminnego Przedszkola w Ostroszowicach za udzia\u0142 w\u00a0Bibliotecznych Impresjach \u015awi\u0105tecznych!<\/p>\n<div id='gallery-1' class='gallery galleryid-5857 gallery-columns-3 gallery-size-thumbnail'><figure class='gallery-item'>\n\t\t\t<div class='gallery-icon landscape'>\n\t\t\t\t<a href='https:\/\/bibliotekamoscisko.pl\/?attachment_id=5858'><img decoding=\"async\" width=\"150\" height=\"150\" src=\"https:\/\/bibliotekamoscisko.pl\/wp-content\/uploads\/2017\/12\/DSC_0704-150x150.jpeg\" class=\"attachment-thumbnail size-thumbnail\" alt=\"\" srcset=\"https:\/\/bibliotekamoscisko.pl\/wp-content\/uploads\/2017\/12\/DSC_0704-150x150.jpeg 150w, https:\/\/bibliotekamoscisko.pl\/wp-content\/uploads\/2017\/12\/DSC_0704-1x1.jpeg 1w\" sizes=\"(max-width: 150px) 100vw, 150px\" \/><\/a>\n\t\t\t<\/div><\/figure><figure class='gallery-item'>\n\t\t\t<div class='gallery-icon landscape'>\n\t\t\t\t<a href='https:\/\/bibliotekamoscisko.pl\/?attachment_id=5859'><img decoding=\"async\" width=\"150\" height=\"150\" src=\"https:\/\/bibliotekamoscisko.pl\/wp-content\/uploads\/2017\/12\/DSC_0708-150x150.jpeg\" class=\"attachment-thumbnail size-thumbnail\" alt=\"\" srcset=\"https:\/\/bibliotekamoscisko.pl\/wp-content\/uploads\/2017\/12\/DSC_0708-150x150.jpeg 150w, https:\/\/bibliotekamoscisko.pl\/wp-content\/uploads\/2017\/12\/DSC_0708-1x1.jpeg 1w\" sizes=\"(max-width: 150px) 100vw, 150px\" \/><\/a>\n\t\t\t<\/div><\/figure><figure class='gallery-item'>\n\t\t\t<div class='gallery-icon landscape'>\n\t\t\t\t<a href='https:\/\/bibliotekamoscisko.pl\/?attachment_id=5860'><img decoding=\"async\" width=\"150\" height=\"150\" src=\"https:\/\/bibliotekamoscisko.pl\/wp-content\/uploads\/2017\/12\/DSC_0730-150x150.jpeg\" class=\"attachment-thumbnail size-thumbnail\" alt=\"\" srcset=\"https:\/\/bibliotekamoscisko.pl\/wp-content\/uploads\/2017\/12\/DSC_0730-150x150.jpeg 150w, https:\/\/bibliotekamoscisko.pl\/wp-content\/uploads\/2017\/12\/DSC_0730-1x1.jpeg 1w\" sizes=\"(max-width: 150px) 100vw, 150px\" \/><\/a>\n\t\t\t<\/div><\/figure><figure class='gallery-item'>\n\t\t\t<div class='gallery-icon landscape'>\n\t\t\t\t<a href='https:\/\/bibliotekamoscisko.pl\/?attachment_id=5861'><img loading=\"lazy\" decoding=\"async\" width=\"150\" height=\"150\" src=\"https:\/\/bibliotekamoscisko.pl\/wp-content\/uploads\/2017\/12\/DSC_0734-150x150.jpeg\" class=\"attachment-thumbnail size-thumbnail\" alt=\"\" srcset=\"https:\/\/bibliotekamoscisko.pl\/wp-content\/uploads\/2017\/12\/DSC_0734-150x150.jpeg 150w, https:\/\/bibliotekamoscisko.pl\/wp-content\/uploads\/2017\/12\/DSC_0734-1x1.jpeg 1w\" sizes=\"(max-width: 150px) 100vw, 150px\" \/><\/a>\n\t\t\t<\/div><\/figure><figure class='gallery-item'>\n\t\t\t<div class='gallery-icon landscape'>\n\t\t\t\t<a href='https:\/\/bibliotekamoscisko.pl\/?attachment_id=5862'><img loading=\"lazy\" decoding=\"async\" width=\"150\" height=\"150\" src=\"https:\/\/bibliotekamoscisko.pl\/wp-content\/uploads\/2017\/12\/DSC_0739-150x150.jpeg\" class=\"attachment-thumbnail size-thumbnail\" alt=\"\" srcset=\"https:\/\/bibliotekamoscisko.pl\/wp-content\/uploads\/2017\/12\/DSC_0739-150x150.jpeg 150w, https:\/\/bibliotekamoscisko.pl\/wp-content\/uploads\/2017\/12\/DSC_0739-1x1.jpeg 1w\" sizes=\"(max-width: 150px) 100vw, 150px\" \/><\/a>\n\t\t\t<\/div><\/figure><figure class='gallery-item'>\n\t\t\t<div class='gallery-icon landscape'>\n\t\t\t\t<a href='https:\/\/bibliotekamoscisko.pl\/?attachment_id=5863'><img loading=\"lazy\" decoding=\"async\" width=\"150\" height=\"150\" src=\"https:\/\/bibliotekamoscisko.pl\/wp-content\/uploads\/2017\/12\/DSC_0745-150x150.jpeg\" class=\"attachment-thumbnail size-thumbnail\" alt=\"\" srcset=\"https:\/\/bibliotekamoscisko.pl\/wp-content\/uploads\/2017\/12\/DSC_0745-150x150.jpeg 150w, https:\/\/bibliotekamoscisko.pl\/wp-content\/uploads\/2017\/12\/DSC_0745-1x1.jpeg 1w\" sizes=\"(max-width: 150px) 100vw, 150px\" \/><\/a>\n\t\t\t<\/div><\/figure>\n\t\t<\/div>\n\n<p>M.K.<\/p>\n<p>&nbsp;<\/p>\n","protected":false},"excerpt":{"rendered":"<p>List do wszystkich dzieci w pewnej bardzo wa\u017cnej sprawie odczytany w dniu 30 listopada w przedszkolu podczas Bibliotecznych Impresji \u015awi\u0105tecznych Drogie dzieci! W tym li\u015bciku O jedno Was prosz\u0119: \u017beby\u015bcie [&hellip;]<\/p>\n","protected":false},"author":1,"featured_media":0,"comment_status":"closed","ping_status":"open","sticky":false,"template":"","format":"standard","meta":{"ngg_post_thumbnail":0,"footnotes":""},"categories":[1],"tags":[],"class_list":["post-5857","post","type-post","status-publish","format-standard","hentry","category-uncategorized"],"_links":{"self":[{"href":"https:\/\/bibliotekamoscisko.pl\/index.php?rest_route=\/wp\/v2\/posts\/5857","targetHints":{"allow":["GET"]}}],"collection":[{"href":"https:\/\/bibliotekamoscisko.pl\/index.php?rest_route=\/wp\/v2\/posts"}],"about":[{"href":"https:\/\/bibliotekamoscisko.pl\/index.php?rest_route=\/wp\/v2\/types\/post"}],"author":[{"embeddable":true,"href":"https:\/\/bibliotekamoscisko.pl\/index.php?rest_route=\/wp\/v2\/users\/1"}],"replies":[{"embeddable":true,"href":"https:\/\/bibliotekamoscisko.pl\/index.php?rest_route=%2Fwp%2Fv2%2Fcomments&post=5857"}],"version-history":[{"count":1,"href":"https:\/\/bibliotekamoscisko.pl\/index.php?rest_route=\/wp\/v2\/posts\/5857\/revisions"}],"predecessor-version":[{"id":5864,"href":"https:\/\/bibliotekamoscisko.pl\/index.php?rest_route=\/wp\/v2\/posts\/5857\/revisions\/5864"}],"wp:attachment":[{"href":"https:\/\/bibliotekamoscisko.pl\/index.php?rest_route=%2Fwp%2Fv2%2Fmedia&parent=5857"}],"wp:term":[{"taxonomy":"category","embeddable":true,"href":"https:\/\/bibliotekamoscisko.pl\/index.php?rest_route=%2Fwp%2Fv2%2Fcategories&post=5857"},{"taxonomy":"post_tag","embeddable":true,"href":"https:\/\/bibliotekamoscisko.pl\/index.php?rest_route=%2Fwp%2Fv2%2Ftags&post=5857"}],"curies":[{"name":"wp","href":"https:\/\/api.w.org\/{rel}","templated":true}]}}