{"id":6003,"date":"2018-01-08T13:43:24","date_gmt":"2018-01-08T13:43:24","guid":{"rendered":"http:\/\/bibliotekamoscisko.pl\/?p=6003"},"modified":"2018-01-08T13:43:24","modified_gmt":"2018-01-08T13:43:24","slug":"poczytaj-mi-mamo","status":"publish","type":"post","link":"https:\/\/bibliotekamoscisko.pl\/?p=6003","title":{"rendered":"Poczytaj mi, mamo"},"content":{"rendered":"<p>Pan Malu\u015bkiewicz i\u00a0wieloryb. Nie\u015bmia\u0142y Filemon i\u00a0zrz\u0119dliwy Bonifacy. Z\u0142oty ko\u0144, na kt\u00f3rego niecierpliwie czeka\u0142 pewien ma\u0142y ch\u0142opiec. Zarozumia\u0142a \u0142y\u017ceczka. I\u00a0najbardziej chyba rozpoznawalny znak graficzny w\u00a0historii polskiej literatury dzieci\u0119cej: pomara\u0144czowa rybka, koniczynka, kojarz\u0105cy si\u0119 z\u00a0poczuciem bezpiecze\u0144stwa domek&#8230; Te obrazy nigdy nie opu\u015bci\u0142y naszej wyobra\u017ani. W\u00a0wielu domach nadal z\u00a0ogromnym sentymentem przechowuje si\u0119 pud\u0142o pe\u0142ne kwadratowych ksi\u0105\u017ceczek, na kt\u00f3rych ca\u0142e pokolenie uczy\u0142o si\u0119 czyta\u0107 i\u00a0rysowa\u0107.<\/p>\n<p>Par\u0119 lat temu, przed dziewi\u0119\u0107dziesi\u0105tymi urodzinami \u201eNaszej Ksi\u0119garni\u201d, wydawnictwo postanowi\u0142o wznowi\u0107 najpi\u0119kniejsze wiersze i\u00a0opowiadania z\u00a0serii \u201ePoczytaj mi, mamo\u201d. Dot\u0105d ukaza\u0142o si\u0119 sze\u015b\u0107 tom\u00f3w antologii \u2013 a\u00a0wybrane ilustracje z\u00a0ka\u017cdego z\u00a0nich mo\u017cna od 08.01 ogl\u0105da\u0107 w czytelni Biblioteki Publicznej Gminy Dzier\u017coni\u00f3w im. W\u0142adys\u0142awa Reymonta w Mo\u015bcisku.<\/p>\n<p>Przygotowali\u015bmy t\u0119 wystaw\u0119 zw\u0142aszcza dla najm\u0142odszych czytelnik\u00f3w \u2013 dopiero odkrywaj\u0105cych \u015bwiat, kt\u00f3ry pokochali ich rodzice. Ale zapraszamy wszystkich. Tak\u017ce doros\u0142ych, z\u00a0nostalgi\u0105 wspominaj\u0105cych swoje poczytajki, oddane bratu czy siostrze albo zaginione podczas przeprowadzek. Ka\u017cdy pow\u00f3d jest dobry, aby przypomnie\u0107 sobie dzieci\u0144stwo, kt\u00f3re tak naprawd\u0119 nigdy nas nie opu\u015bci\u0142o. Wymkn\u0119\u0142o si\u0119 tylko na strych, zdrzemn\u0119\u0142o za p\u00f3\u0142k\u0105 z\u00a0ksi\u0105\u017ckami&#8230;<\/p>\n<p>(materia\u0142y prasowe Wydawnictwa NK)<\/p>\n<p><a href=\"http:\/\/bibliotekamoscisko.pl\/wp-content\/uploads\/2018\/01\/Bez-tytu\u0142u.jpg\"><img fetchpriority=\"high\" decoding=\"async\" class=\"aligncenter size-full wp-image-6004\" src=\"http:\/\/bibliotekamoscisko.pl\/wp-content\/uploads\/2018\/01\/Bez-tytu\u0142u.jpg\" alt=\"Bez\u00a0tytu\u0142u\" width=\"520\" height=\"728\" srcset=\"https:\/\/bibliotekamoscisko.pl\/wp-content\/uploads\/2018\/01\/Bez-tytu\u0142u.jpg 520w, https:\/\/bibliotekamoscisko.pl\/wp-content\/uploads\/2018\/01\/Bez-tytu\u0142u-214x300.jpg 214w, https:\/\/bibliotekamoscisko.pl\/wp-content\/uploads\/2018\/01\/Bez-tytu\u0142u-1x1.jpg 1w\" sizes=\"(max-width: 520px) 100vw, 520px\" \/><\/a><\/p>\n<p>&nbsp;<\/p>\n","protected":false},"excerpt":{"rendered":"<p>Pan Malu\u015bkiewicz i\u00a0wieloryb. Nie\u015bmia\u0142y Filemon i\u00a0zrz\u0119dliwy Bonifacy. Z\u0142oty ko\u0144, na kt\u00f3rego niecierpliwie czeka\u0142 pewien ma\u0142y ch\u0142opiec. Zarozumia\u0142a \u0142y\u017ceczka. I\u00a0najbardziej chyba rozpoznawalny znak graficzny w\u00a0historii polskiej literatury dzieci\u0119cej: pomara\u0144czowa rybka, koniczynka, [&hellip;]<\/p>\n","protected":false},"author":1,"featured_media":0,"comment_status":"closed","ping_status":"open","sticky":false,"template":"","format":"standard","meta":{"ngg_post_thumbnail":0,"footnotes":""},"categories":[1],"tags":[],"class_list":["post-6003","post","type-post","status-publish","format-standard","hentry","category-uncategorized"],"_links":{"self":[{"href":"https:\/\/bibliotekamoscisko.pl\/index.php?rest_route=\/wp\/v2\/posts\/6003","targetHints":{"allow":["GET"]}}],"collection":[{"href":"https:\/\/bibliotekamoscisko.pl\/index.php?rest_route=\/wp\/v2\/posts"}],"about":[{"href":"https:\/\/bibliotekamoscisko.pl\/index.php?rest_route=\/wp\/v2\/types\/post"}],"author":[{"embeddable":true,"href":"https:\/\/bibliotekamoscisko.pl\/index.php?rest_route=\/wp\/v2\/users\/1"}],"replies":[{"embeddable":true,"href":"https:\/\/bibliotekamoscisko.pl\/index.php?rest_route=%2Fwp%2Fv2%2Fcomments&post=6003"}],"version-history":[{"count":1,"href":"https:\/\/bibliotekamoscisko.pl\/index.php?rest_route=\/wp\/v2\/posts\/6003\/revisions"}],"predecessor-version":[{"id":6005,"href":"https:\/\/bibliotekamoscisko.pl\/index.php?rest_route=\/wp\/v2\/posts\/6003\/revisions\/6005"}],"wp:attachment":[{"href":"https:\/\/bibliotekamoscisko.pl\/index.php?rest_route=%2Fwp%2Fv2%2Fmedia&parent=6003"}],"wp:term":[{"taxonomy":"category","embeddable":true,"href":"https:\/\/bibliotekamoscisko.pl\/index.php?rest_route=%2Fwp%2Fv2%2Fcategories&post=6003"},{"taxonomy":"post_tag","embeddable":true,"href":"https:\/\/bibliotekamoscisko.pl\/index.php?rest_route=%2Fwp%2Fv2%2Ftags&post=6003"}],"curies":[{"name":"wp","href":"https:\/\/api.w.org\/{rel}","templated":true}]}}