{"id":615,"date":"2014-06-17T08:50:07","date_gmt":"2014-06-17T08:50:07","guid":{"rendered":"http:\/\/bibliotekamoscisko.pl\/?p=615"},"modified":"2014-06-17T08:50:07","modified_gmt":"2014-06-17T08:50:07","slug":"wernisaz-wystawy-ekspresje-malarskie","status":"publish","type":"post","link":"https:\/\/bibliotekamoscisko.pl\/?p=615","title":{"rendered":"wernisa\u017c wystawy EKSPRESJE MALARSKIE"},"content":{"rendered":"<p>13.VI.2014 r. w Bibliotece Publiczno-Szkolnej w Pi\u0142awie Dolnej odby\u0142 si\u0119 wernisa\u017c wystawy \u201e<em>Ekspresje malarskie\u201d. <\/em>Na wystawie znalaz\u0142y si\u0119 prace dzieci z klasy III ze Szko\u0142y Podstawowej w Pi\u0142awie Dolnej, oraz ich opiekuna artystycznego Tadeusza Kwazebarta.<\/p>\n<p>Na wernisa\u017cu pojawili si\u0119 zaproszeni go\u015bcie. Mi\u0142o by\u0142o nam powita\u0107 w\u00f3jta Gminy Dzier\u017coni\u00f3w \u2013 Marka Chmielewskiego, pani\u0105 dyrektor Biblioteki Publicznej w Dzier\u017coniowie \u2013 Jadwig\u0119 Horanin, pani\u0105 dyrektor Szko\u0142y Podstawowej w Pi\u0142awie Dolnej \u2013 Ma\u0142gorzat\u0119 Siwiec, pani\u0105 dyrektor Biblioteki Publicznej Gminy Dzier\u017coni\u00f3w \u2013 Justyn\u0119 Kaczorowsk\u0105, so\u0142tysa wsi \u2013 Adama Bulka,\u00a0 rodzic\u00f3w , ma\u0142ych artyst\u00f3w, plastyka, oraz wszystkich mi\u0142ych go\u015bci.<\/p>\n<p>Prace dzieci powsta\u0142y w wyniku p\u00f3\u0142rocznych dzia\u0142a\u0144 edukacyjnych w ramach projektu \u201e<em>Kreatywna biblioteka\u201d.<\/em><\/p>\n<p>W przestrzeni bibliotecznej umieszone s\u0105 prace dzieci, pokazuj\u0105ce dorobek ich, oraz mistrza pana Tadeusza Kwazebarta, pasjonaty, kt\u00f3ry dzieli si\u0119 swoj\u0105 wiedz\u0105 oraz talentem z innymi.<\/p>\n<p>Podczas wernisa\u017cu rodzice rozmawiali o dokonaniach swoich dzieci, byli pozytywnie zaskoczeni i dumni.<\/p>\n<p>Na wystawie mo\u017cemy zobaczy\u0107 zderzenia r\u00f3\u017cnych technik malarskich. Powstawa\u0142y obrazy malowane farb\u0105 akrylow\u0105 na blejtramie, prace malowane kolorowym tuszem, akwarel\u0105, malowane patyczkiem, w\u0119glem, kred\u0105.<\/p>\n<p>Podziwiali\u015bmy pi\u0119kne obrazy pana Tadeusza.<\/p>\n<p>Dzi\u0119kujemy wychowawcy klasy, pani Ewie Soko\u0142owskiej za opiek\u0119, dzieciom za udzia\u0142, duszy artystycznej panu Tadeuszowi za zaanga\u017cowanie, owocn\u0105 prac\u0119 z dzie\u0107mi.<\/p>\n<div id='gallery-1' class='gallery galleryid-615 gallery-columns-3 gallery-size-thumbnail'><figure class='gallery-item'>\n\t\t\t<div class='gallery-icon portrait'>\n\t\t\t\t<a href='https:\/\/bibliotekamoscisko.pl\/?attachment_id=618'><img decoding=\"async\" width=\"150\" height=\"150\" src=\"https:\/\/bibliotekamoscisko.pl\/wp-content\/uploads\/2014\/06\/wystawa2-150x150.jpg\" class=\"attachment-thumbnail size-thumbnail\" alt=\"\" \/><\/a>\n\t\t\t<\/div><\/figure><figure class='gallery-item'>\n\t\t\t<div class='gallery-icon landscape'>\n\t\t\t\t<a href='https:\/\/bibliotekamoscisko.pl\/?attachment_id=619'><img decoding=\"async\" width=\"150\" height=\"150\" src=\"https:\/\/bibliotekamoscisko.pl\/wp-content\/uploads\/2014\/06\/wystawa5-150x150.jpg\" class=\"attachment-thumbnail size-thumbnail\" alt=\"\" \/><\/a>\n\t\t\t<\/div><\/figure><figure class='gallery-item'>\n\t\t\t<div class='gallery-icon landscape'>\n\t\t\t\t<a href='https:\/\/bibliotekamoscisko.pl\/?attachment_id=620'><img decoding=\"async\" width=\"150\" height=\"150\" src=\"https:\/\/bibliotekamoscisko.pl\/wp-content\/uploads\/2014\/06\/wystawa3-150x150.jpg\" class=\"attachment-thumbnail size-thumbnail\" alt=\"\" \/><\/a>\n\t\t\t<\/div><\/figure><figure class='gallery-item'>\n\t\t\t<div class='gallery-icon landscape'>\n\t\t\t\t<a href='https:\/\/bibliotekamoscisko.pl\/?attachment_id=621'><img loading=\"lazy\" decoding=\"async\" width=\"150\" height=\"150\" src=\"https:\/\/bibliotekamoscisko.pl\/wp-content\/uploads\/2014\/06\/wystawa6-150x150.jpg\" class=\"attachment-thumbnail size-thumbnail\" alt=\"\" \/><\/a>\n\t\t\t<\/div><\/figure>\n\t\t<\/div>\n\n<p>Mamy nadziej\u0119 i\u017c, Biblioteka Publiczna Gminy Dzier\u017coni\u00f3w, organizator projektu \u201e<em>Kreatywna biblioteka\u201d<\/em> , uka\u017ce Pa\u0144stwu inne oblicze biblioteki, jej otwarto\u015b\u0107, r\u00f3\u017cnorodno\u015b\u0107 dzia\u0142a\u0144.<\/p>\n<ul>\n<li>Czas trwania wystawy od 13.VI do 23.VI.2014 w godzinach 9:00 \u2013 15:30<\/li>\n<\/ul>\n<p>Zapraszamy !<\/p>\n<p>Wanda Kun<\/p>\n","protected":false},"excerpt":{"rendered":"<p>13.VI.2014 r. w Bibliotece Publiczno-Szkolnej w Pi\u0142awie Dolnej odby\u0142 si\u0119 wernisa\u017c wystawy \u201eEkspresje malarskie\u201d. Na wystawie znalaz\u0142y si\u0119 prace dzieci z klasy III ze Szko\u0142y Podstawowej w Pi\u0142awie Dolnej, oraz [&hellip;]<\/p>\n","protected":false},"author":1,"featured_media":0,"comment_status":"open","ping_status":"open","sticky":false,"template":"","format":"standard","meta":{"ngg_post_thumbnail":0,"footnotes":""},"categories":[1],"tags":[],"class_list":["post-615","post","type-post","status-publish","format-standard","hentry","category-uncategorized"],"_links":{"self":[{"href":"https:\/\/bibliotekamoscisko.pl\/index.php?rest_route=\/wp\/v2\/posts\/615","targetHints":{"allow":["GET"]}}],"collection":[{"href":"https:\/\/bibliotekamoscisko.pl\/index.php?rest_route=\/wp\/v2\/posts"}],"about":[{"href":"https:\/\/bibliotekamoscisko.pl\/index.php?rest_route=\/wp\/v2\/types\/post"}],"author":[{"embeddable":true,"href":"https:\/\/bibliotekamoscisko.pl\/index.php?rest_route=\/wp\/v2\/users\/1"}],"replies":[{"embeddable":true,"href":"https:\/\/bibliotekamoscisko.pl\/index.php?rest_route=%2Fwp%2Fv2%2Fcomments&post=615"}],"version-history":[{"count":1,"href":"https:\/\/bibliotekamoscisko.pl\/index.php?rest_route=\/wp\/v2\/posts\/615\/revisions"}],"predecessor-version":[{"id":625,"href":"https:\/\/bibliotekamoscisko.pl\/index.php?rest_route=\/wp\/v2\/posts\/615\/revisions\/625"}],"wp:attachment":[{"href":"https:\/\/bibliotekamoscisko.pl\/index.php?rest_route=%2Fwp%2Fv2%2Fmedia&parent=615"}],"wp:term":[{"taxonomy":"category","embeddable":true,"href":"https:\/\/bibliotekamoscisko.pl\/index.php?rest_route=%2Fwp%2Fv2%2Fcategories&post=615"},{"taxonomy":"post_tag","embeddable":true,"href":"https:\/\/bibliotekamoscisko.pl\/index.php?rest_route=%2Fwp%2Fv2%2Ftags&post=615"}],"curies":[{"name":"wp","href":"https:\/\/api.w.org\/{rel}","templated":true}]}}