{"id":6189,"date":"2018-02-12T12:33:13","date_gmt":"2018-02-12T12:33:13","guid":{"rendered":"http:\/\/bibliotekamoscisko.pl\/?p=6189"},"modified":"2018-02-12T14:27:58","modified_gmt":"2018-02-12T14:27:58","slug":"jubileusz-pojany","status":"publish","type":"post","link":"https:\/\/bibliotekamoscisko.pl\/?p=6189","title":{"rendered":"Jubileusz Pojany"},"content":{"rendered":"<h2>Pojana ma ju\u017c 60 lat!<\/h2>\n<p><img decoding=\"async\" class=\"imgr alignright\" src=\"http:\/\/www.ug.dzierzoniow.pl\/aktualnosci\/2018\/a02\/pojana_jubileuszm.jpg\" alt=\"aktualno\u015bci Gmina Dzier\u017coni\u00f3w\" \/><\/p>\n<p>Zesp\u00f3\u0142 G\u00f3rali Czadeckich &#8222;Pojana&#8221; \u015bwi\u0119towa\u0142 w sobot\u0119 swoje 60-lecie. Podczas uroczysto\u015bci podpisane zosta\u0142o te\u017c mi\u0119dzynarodowe porozumienie o organizacji XXIX edycji Festiwalu Folklorystycznego &#8222;Bukowi\u0144skie Spotkania&#8221;.<\/p>\n<p>W kinie Zbyszek w Dzier\u017coniowie spotkali si\u0119 sympatycy zespo\u0142u, a tak\u017ce przedstawiciele w\u0142adz i instytucji kultury z Polski, Rumunii, Ukrainy i W\u0119gier. &#8222;Pojana&#8221; wyst\u0105pi\u0142a przed publiczno\u015bci\u0105 z wyj\u0105tkowym koncertem jubileuszowym. Cz\u0142onkowie zespo\u0142u odebrali wiele \u017cycze\u0144 i zostali obdarowani prezentami, w tym m.in. nagrod\u0105 z Ministerstwa Kultury i Dziedzictwa Narodowego.<\/p>\n<p>Podczas uroczysto\u015bci swoje podpisy pod mi\u0119dzynarodowym porozumieniem o organizacji &#8222;Bukowi\u0144skich Spotka\u0144&#8221; z\u0142o\u017cyli przedstawiciele czterech kraj\u00f3w-gospodarzy wydarzenia.<\/p>\n<p>Nasza gmina wraz z miastem Dzier\u017coni\u00f3w b\u0119dzie mia\u0142a zaszczyt wsp\u00f3\u0142organizowa\u0107 ten jeden z najwi\u0119kszych festiwali folklorystycznych w Europie ju\u017c po raz czwarty. Podobnie jak w ubieg\u0142ych latach, w tegorocznej &#8211; XXIX edycji b\u0119d\u0105 uczestniczyli reprezentanci wielu bukowi\u0144skich nacji i r\u00f3\u017cnorodnych nurt\u00f3w folkloru. W ostatni weekend sierpnia swoj\u0105 tw\u00f3rczo\u015b\u0107 zaprezentuj\u0105 u nas zespo\u0142y folklorystyczne z Rumunii, Ukrainy, W\u0119gier i Polski.<\/p>\n<p>Sobotnie jubileuszowe spotkanie z Zespo\u0142em G\u00f3rali Czadeckich &#8222;Pojana&#8221; by\u0142o r\u00f3wnie\u017c okazj\u0105 do przekazania im specjalnego prezentu. By\u0142 nim czek na 15 000 z\u0142otych. Pieni\u0105dze pozyskane zosta\u0142y przez Bibliotek\u0119 Publiczn\u0105 Gminy Dzier\u017coni\u00f3w im. W\u0142adys\u0142awa Reymonta z Ministerstwa Kultury i Dziedzictwa Narodowego z okazji 60-lecia dzia\u0142alno\u015bci zespo\u0142u. Czek wr\u0119czy\u0142a dyrektor biblioteki &#8211; Justyna Kaczorowska oraz w\u00f3jt gminy Dzier\u017coni\u00f3w Marek Chmielewski wraz z w-ce w\u00f3jt Jolant\u0105 Zarzek\u0105.<\/p>\n<p>Po raz kolejny \u017cyczymy &#8222;Pojanie&#8221; wszelkiej pomy\u015blno\u015bci i wytrwa\u0142o\u015bci w piel\u0119gnowaniu swojej pi\u0119knej pasji. Dzi\u0119kujemy za wyj\u0105tkowe emocje!<\/p>\n<p>Organizatorami sobotniej uroczysto\u015bci byli: Zesp\u00f3\u0142 G\u00f3rali Czadeckich &#8222;Pojana&#8221;, gmina Dzier\u017coni\u00f3w i Biblioteka Publiczna Gminy Dzier\u017coni\u00f3w im. W\u0142adys\u0142awa Reymonta.<\/p>\n<p><a href=\"http:\/\/bibliotekamoscisko.pl\/wp-content\/uploads\/2018\/02\/plakat-Pojana-1.jpg\"><img fetchpriority=\"high\" decoding=\"async\" class=\"aligncenter wp-image-6191 size-medium\" src=\"http:\/\/bibliotekamoscisko.pl\/wp-content\/uploads\/2018\/02\/plakat-Pojana-1-300x210.jpg\" alt=\"plakat Pojana\" width=\"300\" height=\"210\" srcset=\"https:\/\/bibliotekamoscisko.pl\/wp-content\/uploads\/2018\/02\/plakat-Pojana-1-300x210.jpg 300w, https:\/\/bibliotekamoscisko.pl\/wp-content\/uploads\/2018\/02\/plakat-Pojana-1-768x538.jpg 768w, https:\/\/bibliotekamoscisko.pl\/wp-content\/uploads\/2018\/02\/plakat-Pojana-1-1024x718.jpg 1024w, https:\/\/bibliotekamoscisko.pl\/wp-content\/uploads\/2018\/02\/plakat-Pojana-1-1x1.jpg 1w, https:\/\/bibliotekamoscisko.pl\/wp-content\/uploads\/2018\/02\/plakat-Pojana-1.jpg 1036w\" sizes=\"(max-width: 300px) 100vw, 300px\" \/><\/a><\/p>\n<div id='gallery-1' class='gallery galleryid-6189 gallery-columns-3 gallery-size-thumbnail'><figure class='gallery-item'>\n\t\t\t<div class='gallery-icon landscape'>\n\t\t\t\t<a href='https:\/\/bibliotekamoscisko.pl\/?attachment_id=6196'><img decoding=\"async\" width=\"150\" height=\"150\" src=\"https:\/\/bibliotekamoscisko.pl\/wp-content\/uploads\/2018\/02\/DSC0523-150x150.jpg\" class=\"attachment-thumbnail size-thumbnail\" alt=\"\" srcset=\"https:\/\/bibliotekamoscisko.pl\/wp-content\/uploads\/2018\/02\/DSC0523-150x150.jpg 150w, https:\/\/bibliotekamoscisko.pl\/wp-content\/uploads\/2018\/02\/DSC0523-1x1.jpg 1w\" sizes=\"(max-width: 150px) 100vw, 150px\" \/><\/a>\n\t\t\t<\/div><\/figure><figure class='gallery-item'>\n\t\t\t<div class='gallery-icon landscape'>\n\t\t\t\t<a href='https:\/\/bibliotekamoscisko.pl\/?attachment_id=6197'><img decoding=\"async\" width=\"150\" height=\"150\" src=\"https:\/\/bibliotekamoscisko.pl\/wp-content\/uploads\/2018\/02\/jubileusz-Pojany-150x150.jpg\" class=\"attachment-thumbnail size-thumbnail\" alt=\"\" srcset=\"https:\/\/bibliotekamoscisko.pl\/wp-content\/uploads\/2018\/02\/jubileusz-Pojany-150x150.jpg 150w, https:\/\/bibliotekamoscisko.pl\/wp-content\/uploads\/2018\/02\/jubileusz-Pojany-2x1.jpg 2w\" sizes=\"(max-width: 150px) 100vw, 150px\" \/><\/a>\n\t\t\t<\/div><\/figure><figure class='gallery-item'>\n\t\t\t<div class='gallery-icon landscape'>\n\t\t\t\t<a href='https:\/\/bibliotekamoscisko.pl\/?attachment_id=6198'><img loading=\"lazy\" decoding=\"async\" width=\"150\" height=\"150\" src=\"https:\/\/bibliotekamoscisko.pl\/wp-content\/uploads\/2018\/02\/DSC0527-150x150.jpg\" class=\"attachment-thumbnail size-thumbnail\" alt=\"\" srcset=\"https:\/\/bibliotekamoscisko.pl\/wp-content\/uploads\/2018\/02\/DSC0527-150x150.jpg 150w, https:\/\/bibliotekamoscisko.pl\/wp-content\/uploads\/2018\/02\/DSC0527-1x1.jpg 1w\" sizes=\"(max-width: 150px) 100vw, 150px\" \/><\/a>\n\t\t\t<\/div><\/figure>\n\t\t<\/div>\n\n<p><strong>\u00a0<a href=\"http:\/\/www.ug.dzierzoniow.pl\/galeria\/141\" target=\"_blank\">Zapraszamy do galerii zdj\u0119\u0107<\/a><\/strong><\/p>\n<p>tekst i zdj\u0119cia ze strony: http:\/\/www.ug.dzierzoniow.pl\/<\/p>\n","protected":false},"excerpt":{"rendered":"<p>Pojana ma ju\u017c 60 lat! Zesp\u00f3\u0142 G\u00f3rali Czadeckich &#8222;Pojana&#8221; \u015bwi\u0119towa\u0142 w sobot\u0119 swoje 60-lecie. Podczas uroczysto\u015bci podpisane zosta\u0142o te\u017c mi\u0119dzynarodowe porozumienie o organizacji XXIX edycji Festiwalu Folklorystycznego &#8222;Bukowi\u0144skie Spotkania&#8221;. W [&hellip;]<\/p>\n","protected":false},"author":1,"featured_media":0,"comment_status":"closed","ping_status":"open","sticky":false,"template":"","format":"standard","meta":{"ngg_post_thumbnail":0,"footnotes":""},"categories":[1],"tags":[],"class_list":["post-6189","post","type-post","status-publish","format-standard","hentry","category-uncategorized"],"_links":{"self":[{"href":"https:\/\/bibliotekamoscisko.pl\/index.php?rest_route=\/wp\/v2\/posts\/6189","targetHints":{"allow":["GET"]}}],"collection":[{"href":"https:\/\/bibliotekamoscisko.pl\/index.php?rest_route=\/wp\/v2\/posts"}],"about":[{"href":"https:\/\/bibliotekamoscisko.pl\/index.php?rest_route=\/wp\/v2\/types\/post"}],"author":[{"embeddable":true,"href":"https:\/\/bibliotekamoscisko.pl\/index.php?rest_route=\/wp\/v2\/users\/1"}],"replies":[{"embeddable":true,"href":"https:\/\/bibliotekamoscisko.pl\/index.php?rest_route=%2Fwp%2Fv2%2Fcomments&post=6189"}],"version-history":[{"count":3,"href":"https:\/\/bibliotekamoscisko.pl\/index.php?rest_route=\/wp\/v2\/posts\/6189\/revisions"}],"predecessor-version":[{"id":6199,"href":"https:\/\/bibliotekamoscisko.pl\/index.php?rest_route=\/wp\/v2\/posts\/6189\/revisions\/6199"}],"wp:attachment":[{"href":"https:\/\/bibliotekamoscisko.pl\/index.php?rest_route=%2Fwp%2Fv2%2Fmedia&parent=6189"}],"wp:term":[{"taxonomy":"category","embeddable":true,"href":"https:\/\/bibliotekamoscisko.pl\/index.php?rest_route=%2Fwp%2Fv2%2Fcategories&post=6189"},{"taxonomy":"post_tag","embeddable":true,"href":"https:\/\/bibliotekamoscisko.pl\/index.php?rest_route=%2Fwp%2Fv2%2Ftags&post=6189"}],"curies":[{"name":"wp","href":"https:\/\/api.w.org\/{rel}","templated":true}]}}