{"id":6256,"date":"2018-02-22T13:49:13","date_gmt":"2018-02-22T13:49:13","guid":{"rendered":"http:\/\/bibliotekamoscisko.pl\/?p=6256"},"modified":"2018-02-24T10:10:51","modified_gmt":"2018-02-24T10:10:51","slug":"11-minut-ktore-wstrzasnely-swiatem","status":"publish","type":"post","link":"https:\/\/bibliotekamoscisko.pl\/?p=6256","title":{"rendered":"11 minut, kt\u00f3re wstrz\u0105sn\u0119\u0142y \u015bwiatem"},"content":{"rendered":"<p>19 lutego urodzi\u0142 si\u0119 Miko\u0142aj Kopernik. To znakomita okazja do \u015bwi\u0119towania w Dyskusyjnym Klubie Ksi\u0105\u017cki dla dzieci. Celebrowanie urodzin nale\u017cy do niezapomnianych chwil w \u017cyciu. W dobrym tonie jest dobrze przygotowa\u0107 si\u0119 do urodzin. Wiadomo, \u017ce wa\u017cny w tym dniu jest tort. Dzieci opowiada\u0142y o swoich wymarzonych tortach, kt\u00f3re cz\u0119sto odzwierciedlaj\u0105 ich zainteresowania. Na tych urodzinowych tortach rozm\u00f3wc\u00f3w znalaz\u0142y si\u0119 Minionki, bohaterowie Star Wars, Frozen czy Minecraft. A jaki tort otrzyma\u0142by Kopernik? Czego \u017cyczyliby\u015bmy dzisiaj Kopernikowi w dniu urodzin?<br \/>\nOdpowiedzi dzieci by\u0142y imponuj\u0105ce. Ma\u0142y Kopernik otrzyma\u0142by zaproszenie na stacj\u0119 kosmiczn\u0105 i mia\u0142by najlepsz\u0105 aparatur\u0119 do badania Kosmosu.<br \/>\nKsi\u0105\u017cka Marcina Przewo\u017anika\u00a0 <em>Miko\u0142aj Kopernik ch\u0142opak, kt\u00f3ry si\u0119gn\u0105\u0142 gwiazd<\/em>\u00a0 uporz\u0105dkowa\u0142a wiedz\u0119 o wybitnym astronomie, a tak\u017ce pozwoli\u0142a dzieciom w Ostroszowicach odkry\u0107, jakie znaczenie mia\u0142o wstrzymanie S\u0142o\u0144ca dla uporz\u0105dkowania kalendarza.<\/p>\n<div id='gallery-1' class='gallery galleryid-6256 gallery-columns-3 gallery-size-thumbnail'><figure class='gallery-item'>\n\t\t\t<div class='gallery-icon landscape'>\n\t\t\t\t<a href='https:\/\/bibliotekamoscisko.pl\/?attachment_id=6258'><img decoding=\"async\" width=\"150\" height=\"150\" src=\"https:\/\/bibliotekamoscisko.pl\/wp-content\/uploads\/2018\/02\/DSC_0532-150x150.jpg\" class=\"attachment-thumbnail size-thumbnail\" alt=\"\" srcset=\"https:\/\/bibliotekamoscisko.pl\/wp-content\/uploads\/2018\/02\/DSC_0532-150x150.jpg 150w, https:\/\/bibliotekamoscisko.pl\/wp-content\/uploads\/2018\/02\/DSC_0532-1x1.jpg 1w\" sizes=\"(max-width: 150px) 100vw, 150px\" \/><\/a>\n\t\t\t<\/div><\/figure><figure class='gallery-item'>\n\t\t\t<div class='gallery-icon landscape'>\n\t\t\t\t<a href='https:\/\/bibliotekamoscisko.pl\/?attachment_id=6257'><img decoding=\"async\" width=\"150\" height=\"150\" src=\"https:\/\/bibliotekamoscisko.pl\/wp-content\/uploads\/2018\/02\/DSC_0525-150x150.jpg\" class=\"attachment-thumbnail size-thumbnail\" alt=\"\" srcset=\"https:\/\/bibliotekamoscisko.pl\/wp-content\/uploads\/2018\/02\/DSC_0525-150x150.jpg 150w, https:\/\/bibliotekamoscisko.pl\/wp-content\/uploads\/2018\/02\/DSC_0525-1x1.jpg 1w\" sizes=\"(max-width: 150px) 100vw, 150px\" \/><\/a>\n\t\t\t<\/div><\/figure><figure class='gallery-item'>\n\t\t\t<div class='gallery-icon landscape'>\n\t\t\t\t<a href='https:\/\/bibliotekamoscisko.pl\/?attachment_id=6259'><img decoding=\"async\" width=\"150\" height=\"150\" src=\"https:\/\/bibliotekamoscisko.pl\/wp-content\/uploads\/2018\/02\/DSC_0535-150x150.jpg\" class=\"attachment-thumbnail size-thumbnail\" alt=\"\" srcset=\"https:\/\/bibliotekamoscisko.pl\/wp-content\/uploads\/2018\/02\/DSC_0535-150x150.jpg 150w, https:\/\/bibliotekamoscisko.pl\/wp-content\/uploads\/2018\/02\/DSC_0535-1x1.jpg 1w\" sizes=\"(max-width: 150px) 100vw, 150px\" \/><\/a>\n\t\t\t<\/div><\/figure>\n\t\t<\/div>\n\n<p>Epokowe odkrycie dotycz\u0105ce skorygowania b\u0142\u0119du Rzymian w obliczeniach kalendarzowych o ca\u0142e 11 minut u\u015bwiadomi\u0142o dzieciom pot\u0119g\u0119 wiedzy jak\u0105 posiada\u0142 Miko\u0142aj Kopernik.<\/p>\n<p>Zdj\u0119cia i tekst<br \/>\nMaria Kirkiewicz<\/p>\n","protected":false},"excerpt":{"rendered":"<p>19 lutego urodzi\u0142 si\u0119 Miko\u0142aj Kopernik. To znakomita okazja do \u015bwi\u0119towania w Dyskusyjnym Klubie Ksi\u0105\u017cki dla dzieci. Celebrowanie urodzin nale\u017cy do niezapomnianych chwil w \u017cyciu. W dobrym tonie jest dobrze [&hellip;]<\/p>\n","protected":false},"author":1,"featured_media":0,"comment_status":"closed","ping_status":"open","sticky":false,"template":"","format":"standard","meta":{"ngg_post_thumbnail":0,"footnotes":""},"categories":[1],"tags":[],"class_list":["post-6256","post","type-post","status-publish","format-standard","hentry","category-uncategorized"],"_links":{"self":[{"href":"https:\/\/bibliotekamoscisko.pl\/index.php?rest_route=\/wp\/v2\/posts\/6256","targetHints":{"allow":["GET"]}}],"collection":[{"href":"https:\/\/bibliotekamoscisko.pl\/index.php?rest_route=\/wp\/v2\/posts"}],"about":[{"href":"https:\/\/bibliotekamoscisko.pl\/index.php?rest_route=\/wp\/v2\/types\/post"}],"author":[{"embeddable":true,"href":"https:\/\/bibliotekamoscisko.pl\/index.php?rest_route=\/wp\/v2\/users\/1"}],"replies":[{"embeddable":true,"href":"https:\/\/bibliotekamoscisko.pl\/index.php?rest_route=%2Fwp%2Fv2%2Fcomments&post=6256"}],"version-history":[{"count":2,"href":"https:\/\/bibliotekamoscisko.pl\/index.php?rest_route=\/wp\/v2\/posts\/6256\/revisions"}],"predecessor-version":[{"id":6276,"href":"https:\/\/bibliotekamoscisko.pl\/index.php?rest_route=\/wp\/v2\/posts\/6256\/revisions\/6276"}],"wp:attachment":[{"href":"https:\/\/bibliotekamoscisko.pl\/index.php?rest_route=%2Fwp%2Fv2%2Fmedia&parent=6256"}],"wp:term":[{"taxonomy":"category","embeddable":true,"href":"https:\/\/bibliotekamoscisko.pl\/index.php?rest_route=%2Fwp%2Fv2%2Fcategories&post=6256"},{"taxonomy":"post_tag","embeddable":true,"href":"https:\/\/bibliotekamoscisko.pl\/index.php?rest_route=%2Fwp%2Fv2%2Ftags&post=6256"}],"curies":[{"name":"wp","href":"https:\/\/api.w.org\/{rel}","templated":true}]}}