{"id":635,"date":"2014-07-04T07:14:12","date_gmt":"2014-07-04T07:14:12","guid":{"rendered":"http:\/\/bibliotekamoscisko.pl\/?p=635"},"modified":"2014-07-04T07:17:41","modified_gmt":"2014-07-04T07:17:41","slug":"czytelnia-czasopism-zaprasza","status":"publish","type":"post","link":"https:\/\/bibliotekamoscisko.pl\/?p=635","title":{"rendered":"Czytelnia czasopism zaprasza!"},"content":{"rendered":"<p>Zapraszamy do czytelni, gdzie mo\u017cna zajrze\u0107 do najnowszych wyda\u0144 nast\u0119puj\u0105cych gazet i czasopism:<br \/>\n\u201eAbecad\u0142o\u201d<br \/>\n\u201eAngora\u201d<br \/>\n\u201eClaudia\u201d<br \/>\n\u201eFilm\u201d<br \/>\n \u201eKumpel\u201d<br \/>\n\u201eMamo To Ja\u201d<br \/>\n\u201eNotes\u201d<br \/>\n\u201ePrzegl\u0105d Sportowy\u201d<br \/>\n\u201ePrzyjaci\u00f3\u0142ka\u201d<br \/>\n\u201eRzeczpospolita\u201d<br \/>\n\u201eSudety\u201d<br \/>\n\u201e\u015awierszczyk\u201d<br \/>\n\u201eTygodnik Dzier\u017coniowski\u201d<br \/>\n\u201cVICTOR- JUNIOR\u201d<br \/>\n\u201eWiedza i \u017bycie\u201d<\/p>\n<p>e-wydania:<br \/>\n\u201eGazeta Wyborcza \u201e<br \/>\n\u201eZwierciad\u0142o \u201e<br \/>\n\u201ePolityka\u201d<br \/>\nDzi\u0119ki uprzejmo\u015bci ks. Zdzis\u0142awa Pienio czytelnicy mog\u0105 r\u00f3wnie\u017c przeczyta\u0107 najnowsze wydania<br \/>\n\u201eGo\u015bcia Niedzielnego\u201d, \u201eList\u00f3w Do Pani\u201d, \u201eDrogi\u201d, \u201eWiadomo\u015bci Katolickich\u201d . Na p\u00f3\u0142ce znajd\u0105 tak\u017ce  czasopisma zwi\u0105zane z misjami, czyli \u201eMisyjne Drogi\u201d i \u201e\u015awiat Misyjny\u201d.<\/p>\n","protected":false},"excerpt":{"rendered":"<p>Zapraszamy do czytelni, gdzie mo\u017cna zajrze\u0107 do najnowszych wyda\u0144 nast\u0119puj\u0105cych gazet i czasopism: \u201eAbecad\u0142o\u201d \u201eAngora\u201d \u201eClaudia\u201d \u201eFilm\u201d \u201eKumpel\u201d \u201eMamo To Ja\u201d \u201eNotes\u201d \u201ePrzegl\u0105d Sportowy\u201d \u201ePrzyjaci\u00f3\u0142ka\u201d \u201eRzeczpospolita\u201d \u201eSudety\u201d \u201e\u015awierszczyk\u201d \u201eTygodnik Dzier\u017coniowski\u201d [&hellip;]<\/p>\n","protected":false},"author":1,"featured_media":0,"comment_status":"open","ping_status":"open","sticky":false,"template":"","format":"standard","meta":{"ngg_post_thumbnail":0,"footnotes":""},"categories":[1],"tags":[],"class_list":["post-635","post","type-post","status-publish","format-standard","hentry","category-uncategorized"],"_links":{"self":[{"href":"https:\/\/bibliotekamoscisko.pl\/index.php?rest_route=\/wp\/v2\/posts\/635","targetHints":{"allow":["GET"]}}],"collection":[{"href":"https:\/\/bibliotekamoscisko.pl\/index.php?rest_route=\/wp\/v2\/posts"}],"about":[{"href":"https:\/\/bibliotekamoscisko.pl\/index.php?rest_route=\/wp\/v2\/types\/post"}],"author":[{"embeddable":true,"href":"https:\/\/bibliotekamoscisko.pl\/index.php?rest_route=\/wp\/v2\/users\/1"}],"replies":[{"embeddable":true,"href":"https:\/\/bibliotekamoscisko.pl\/index.php?rest_route=%2Fwp%2Fv2%2Fcomments&post=635"}],"version-history":[{"count":4,"href":"https:\/\/bibliotekamoscisko.pl\/index.php?rest_route=\/wp\/v2\/posts\/635\/revisions"}],"predecessor-version":[{"id":660,"href":"https:\/\/bibliotekamoscisko.pl\/index.php?rest_route=\/wp\/v2\/posts\/635\/revisions\/660"}],"wp:attachment":[{"href":"https:\/\/bibliotekamoscisko.pl\/index.php?rest_route=%2Fwp%2Fv2%2Fmedia&parent=635"}],"wp:term":[{"taxonomy":"category","embeddable":true,"href":"https:\/\/bibliotekamoscisko.pl\/index.php?rest_route=%2Fwp%2Fv2%2Fcategories&post=635"},{"taxonomy":"post_tag","embeddable":true,"href":"https:\/\/bibliotekamoscisko.pl\/index.php?rest_route=%2Fwp%2Fv2%2Ftags&post=635"}],"curies":[{"name":"wp","href":"https:\/\/api.w.org\/{rel}","templated":true}]}}