{"id":6355,"date":"2018-03-21T16:24:15","date_gmt":"2018-03-21T16:24:15","guid":{"rendered":"http:\/\/bibliotekamoscisko.pl\/?p=6355"},"modified":"2018-03-21T17:38:51","modified_gmt":"2018-03-21T17:38:51","slug":"tydzien-z-internetem-6","status":"publish","type":"post","link":"https:\/\/bibliotekamoscisko.pl\/?p=6355","title":{"rendered":"Tydzie\u0144 z Internetem"},"content":{"rendered":"<p style=\"text-align: center;\"><strong>Tydzie\u0144 z Internetem 2018<\/strong><\/p>\n<p style=\"text-align: center;\">19 &#8211; 25 marca 2018 roku w ca\u0142ej Europie<\/p>\n<p style=\"text-align: center;\">W\u0142\u0105cz krytyczne my\u015blenie<\/p>\n<p style=\"text-align: center;\">#TZI2018<\/p>\n<p><a href=\"http:\/\/bibliotekamoscisko.pl\/wp-content\/uploads\/2018\/03\/plak.jpg\"><img decoding=\"async\" class=\"aligncenter size-medium wp-image-6356\" src=\"http:\/\/bibliotekamoscisko.pl\/wp-content\/uploads\/2018\/03\/plak-300x158.jpg\" alt=\"plak\" width=\"300\" height=\"158\" srcset=\"https:\/\/bibliotekamoscisko.pl\/wp-content\/uploads\/2018\/03\/plak-300x158.jpg 300w, https:\/\/bibliotekamoscisko.pl\/wp-content\/uploads\/2018\/03\/plak-2x1.jpg 2w, https:\/\/bibliotekamoscisko.pl\/wp-content\/uploads\/2018\/03\/plak.jpg 476w\" sizes=\"(max-width: 300px) 100vw, 300px\" \/><\/a>Z okazji Tygodnia z Internetem Biblioteka Publiczna Gminy Dzier\u017coni\u00f3w im. W\u0142adys\u0142awa Reymonta w Mo\u015bcisku zaprosi\u0142a uczni\u00f3w klasy VII z Zespo\u0142u Szkolno-Przedszkolnego w Mo\u015bcisku na warsztaty, podczas kt\u00f3rych ca\u0142a grupa zamieni\u0142a si\u0119 w reporterki i reporter\u00f3w odpowiedzialnych za rubryk\u0119 popularnego serwisu internetowego \u201eWiadomo\u015bci ze \u015bwiata\u201d. \u00a0Zadania, kt\u00f3re postawiono przed uczestnikami zaj\u0119\u0107, mia\u0142y na celu pokazanie mechanizm\u00f3w zwi\u0105zanych z krytycznym odbiorem przekaz\u00f3w medialnych. Dzi\u0119ki temu mo\u017cliwa staje si\u0119 refleksja i wyci\u0105gniecie w\u0142asnych wniosk\u00f3w. Internet to \u017ar\u00f3d\u0142o, z kt\u00f3rego czerpiemy pe\u0142nymi gar\u015bciami nie pami\u0119taj\u0105c cz\u0119sto, \u017ce czyhaj\u0105 tam r\u00f3wnie\u017c pu\u0142apki w postaci fake news\u00f3w, czyli nieprawdziwych informacji.<\/p>\n<p>Warsztaty u\u015bwiadomi\u0142y m\u0142odzie\u017cy, \u017ce to, jak odbieramy i rozumiemy\u00a0 docieraj\u0105ce do nas informacje o \u015bwiecie, bardzo silnie zwi\u0105zane jest z miejscem naszego zamieszkania, nasz\u0105 histori\u0105 oraz do\u015bwiadczeniem. Wystarczy przesun\u0105\u0107 map\u0119 tak aby na centralnym miejscu znalaz\u0142a si\u0119 Australia &#8211; zmiana perspektywy zaskoczy ca\u0142\u0105 grup\u0119. Dru\u017cyny spr\u00f3bowa\u0142y tak\u017ce swoich si\u0142 w analizie ok\u0142adek czasopism, kt\u00f3re cz\u0119sto szokuj\u0105 szkodliwymi stereotypami oraz w pr\u00f3bie uwierzytelnienia kilku wiadomo\u015bci podanych na stronach internetowych. Pr\u00f3ba w\u0142\u0105czenia krytycznego my\u015blenia powiod\u0142a si\u0119 i mamy nadziej\u0119, \u017ce informacje pobierane z Internetu nie b\u0119d\u0105 ju\u017c dzi\u0119ki naszemu spotkaniu przyjmowane ca\u0142kowicie bezkrytycznie i niefrasobliwie.<\/p>\n<div id='gallery-1' class='gallery galleryid-6355 gallery-columns-3 gallery-size-thumbnail'><figure class='gallery-item'>\n\t\t\t<div class='gallery-icon landscape'>\n\t\t\t\t<a href='https:\/\/bibliotekamoscisko.pl\/?attachment_id=6357'><img decoding=\"async\" width=\"150\" height=\"150\" src=\"https:\/\/bibliotekamoscisko.pl\/wp-content\/uploads\/2018\/03\/IMG_3721-150x150.jpg\" class=\"attachment-thumbnail size-thumbnail\" alt=\"\" srcset=\"https:\/\/bibliotekamoscisko.pl\/wp-content\/uploads\/2018\/03\/IMG_3721-150x150.jpg 150w, https:\/\/bibliotekamoscisko.pl\/wp-content\/uploads\/2018\/03\/IMG_3721-1x1.jpg 1w\" sizes=\"(max-width: 150px) 100vw, 150px\" \/><\/a>\n\t\t\t<\/div><\/figure><figure class='gallery-item'>\n\t\t\t<div class='gallery-icon landscape'>\n\t\t\t\t<a href='https:\/\/bibliotekamoscisko.pl\/?attachment_id=6358'><img decoding=\"async\" width=\"150\" height=\"150\" src=\"https:\/\/bibliotekamoscisko.pl\/wp-content\/uploads\/2018\/03\/IMG_3722-150x150.jpg\" class=\"attachment-thumbnail size-thumbnail\" alt=\"\" srcset=\"https:\/\/bibliotekamoscisko.pl\/wp-content\/uploads\/2018\/03\/IMG_3722-150x150.jpg 150w, https:\/\/bibliotekamoscisko.pl\/wp-content\/uploads\/2018\/03\/IMG_3722-1x1.jpg 1w\" sizes=\"(max-width: 150px) 100vw, 150px\" \/><\/a>\n\t\t\t<\/div><\/figure><figure class='gallery-item'>\n\t\t\t<div class='gallery-icon landscape'>\n\t\t\t\t<a href='https:\/\/bibliotekamoscisko.pl\/?attachment_id=6359'><img loading=\"lazy\" decoding=\"async\" width=\"150\" height=\"150\" src=\"https:\/\/bibliotekamoscisko.pl\/wp-content\/uploads\/2018\/03\/IMG_3723-150x150.jpg\" class=\"attachment-thumbnail size-thumbnail\" alt=\"\" srcset=\"https:\/\/bibliotekamoscisko.pl\/wp-content\/uploads\/2018\/03\/IMG_3723-150x150.jpg 150w, https:\/\/bibliotekamoscisko.pl\/wp-content\/uploads\/2018\/03\/IMG_3723-2x1.jpg 2w\" sizes=\"(max-width: 150px) 100vw, 150px\" \/><\/a>\n\t\t\t<\/div><\/figure>\n\t\t<\/div>\n\n<p>D.W.<\/p>\n","protected":false},"excerpt":{"rendered":"<p>Tydzie\u0144 z Internetem 2018 19 &#8211; 25 marca 2018 roku w ca\u0142ej Europie W\u0142\u0105cz krytyczne my\u015blenie #TZI2018 Z okazji Tygodnia z Internetem Biblioteka Publiczna Gminy Dzier\u017coni\u00f3w im. W\u0142adys\u0142awa Reymonta w [&hellip;]<\/p>\n","protected":false},"author":1,"featured_media":0,"comment_status":"closed","ping_status":"open","sticky":false,"template":"","format":"standard","meta":{"ngg_post_thumbnail":0,"footnotes":""},"categories":[1],"tags":[],"class_list":["post-6355","post","type-post","status-publish","format-standard","hentry","category-uncategorized"],"_links":{"self":[{"href":"https:\/\/bibliotekamoscisko.pl\/index.php?rest_route=\/wp\/v2\/posts\/6355","targetHints":{"allow":["GET"]}}],"collection":[{"href":"https:\/\/bibliotekamoscisko.pl\/index.php?rest_route=\/wp\/v2\/posts"}],"about":[{"href":"https:\/\/bibliotekamoscisko.pl\/index.php?rest_route=\/wp\/v2\/types\/post"}],"author":[{"embeddable":true,"href":"https:\/\/bibliotekamoscisko.pl\/index.php?rest_route=\/wp\/v2\/users\/1"}],"replies":[{"embeddable":true,"href":"https:\/\/bibliotekamoscisko.pl\/index.php?rest_route=%2Fwp%2Fv2%2Fcomments&post=6355"}],"version-history":[{"count":2,"href":"https:\/\/bibliotekamoscisko.pl\/index.php?rest_route=\/wp\/v2\/posts\/6355\/revisions"}],"predecessor-version":[{"id":6361,"href":"https:\/\/bibliotekamoscisko.pl\/index.php?rest_route=\/wp\/v2\/posts\/6355\/revisions\/6361"}],"wp:attachment":[{"href":"https:\/\/bibliotekamoscisko.pl\/index.php?rest_route=%2Fwp%2Fv2%2Fmedia&parent=6355"}],"wp:term":[{"taxonomy":"category","embeddable":true,"href":"https:\/\/bibliotekamoscisko.pl\/index.php?rest_route=%2Fwp%2Fv2%2Fcategories&post=6355"},{"taxonomy":"post_tag","embeddable":true,"href":"https:\/\/bibliotekamoscisko.pl\/index.php?rest_route=%2Fwp%2Fv2%2Ftags&post=6355"}],"curies":[{"name":"wp","href":"https:\/\/api.w.org\/{rel}","templated":true}]}}