{"id":6363,"date":"2018-03-23T12:46:18","date_gmt":"2018-03-23T12:46:18","guid":{"rendered":"http:\/\/bibliotekamoscisko.pl\/?p=6363"},"modified":"2018-03-23T12:53:47","modified_gmt":"2018-03-23T12:53:47","slug":"6363-2","status":"publish","type":"post","link":"https:\/\/bibliotekamoscisko.pl\/?p=6363","title":{"rendered":"Noc z Andersenem w Ostroszowicach"},"content":{"rendered":"<p style=\"text-align: center;\">Sza\u0142owa Noc z Andersenem w Ostroszowicach.<\/p>\n<p style=\"text-align: center;\">Rewelacyjne animatorki z Klubu Animacji Dzieci\u0119cych PESTKA i&#8230;MY!<\/p>\n<p><em>\u00a0 \u00a0 \u00a0 \u00a0 \u00a0 \u00a0 \u00a0 \u00a0 \u00a0 \u00a0 \u00a0 \u00a0 \u00a0 \u00a0 \u00a0 \u00a0 \u00a0 \u00a0 <\/em><em>By\u0142o cudownie dzieci zachwycone! U nas w domu r\u00f3wnie\u017c posz\u0142y w ruch ba\u015bnie Andersena\u00a0<\/em><\/p>\n<p><em>\u00a0 \u00a0 \u00a0 \u00a0 \u00a0 \u00a0 \u00a0 \u00a0 \u00a0 \u00a0 \u00a0 \u00a0 \u00a0 \u00a0 \u00a0 \u00a0 \u00a0 \u00a0 \u00a0 \u00a0 \u00a0 \u00a0 \u00a0 \u00a0 \u00a0 \u00a0 \u00a0 \u00a0 dzi\u0119kujemy za wspaniale spotkanie!<\/em><\/p>\n<p><em>\u00a0 \u00a0 \u00a0 \u00a0 \u00a0 \u00a0 \u00a0 \u00a0 \u00a0 \u00a0 \u00a0 \u00a0 \u00a0 \u00a0 \u00a0 \u00a0 \u00a0 \u00a0 \u00a0 \u00a0 \u00a0 \u00a0 \u00a0 \u00a0 \u00a0 \u00a0 \u00a0 \u00a0 \u00a0 \u00a0 \u00a0 \u00a0 \u00a0 \u00a0 \u00a0 \u00a0 \u00a0 \u00a0 \u00a0 \u00a0 \u00a0 \u00a0 \u00a0 \u00a0 \u00a0 \u00a0 \u00a0 \u00a0 \u00a0\/ mama malej Julii\/<\/em><\/p>\n<p>Na pocz\u0105tku zgromadzone w bibliotece dzieci bardzo uwa\u017cnie wys\u0142ucha\u0142y ba\u015bni H.Ch. Andersena ,,Dzielny o\u0142owiany \u017co\u0142nierzyk&#8221;. Potem obejrza\u0142y cudowny, wzruszaj\u0105cy film ,kt\u00f3ry je rozmarzy\u0142 i\u00a0 spowodowa\u0142, \u017ce subiektywnym wypowiedziom nie by\u0142o ko\u0144ca. Celne konkluzje s\u0142uchaczy uporz\u0105dkowa\u0142y wiedz\u0119 o dziejach \u017co\u0142nierzyka i tancereczki. Nagle, gdy pojawi\u0142y si\u0119 animatorki z Klubu Animacji Dzieci\u0119cych PESTKA zacz\u0119\u0142o si\u0119 dzia\u0107!<br \/>\nZabawa nie z tej ziemi.<br \/>\nKonkursy w zespo\u0142ach na nazw\u0119 grupy nawi\u0105zuj\u0105c\u0105 do omawianej ba\u015bni na najpi\u0119kniejsz\u0105 ilustracj\u0119 \u017co\u0142nierza, taniec na kartce papieru i wreszcie wci\u0105gaj\u0105ce zabawy w aktor\u00f3w animuj\u0105cych tre\u015b\u0107 ba\u015bni oraz quiz o ba\u015bniach mistrza Andersena. Niesamowicie rozweselaj\u0105ce zabawy pokaza\u0142y, \u017ce dzieci by\u0142y zachwycone animatorkami oraz ich szalonymi pomys\u0142ami wykonania szabelek dla \u017co\u0142nierzyk\u00f3w.\u00a0 W naszej bibliotece dzieci i ich rodzice bawili si\u0119 znakomicie.\u00a0Ka\u017cdy z uczestnik\u00f3w otrzyma\u0142 pami\u0105tkow\u0105 zak\u0142adk\u0119 oraz smakowite kr\u00f3wki przekazane przez Urz\u0105d Gminy w Dzier\u017coniowie.<\/p>\n<p>Paniom Iwonie Cebulskiej oraz Izabeli Gawe\u0142ek dzi\u0119kujemy za fachow\u0105 pomoc w przebiegu wydarzenia za\u015b\u00a0wspania\u0142ym rodzicom\u00a0\u00a0\u00a0gratulujemy wspania\u0142ych dzieci!<\/p>\n<div id='gallery-1' class='gallery galleryid-6363 gallery-columns-3 gallery-size-thumbnail'><figure class='gallery-item'>\n\t\t\t<div class='gallery-icon landscape'>\n\t\t\t\t<a href='https:\/\/bibliotekamoscisko.pl\/?attachment_id=6367'><img decoding=\"async\" width=\"150\" height=\"150\" src=\"https:\/\/bibliotekamoscisko.pl\/wp-content\/uploads\/2018\/03\/k-150x150.jpg\" class=\"attachment-thumbnail size-thumbnail\" alt=\"\" srcset=\"https:\/\/bibliotekamoscisko.pl\/wp-content\/uploads\/2018\/03\/k-150x150.jpg 150w, https:\/\/bibliotekamoscisko.pl\/wp-content\/uploads\/2018\/03\/k-1x1.jpg 1w\" sizes=\"(max-width: 150px) 100vw, 150px\" \/><\/a>\n\t\t\t<\/div><\/figure><figure class='gallery-item'>\n\t\t\t<div class='gallery-icon landscape'>\n\t\t\t\t<a href='https:\/\/bibliotekamoscisko.pl\/?attachment_id=6368'><img decoding=\"async\" width=\"150\" height=\"150\" src=\"https:\/\/bibliotekamoscisko.pl\/wp-content\/uploads\/2018\/03\/w-150x150.jpg\" class=\"attachment-thumbnail size-thumbnail\" alt=\"\" srcset=\"https:\/\/bibliotekamoscisko.pl\/wp-content\/uploads\/2018\/03\/w-150x150.jpg 150w, https:\/\/bibliotekamoscisko.pl\/wp-content\/uploads\/2018\/03\/w-1x1.jpg 1w\" sizes=\"(max-width: 150px) 100vw, 150px\" \/><\/a>\n\t\t\t<\/div><\/figure><figure class='gallery-item'>\n\t\t\t<div class='gallery-icon landscape'>\n\t\t\t\t<a href='https:\/\/bibliotekamoscisko.pl\/?attachment_id=6366'><img decoding=\"async\" width=\"150\" height=\"150\" src=\"https:\/\/bibliotekamoscisko.pl\/wp-content\/uploads\/2018\/03\/d-150x150.jpg\" class=\"attachment-thumbnail size-thumbnail\" alt=\"\" srcset=\"https:\/\/bibliotekamoscisko.pl\/wp-content\/uploads\/2018\/03\/d-150x150.jpg 150w, https:\/\/bibliotekamoscisko.pl\/wp-content\/uploads\/2018\/03\/d-1x1.jpg 1w\" sizes=\"(max-width: 150px) 100vw, 150px\" \/><\/a>\n\t\t\t<\/div><\/figure><figure class='gallery-item'>\n\t\t\t<div class='gallery-icon landscape'>\n\t\t\t\t<a href='https:\/\/bibliotekamoscisko.pl\/?attachment_id=6365'><img loading=\"lazy\" decoding=\"async\" width=\"150\" height=\"150\" src=\"https:\/\/bibliotekamoscisko.pl\/wp-content\/uploads\/2018\/03\/b-150x150.jpg\" class=\"attachment-thumbnail size-thumbnail\" alt=\"\" srcset=\"https:\/\/bibliotekamoscisko.pl\/wp-content\/uploads\/2018\/03\/b-150x150.jpg 150w, https:\/\/bibliotekamoscisko.pl\/wp-content\/uploads\/2018\/03\/b-1x1.jpg 1w\" sizes=\"(max-width: 150px) 100vw, 150px\" \/><\/a>\n\t\t\t<\/div><\/figure><figure class='gallery-item'>\n\t\t\t<div class='gallery-icon landscape'>\n\t\t\t\t<a href='https:\/\/bibliotekamoscisko.pl\/?attachment_id=6364'><img loading=\"lazy\" decoding=\"async\" width=\"150\" height=\"150\" src=\"https:\/\/bibliotekamoscisko.pl\/wp-content\/uploads\/2018\/03\/a-150x150.jpg\" class=\"attachment-thumbnail size-thumbnail\" alt=\"\" srcset=\"https:\/\/bibliotekamoscisko.pl\/wp-content\/uploads\/2018\/03\/a-150x150.jpg 150w, https:\/\/bibliotekamoscisko.pl\/wp-content\/uploads\/2018\/03\/a-1x1.jpg 1w\" sizes=\"(max-width: 150px) 100vw, 150px\" \/><\/a>\n\t\t\t<\/div><\/figure>\n\t\t<\/div>\n\n<p>Bo dzieci s\u0105 najwa\u017cniejsze!<br \/>\nDo zobaczenia za rok na Nocy z Andersenem.<\/p>\n<p>Maria Kirkiewicz<\/p>\n<p>&nbsp;<\/p>\n","protected":false},"excerpt":{"rendered":"<p>Sza\u0142owa Noc z Andersenem w Ostroszowicach. Rewelacyjne animatorki z Klubu Animacji Dzieci\u0119cych PESTKA i&#8230;MY! \u00a0 \u00a0 \u00a0 \u00a0 \u00a0 \u00a0 \u00a0 \u00a0 \u00a0 \u00a0 \u00a0 \u00a0 \u00a0 \u00a0 \u00a0 \u00a0 [&hellip;]<\/p>\n","protected":false},"author":1,"featured_media":0,"comment_status":"closed","ping_status":"open","sticky":false,"template":"","format":"standard","meta":{"ngg_post_thumbnail":0,"footnotes":""},"categories":[1],"tags":[],"class_list":["post-6363","post","type-post","status-publish","format-standard","hentry","category-uncategorized"],"_links":{"self":[{"href":"https:\/\/bibliotekamoscisko.pl\/index.php?rest_route=\/wp\/v2\/posts\/6363","targetHints":{"allow":["GET"]}}],"collection":[{"href":"https:\/\/bibliotekamoscisko.pl\/index.php?rest_route=\/wp\/v2\/posts"}],"about":[{"href":"https:\/\/bibliotekamoscisko.pl\/index.php?rest_route=\/wp\/v2\/types\/post"}],"author":[{"embeddable":true,"href":"https:\/\/bibliotekamoscisko.pl\/index.php?rest_route=\/wp\/v2\/users\/1"}],"replies":[{"embeddable":true,"href":"https:\/\/bibliotekamoscisko.pl\/index.php?rest_route=%2Fwp%2Fv2%2Fcomments&post=6363"}],"version-history":[{"count":5,"href":"https:\/\/bibliotekamoscisko.pl\/index.php?rest_route=\/wp\/v2\/posts\/6363\/revisions"}],"predecessor-version":[{"id":6373,"href":"https:\/\/bibliotekamoscisko.pl\/index.php?rest_route=\/wp\/v2\/posts\/6363\/revisions\/6373"}],"wp:attachment":[{"href":"https:\/\/bibliotekamoscisko.pl\/index.php?rest_route=%2Fwp%2Fv2%2Fmedia&parent=6363"}],"wp:term":[{"taxonomy":"category","embeddable":true,"href":"https:\/\/bibliotekamoscisko.pl\/index.php?rest_route=%2Fwp%2Fv2%2Fcategories&post=6363"},{"taxonomy":"post_tag","embeddable":true,"href":"https:\/\/bibliotekamoscisko.pl\/index.php?rest_route=%2Fwp%2Fv2%2Ftags&post=6363"}],"curies":[{"name":"wp","href":"https:\/\/api.w.org\/{rel}","templated":true}]}}