{"id":6383,"date":"2018-03-26T11:37:38","date_gmt":"2018-03-26T11:37:38","guid":{"rendered":"http:\/\/bibliotekamoscisko.pl\/?p=6383"},"modified":"2018-03-26T11:39:19","modified_gmt":"2018-03-26T11:39:19","slug":"kazdy-narod-zyje-dzielami-swojej-kultury","status":"publish","type":"post","link":"https:\/\/bibliotekamoscisko.pl\/?p=6383","title":{"rendered":"Ka\u017cdy nar\u00f3d \u017cyje dzie\u0142ami swojej kultury"},"content":{"rendered":"<p><em>Ka\u017cdy nar\u00f3d \u017cyje dzie\u0142ami swojej kultury. My, Polacy, na przyk\u0142ad, \u017cyjemy tym wszystkim ,czego pocz\u0105tek odnajdujemy w pie\u015bni Bogurodzica \u2013 najstarszej zapisanej polskiej poezji, jak te\u017c starodawnej melodii z ni\u0105 zwi\u0105zanej. (\u2026) Pie\u015b\u0144 Bogurodzica sta\u0142a si\u0119 hymnem narodowym, kt\u00f3ry jeszcze pod Grunwaldem prowadzi\u0142 zast\u0119py polskie i litewskie do walki z Krzy\u017cakami.<\/em><br \/>\n<em>\u00a0 \u00a0 \u00a0 \u00a0 \u00a0 \u00a0 \u00a0 \u00a0 \u00a0 \u00a0 \u00a0 \u00a0 \u00a0 \u00a0 \u00a0 \u00a0 \u00a0 \u00a0 \u00a0 \u00a0 \u00a0 \u00a0 \u00a0 \u00a0 \u00a0 \u00a0 \u00a0 \u00a0 \u00a0 \u00a0 \u00a0 \u00a0 \u00a0 \u00a0 \u00a0 \u00a0 \u00a0 \u00a0 \u00a0 \u00a0 \u00a0 \u00a0 \u00a0 \u00a0 \u00a0 \u00a0 \u00a0 \u00a0 \u00a0 \u00a0 \u00a0 \u00a0 \u00a0 \u00a0 \u00a0 \u00a0 \u00a0 \u00a0 \u00a0 \u00a0 \u00a0 \u00a0 \u00a0 \u00a0 \u00a0 \u00a0 \u00a0 \u00a0 \u00a0 \u00a0 \u00a0 \u00a0 \u00a0 \u00a0 \u00a0 \u00a0 \u00a0 \u00a0 \u00a0 \u00a0 \u00a0 \u00a0 \u00a0 \u00a0 \u00a0 \u00a0 \u00a0 \u00a0 \u00a0 \u00a0 \u00a0 \u00a0 \u00a0 \u00a0 \u00a0 \u00a0 \u00a0 \u00a0 \u00a0 \u00a0 \u00a0 Jan Pawe\u0142 II &#8222;Pami\u0119\u0107 i to\u017csamo\u015b\u0107&#8221;<\/em><em> \u00a0 \u00a0 \u00a0 \u00a0 \u00a0 \u00a0 \u00a0 \u00a0 \u00a0 \u00a0 \u00a0 \u00a0 \u00a0 \u00a0 \u00a0 \u00a0 \u00a0 \u00a0 \u00a0 \u00a0 \u00a0 \u00a0 \u00a0 \u00a0 \u00a0 \u00a0 \u00a0 \u00a0 \u00a0 \u00a0 \u00a0<strong> \u00a0 \u00a0 \u00a0 \u00a0 \u00a0 \u00a0 \u00a0 \u00a0 \u00a0 \u00a0 \u00a0 \u00a0 \u00a0 \u00a0 \u00a0 \u00a0 \u00a0 \u00a0 \u00a0 \u00a0 \u00a0 \u00a0 \u00a0 \u00a0 \u00a0 \u00a0 \u00a0 \u00a0 \u00a0 \u00a0 \u00a0 \u00a0 \u00a0 \u00a0 \u00a0 \u00a0 \u00a0\u00a0\u00a0 \u00a0 \u00a0 \u00a0 \u00a0 \u00a0 \u00a0 \u00a0 \u00a0 \u00a0<a href=\"http:\/\/bibliotekamoscisko.pl\/wp-content\/uploads\/2018\/03\/logo-100-lat.jpg\"><img decoding=\"async\" class=\"aligncenter size-medium wp-image-6384\" src=\"http:\/\/bibliotekamoscisko.pl\/wp-content\/uploads\/2018\/03\/logo-100-lat-300x152.jpg\" alt=\"logo-100-lat\" width=\"300\" height=\"152\" srcset=\"https:\/\/bibliotekamoscisko.pl\/wp-content\/uploads\/2018\/03\/logo-100-lat-300x152.jpg 300w, https:\/\/bibliotekamoscisko.pl\/wp-content\/uploads\/2018\/03\/logo-100-lat-768x389.jpg 768w, https:\/\/bibliotekamoscisko.pl\/wp-content\/uploads\/2018\/03\/logo-100-lat-2x1.jpg 2w, https:\/\/bibliotekamoscisko.pl\/wp-content\/uploads\/2018\/03\/logo-100-lat.jpg 1000w\" sizes=\"(max-width: 300px) 100vw, 300px\" \/><\/a><\/strong><\/em> 23 marca w Bibliotece w Ostroszowicach uczniowie klasy czwartej Szko\u0142y Podstawowej w Ostroszowicach uczestniczyli w pasjonuj\u0105cej lekcji historii.<br \/>\nNauczyciel Janusz G\u0142\u00f3d zaciekawi\u0142 uczni\u00f3w opowiadaniami o dziejach \u00a0wspania\u0142ego hymnu, jego znaczeniu dla rycerstwa, woj\u00f3w raz oraz wyt\u0142umaczy\u0142 symbolik\u0119 archaicznego tekstu. Por\u00f3wnanie tekstu ,,Bogurodzicy&#8221; do pisanej ikony bardzo przybli\u017cy\u0142o dzieciom trudny w odbiorze utw\u00f3r, a wys\u0142uchanie tej najstarszej utrwalonej polskiej pie\u015bni religijnej w formie audiobooka pozwoli\u0142o uczniom wyobrazi\u0107 sobie minione wieki.<br \/>\nKr\u00f3tka\u00a0 scenka dramatyczna oparta na motywach dzie\u0142a ,,Krzy\u017cacy&#8221; Henryka Sienkiewicza zaczynaj\u0105ca si\u0119 od s\u0142\u00f3w:<br \/>\n<em>,,Miecz\u00f3w ci u nas dostatek, ale i te przyjmuj\u0119 jako wr\u00f3\u017cb\u0119 zwyci\u0119stwa, kt\u00f3r\u0105 mi sam B\u00f3g przez wasze r\u0119ce zsy\u0142a. A pole bitwy On tak\u017ce wyznaczy. Do kt\u00f3rego sprawiedliwo\u015bci ninie si\u0119 odwo\u0142uj\u0119, skarg\u0119 na moj\u0105 krzywd\u0119 i wasz\u0105 nieprawo\u015b\u0107 a pych\u0119 zanosz\u0105c \u2013 amen&#8221; <\/em>wprowadzi\u0142a radosny nastr\u00f3j, a przy okazji okaza\u0142o si\u0119, \u017ce uczniowie znakomicie znaj\u0105 ten tekst.<br \/>\n<em>\u00a0<\/em>Pan Janusz G\u0142\u00f3d, historyk z pasj\u0105, znakomicie przygotowa\u0142 sw\u00f3j wyk\u0142ad o ,,Bogurodzicy&#8221;. Ogromne wra\u017cenie wywar\u0142a r\u00f3wnie\u017c kolekcja przedmiot\u00f3w pochodz\u0105cych z Dzier\u017coniowa, a znajduj\u0105ca si\u0119 w\u00a0 Muzeum Miejskim.<br \/>\nWrzeciono, dzbanek, kijanka oraz naczynia u\u017cytkowe podkre\u015bli\u0142y jak wielka jest warto\u015b\u0107 poznawania historii wieloma zmys\u0142ami.<\/p>\n<p>Nasze cykliczne spotkania w bibliotece\u00a0 w ramach <em>Narodowego Czytania tekst\u00f3w z Antologii Niepodleg\u0142o\u015bci<\/em> wpisuje si\u0119 w realizacj\u0119 lokalnego projektu <em>100 Lat Niepodleg\u0142o\u015bci \u015awi\u0119to Rado\u015bci.<\/em><\/p>\n<p><em>\u00a0 \u00a0 \u00a0 \u00a0 \u00a0 \u00a0 \u00a0 Nar\u00f3d bez dziej\u00f3w, bez historii, bez przesz\u0142o\u015bci, staje si\u0119 wkr\u00f3tce narodem bez ziemi, narodem bezdomnym, bez przysz\u0142o\u015bci.<br \/>\n\/ Kardyna\u0142 Stefan Wyszy\u0144ski\/<\/em><\/p>\n<p><em><br \/>\n<\/em><\/p>\n<div id='gallery-1' class='gallery galleryid-6383 gallery-columns-3 gallery-size-thumbnail'><figure class='gallery-item'>\n\t\t\t<div class='gallery-icon landscape'>\n\t\t\t\t<a href='https:\/\/bibliotekamoscisko.pl\/?attachment_id=6385'><img decoding=\"async\" width=\"150\" height=\"150\" src=\"https:\/\/bibliotekamoscisko.pl\/wp-content\/uploads\/2018\/03\/DSC_0938-150x150.jpeg\" class=\"attachment-thumbnail size-thumbnail\" alt=\"\" srcset=\"https:\/\/bibliotekamoscisko.pl\/wp-content\/uploads\/2018\/03\/DSC_0938-150x150.jpeg 150w, https:\/\/bibliotekamoscisko.pl\/wp-content\/uploads\/2018\/03\/DSC_0938-1x1.jpeg 1w\" sizes=\"(max-width: 150px) 100vw, 150px\" \/><\/a>\n\t\t\t<\/div><\/figure><figure class='gallery-item'>\n\t\t\t<div class='gallery-icon portrait'>\n\t\t\t\t<a href='https:\/\/bibliotekamoscisko.pl\/?attachment_id=6386'><img decoding=\"async\" width=\"150\" height=\"150\" src=\"https:\/\/bibliotekamoscisko.pl\/wp-content\/uploads\/2018\/03\/DSC_0941-150x150.jpeg\" class=\"attachment-thumbnail size-thumbnail\" alt=\"\" srcset=\"https:\/\/bibliotekamoscisko.pl\/wp-content\/uploads\/2018\/03\/DSC_0941-150x150.jpeg 150w, https:\/\/bibliotekamoscisko.pl\/wp-content\/uploads\/2018\/03\/DSC_0941-1x1.jpeg 1w\" sizes=\"(max-width: 150px) 100vw, 150px\" \/><\/a>\n\t\t\t<\/div><\/figure><figure class='gallery-item'>\n\t\t\t<div class='gallery-icon landscape'>\n\t\t\t\t<a href='https:\/\/bibliotekamoscisko.pl\/?attachment_id=6387'><img loading=\"lazy\" decoding=\"async\" width=\"150\" height=\"150\" src=\"https:\/\/bibliotekamoscisko.pl\/wp-content\/uploads\/2018\/03\/DSC_0944-150x150.jpeg\" class=\"attachment-thumbnail size-thumbnail\" alt=\"\" srcset=\"https:\/\/bibliotekamoscisko.pl\/wp-content\/uploads\/2018\/03\/DSC_0944-150x150.jpeg 150w, https:\/\/bibliotekamoscisko.pl\/wp-content\/uploads\/2018\/03\/DSC_0944-1x1.jpeg 1w\" sizes=\"(max-width: 150px) 100vw, 150px\" \/><\/a>\n\t\t\t<\/div><\/figure><figure class='gallery-item'>\n\t\t\t<div class='gallery-icon landscape'>\n\t\t\t\t<a href='https:\/\/bibliotekamoscisko.pl\/?attachment_id=6388'><img loading=\"lazy\" decoding=\"async\" width=\"150\" height=\"150\" src=\"https:\/\/bibliotekamoscisko.pl\/wp-content\/uploads\/2018\/03\/DSC_0955-150x150.jpeg\" class=\"attachment-thumbnail size-thumbnail\" alt=\"\" srcset=\"https:\/\/bibliotekamoscisko.pl\/wp-content\/uploads\/2018\/03\/DSC_0955-150x150.jpeg 150w, https:\/\/bibliotekamoscisko.pl\/wp-content\/uploads\/2018\/03\/DSC_0955-1x1.jpeg 1w\" sizes=\"(max-width: 150px) 100vw, 150px\" \/><\/a>\n\t\t\t<\/div><\/figure><figure class='gallery-item'>\n\t\t\t<div class='gallery-icon landscape'>\n\t\t\t\t<a href='https:\/\/bibliotekamoscisko.pl\/?attachment_id=6389'><img loading=\"lazy\" decoding=\"async\" width=\"150\" height=\"150\" src=\"https:\/\/bibliotekamoscisko.pl\/wp-content\/uploads\/2018\/03\/DSC_0963-150x150.jpeg\" class=\"attachment-thumbnail size-thumbnail\" alt=\"\" srcset=\"https:\/\/bibliotekamoscisko.pl\/wp-content\/uploads\/2018\/03\/DSC_0963-150x150.jpeg 150w, https:\/\/bibliotekamoscisko.pl\/wp-content\/uploads\/2018\/03\/DSC_0963-1x1.jpeg 1w\" sizes=\"(max-width: 150px) 100vw, 150px\" \/><\/a>\n\t\t\t<\/div><\/figure><figure class='gallery-item'>\n\t\t\t<div class='gallery-icon portrait'>\n\t\t\t\t<a href='https:\/\/bibliotekamoscisko.pl\/?attachment_id=6392'><img loading=\"lazy\" decoding=\"async\" width=\"150\" height=\"150\" src=\"https:\/\/bibliotekamoscisko.pl\/wp-content\/uploads\/2018\/03\/DSC_0974-150x150.jpeg\" class=\"attachment-thumbnail size-thumbnail\" alt=\"\" srcset=\"https:\/\/bibliotekamoscisko.pl\/wp-content\/uploads\/2018\/03\/DSC_0974-150x150.jpeg 150w, https:\/\/bibliotekamoscisko.pl\/wp-content\/uploads\/2018\/03\/DSC_0974-1x1.jpeg 1w\" sizes=\"(max-width: 150px) 100vw, 150px\" \/><\/a>\n\t\t\t<\/div><\/figure><figure class='gallery-item'>\n\t\t\t<div class='gallery-icon landscape'>\n\t\t\t\t<a href='https:\/\/bibliotekamoscisko.pl\/?attachment_id=6393'><img loading=\"lazy\" decoding=\"async\" width=\"150\" height=\"150\" src=\"https:\/\/bibliotekamoscisko.pl\/wp-content\/uploads\/2018\/03\/DSC_0975-150x150.jpeg\" class=\"attachment-thumbnail size-thumbnail\" alt=\"\" srcset=\"https:\/\/bibliotekamoscisko.pl\/wp-content\/uploads\/2018\/03\/DSC_0975-150x150.jpeg 150w, https:\/\/bibliotekamoscisko.pl\/wp-content\/uploads\/2018\/03\/DSC_0975-1x1.jpeg 1w\" sizes=\"(max-width: 150px) 100vw, 150px\" \/><\/a>\n\t\t\t<\/div><\/figure><figure class='gallery-item'>\n\t\t\t<div class='gallery-icon landscape'>\n\t\t\t\t<a href='https:\/\/bibliotekamoscisko.pl\/?attachment_id=6394'><img loading=\"lazy\" decoding=\"async\" width=\"150\" height=\"150\" src=\"https:\/\/bibliotekamoscisko.pl\/wp-content\/uploads\/2018\/03\/DSC_0977-150x150.jpeg\" class=\"attachment-thumbnail size-thumbnail\" alt=\"\" srcset=\"https:\/\/bibliotekamoscisko.pl\/wp-content\/uploads\/2018\/03\/DSC_0977-150x150.jpeg 150w, https:\/\/bibliotekamoscisko.pl\/wp-content\/uploads\/2018\/03\/DSC_0977-1x1.jpeg 1w\" sizes=\"(max-width: 150px) 100vw, 150px\" \/><\/a>\n\t\t\t<\/div><\/figure><figure class='gallery-item'>\n\t\t\t<div class='gallery-icon portrait'>\n\t\t\t\t<a href='https:\/\/bibliotekamoscisko.pl\/?attachment_id=6395'><img loading=\"lazy\" decoding=\"async\" width=\"150\" height=\"150\" src=\"https:\/\/bibliotekamoscisko.pl\/wp-content\/uploads\/2018\/03\/DSC_0981-150x150.jpeg\" class=\"attachment-thumbnail size-thumbnail\" alt=\"\" srcset=\"https:\/\/bibliotekamoscisko.pl\/wp-content\/uploads\/2018\/03\/DSC_0981-150x150.jpeg 150w, https:\/\/bibliotekamoscisko.pl\/wp-content\/uploads\/2018\/03\/DSC_0981-1x1.jpeg 1w\" sizes=\"(max-width: 150px) 100vw, 150px\" \/><\/a>\n\t\t\t<\/div><\/figure>\n\t\t<\/div>\n\n<p><em>\u00a0<\/em><\/p>\n<p><em>Maria Kirkiewicz<\/em><\/p>\n","protected":false},"excerpt":{"rendered":"<p>Ka\u017cdy nar\u00f3d \u017cyje dzie\u0142ami swojej kultury. My, Polacy, na przyk\u0142ad, \u017cyjemy tym wszystkim ,czego pocz\u0105tek odnajdujemy w pie\u015bni Bogurodzica \u2013 najstarszej zapisanej polskiej poezji, jak te\u017c starodawnej melodii z ni\u0105 [&hellip;]<\/p>\n","protected":false},"author":1,"featured_media":0,"comment_status":"closed","ping_status":"open","sticky":false,"template":"","format":"standard","meta":{"ngg_post_thumbnail":0,"footnotes":""},"categories":[1],"tags":[],"class_list":["post-6383","post","type-post","status-publish","format-standard","hentry","category-uncategorized"],"_links":{"self":[{"href":"https:\/\/bibliotekamoscisko.pl\/index.php?rest_route=\/wp\/v2\/posts\/6383","targetHints":{"allow":["GET"]}}],"collection":[{"href":"https:\/\/bibliotekamoscisko.pl\/index.php?rest_route=\/wp\/v2\/posts"}],"about":[{"href":"https:\/\/bibliotekamoscisko.pl\/index.php?rest_route=\/wp\/v2\/types\/post"}],"author":[{"embeddable":true,"href":"https:\/\/bibliotekamoscisko.pl\/index.php?rest_route=\/wp\/v2\/users\/1"}],"replies":[{"embeddable":true,"href":"https:\/\/bibliotekamoscisko.pl\/index.php?rest_route=%2Fwp%2Fv2%2Fcomments&post=6383"}],"version-history":[{"count":4,"href":"https:\/\/bibliotekamoscisko.pl\/index.php?rest_route=\/wp\/v2\/posts\/6383\/revisions"}],"predecessor-version":[{"id":6399,"href":"https:\/\/bibliotekamoscisko.pl\/index.php?rest_route=\/wp\/v2\/posts\/6383\/revisions\/6399"}],"wp:attachment":[{"href":"https:\/\/bibliotekamoscisko.pl\/index.php?rest_route=%2Fwp%2Fv2%2Fmedia&parent=6383"}],"wp:term":[{"taxonomy":"category","embeddable":true,"href":"https:\/\/bibliotekamoscisko.pl\/index.php?rest_route=%2Fwp%2Fv2%2Fcategories&post=6383"},{"taxonomy":"post_tag","embeddable":true,"href":"https:\/\/bibliotekamoscisko.pl\/index.php?rest_route=%2Fwp%2Fv2%2Ftags&post=6383"}],"curies":[{"name":"wp","href":"https:\/\/api.w.org\/{rel}","templated":true}]}}