{"id":6444,"date":"2018-04-06T12:51:52","date_gmt":"2018-04-06T12:51:52","guid":{"rendered":"http:\/\/bibliotekamoscisko.pl\/?p=6444"},"modified":"2018-04-06T12:51:52","modified_gmt":"2018-04-06T12:51:52","slug":"550-rocznica-smierci-zlotnika-i-drukarza-z-moguncji","status":"publish","type":"post","link":"https:\/\/bibliotekamoscisko.pl\/?p=6444","title":{"rendered":"550 rocznica \u015bmierci z\u0142otnika i drukarza z Moguncji"},"content":{"rendered":"<p style=\"text-align: center;\"><strong>550 rocznica \u015bmierci z\u0142otnika i\u00a0drukarza z\u00a0Moguncji<\/strong><\/p>\n<p>Zapraszamy do obejrzenia wystawy pt. \u201eJohannes Gutenberg i historia pierwszych druk\u00f3w\u201d. W 2018r. przypada \u00a0550 rocznica \u015bmierci z\u0142otnika i\u00a0drukarza z\u00a0Moguncji, kt\u00f3ry opatentowa\u0142 odlewanie czcionek z\u00a0wymiennych matryc oraz\u00a0skonstruowa\u0142 pierwsz\u0105 pras\u0119 drukarsk\u0105. Jego wynalazek nie\u00a0tylko zako\u0144czy\u0142 epok\u0119 \u015bredniowiecza, ale\u00a0te\u017c zmieni\u0142 oblicze kultury europejskiej.<\/p>\n<p>Wystaw\u0119 mo\u017cna obejrze\u0107 w czytelni Biblioteki Publicznej Gminy Dzier\u017coni\u00f3w im. W\u0142adys\u0142awa Reymonta w Mo\u015bcisku w godzinach pracy wypo\u017cyczalni.<\/p>\n<p><a href=\"http:\/\/bibliotekamoscisko.pl\/wp-content\/uploads\/2018\/04\/Gutenberg.jpg\"><img fetchpriority=\"high\" decoding=\"async\" class=\"aligncenter wp-image-6445 size-large\" src=\"http:\/\/bibliotekamoscisko.pl\/wp-content\/uploads\/2018\/04\/Gutenberg-806x1024.jpg\" alt=\"Gutenberg\" width=\"654\" height=\"831\" srcset=\"https:\/\/bibliotekamoscisko.pl\/wp-content\/uploads\/2018\/04\/Gutenberg-806x1024.jpg 806w, https:\/\/bibliotekamoscisko.pl\/wp-content\/uploads\/2018\/04\/Gutenberg-236x300.jpg 236w, https:\/\/bibliotekamoscisko.pl\/wp-content\/uploads\/2018\/04\/Gutenberg-768x976.jpg 768w, https:\/\/bibliotekamoscisko.pl\/wp-content\/uploads\/2018\/04\/Gutenberg-1x1.jpg 1w, https:\/\/bibliotekamoscisko.pl\/wp-content\/uploads\/2018\/04\/Gutenberg.jpg 1040w\" sizes=\"(max-width: 654px) 100vw, 654px\" \/><\/a><\/p>\n<p>Wystaw\u0119 udost\u0119pni\u0142a Miejsko-Powiatowa Biblioteka Publiczna im. Krzysztofa Kamila Baczy\u0144skiego w Dzier\u017coniowie.<\/p>\n","protected":false},"excerpt":{"rendered":"<p>550 rocznica \u015bmierci z\u0142otnika i\u00a0drukarza z\u00a0Moguncji Zapraszamy do obejrzenia wystawy pt. \u201eJohannes Gutenberg i historia pierwszych druk\u00f3w\u201d. W 2018r. przypada \u00a0550 rocznica \u015bmierci z\u0142otnika i\u00a0drukarza z\u00a0Moguncji, kt\u00f3ry opatentowa\u0142 odlewanie czcionek [&hellip;]<\/p>\n","protected":false},"author":1,"featured_media":0,"comment_status":"closed","ping_status":"open","sticky":false,"template":"","format":"standard","meta":{"ngg_post_thumbnail":0,"footnotes":""},"categories":[1],"tags":[],"class_list":["post-6444","post","type-post","status-publish","format-standard","hentry","category-uncategorized"],"_links":{"self":[{"href":"https:\/\/bibliotekamoscisko.pl\/index.php?rest_route=\/wp\/v2\/posts\/6444","targetHints":{"allow":["GET"]}}],"collection":[{"href":"https:\/\/bibliotekamoscisko.pl\/index.php?rest_route=\/wp\/v2\/posts"}],"about":[{"href":"https:\/\/bibliotekamoscisko.pl\/index.php?rest_route=\/wp\/v2\/types\/post"}],"author":[{"embeddable":true,"href":"https:\/\/bibliotekamoscisko.pl\/index.php?rest_route=\/wp\/v2\/users\/1"}],"replies":[{"embeddable":true,"href":"https:\/\/bibliotekamoscisko.pl\/index.php?rest_route=%2Fwp%2Fv2%2Fcomments&post=6444"}],"version-history":[{"count":1,"href":"https:\/\/bibliotekamoscisko.pl\/index.php?rest_route=\/wp\/v2\/posts\/6444\/revisions"}],"predecessor-version":[{"id":6446,"href":"https:\/\/bibliotekamoscisko.pl\/index.php?rest_route=\/wp\/v2\/posts\/6444\/revisions\/6446"}],"wp:attachment":[{"href":"https:\/\/bibliotekamoscisko.pl\/index.php?rest_route=%2Fwp%2Fv2%2Fmedia&parent=6444"}],"wp:term":[{"taxonomy":"category","embeddable":true,"href":"https:\/\/bibliotekamoscisko.pl\/index.php?rest_route=%2Fwp%2Fv2%2Fcategories&post=6444"},{"taxonomy":"post_tag","embeddable":true,"href":"https:\/\/bibliotekamoscisko.pl\/index.php?rest_route=%2Fwp%2Fv2%2Ftags&post=6444"}],"curies":[{"name":"wp","href":"https:\/\/api.w.org\/{rel}","templated":true}]}}