{"id":6447,"date":"2018-04-09T11:57:20","date_gmt":"2018-04-09T11:57:20","guid":{"rendered":"http:\/\/bibliotekamoscisko.pl\/?p=6447"},"modified":"2018-04-12T06:47:39","modified_gmt":"2018-04-12T06:47:39","slug":"swiatowy-dzien-czekolady-2","status":"publish","type":"post","link":"https:\/\/bibliotekamoscisko.pl\/?p=6447","title":{"rendered":"\u015awiatowy Dzie\u0144 Czekolady"},"content":{"rendered":"<p style=\"text-align: center;\">Biblioteka w Mo\u015bcisku zaprasza do wsp\u00f3lnego s\u0142odkiego \u015bwi\u0119towania!<\/p>\n<p><a href=\"http:\/\/bibliotekamoscisko.pl\/wp-content\/uploads\/2018\/04\/dzie\u0144-czekolady-2018.jpg\"><img fetchpriority=\"high\" decoding=\"async\" class=\"aligncenter wp-image-6448 size-large\" src=\"http:\/\/bibliotekamoscisko.pl\/wp-content\/uploads\/2018\/04\/dzie\u0144-czekolady-2018-1024x717.jpg\" alt=\"dzie\u0144 czekolady 2018\" width=\"654\" height=\"458\" srcset=\"https:\/\/bibliotekamoscisko.pl\/wp-content\/uploads\/2018\/04\/dzie\u0144-czekolady-2018-1024x717.jpg 1024w, https:\/\/bibliotekamoscisko.pl\/wp-content\/uploads\/2018\/04\/dzie\u0144-czekolady-2018-300x210.jpg 300w, https:\/\/bibliotekamoscisko.pl\/wp-content\/uploads\/2018\/04\/dzie\u0144-czekolady-2018-768x538.jpg 768w, https:\/\/bibliotekamoscisko.pl\/wp-content\/uploads\/2018\/04\/dzie\u0144-czekolady-2018-1x1.jpg 1w, https:\/\/bibliotekamoscisko.pl\/wp-content\/uploads\/2018\/04\/dzie\u0144-czekolady-2018.jpg 1094w\" sizes=\"(max-width: 654px) 100vw, 654px\" \/><\/a><\/p>\n<p style=\"text-align: center;\"><a href=\"http:\/\/bibliotekamoscisko.pl\/wp-content\/uploads\/2018\/04\/cecylka-2.jpg\"><img decoding=\"async\" class=\"aligncenter size-full wp-image-6458\" src=\"http:\/\/bibliotekamoscisko.pl\/wp-content\/uploads\/2018\/04\/cecylka-2.jpg\" alt=\"cecylka 2\" width=\"625\" height=\"352\" srcset=\"https:\/\/bibliotekamoscisko.pl\/wp-content\/uploads\/2018\/04\/cecylka-2.jpg 625w, https:\/\/bibliotekamoscisko.pl\/wp-content\/uploads\/2018\/04\/cecylka-2-300x169.jpg 300w, https:\/\/bibliotekamoscisko.pl\/wp-content\/uploads\/2018\/04\/cecylka-2-2x1.jpg 2w\" sizes=\"(max-width: 625px) 100vw, 625px\" \/><\/a>Biblioteka w Pi\u0142awie Dolnej zaprasza na s\u0142odkie szale\u0144stwo 12 kwietnia w samo po\u0142udnie!<\/p>\n<p style=\"text-align: center;\">13 w pi\u0105tek! Nie b\u0119dzie pechowy<span class=\"_5mfr _47e3\"><img decoding=\"async\" class=\"img\" src=\"https:\/\/static.xx.fbcdn.net\/images\/emoji.php\/v9\/f7f\/1\/16\/1f60a.png\" alt=\"\" width=\"16\" height=\"16\" \/><span class=\"_7oe\">\ud83d\ude0a<\/span><\/span> Zapraszamy wszystkich \u0141asuch\u00f3w na \u015awi\u0119to czekolady do biblioteki w Uciechowie!. Startujemy o 15:30<span class=\"_5mfr _47e3\"><img loading=\"lazy\" decoding=\"async\" class=\"img\" src=\"https:\/\/static.xx.fbcdn.net\/images\/emoji.php\/v9\/f0\/1\/16\/1f60b.png\" alt=\"\" width=\"16\" height=\"16\" \/><\/span><\/p>\n","protected":false},"excerpt":{"rendered":"<p>Biblioteka w Mo\u015bcisku zaprasza do wsp\u00f3lnego s\u0142odkiego \u015bwi\u0119towania! Biblioteka w Pi\u0142awie Dolnej zaprasza na s\u0142odkie szale\u0144stwo 12 kwietnia w samo po\u0142udnie! 13 w pi\u0105tek! Nie b\u0119dzie pechowy\ud83d\ude0a Zapraszamy wszystkich \u0141asuch\u00f3w [&hellip;]<\/p>\n","protected":false},"author":1,"featured_media":0,"comment_status":"closed","ping_status":"open","sticky":false,"template":"","format":"standard","meta":{"ngg_post_thumbnail":0,"footnotes":""},"categories":[1],"tags":[],"class_list":["post-6447","post","type-post","status-publish","format-standard","hentry","category-uncategorized"],"_links":{"self":[{"href":"https:\/\/bibliotekamoscisko.pl\/index.php?rest_route=\/wp\/v2\/posts\/6447","targetHints":{"allow":["GET"]}}],"collection":[{"href":"https:\/\/bibliotekamoscisko.pl\/index.php?rest_route=\/wp\/v2\/posts"}],"about":[{"href":"https:\/\/bibliotekamoscisko.pl\/index.php?rest_route=\/wp\/v2\/types\/post"}],"author":[{"embeddable":true,"href":"https:\/\/bibliotekamoscisko.pl\/index.php?rest_route=\/wp\/v2\/users\/1"}],"replies":[{"embeddable":true,"href":"https:\/\/bibliotekamoscisko.pl\/index.php?rest_route=%2Fwp%2Fv2%2Fcomments&post=6447"}],"version-history":[{"count":4,"href":"https:\/\/bibliotekamoscisko.pl\/index.php?rest_route=\/wp\/v2\/posts\/6447\/revisions"}],"predecessor-version":[{"id":6460,"href":"https:\/\/bibliotekamoscisko.pl\/index.php?rest_route=\/wp\/v2\/posts\/6447\/revisions\/6460"}],"wp:attachment":[{"href":"https:\/\/bibliotekamoscisko.pl\/index.php?rest_route=%2Fwp%2Fv2%2Fmedia&parent=6447"}],"wp:term":[{"taxonomy":"category","embeddable":true,"href":"https:\/\/bibliotekamoscisko.pl\/index.php?rest_route=%2Fwp%2Fv2%2Fcategories&post=6447"},{"taxonomy":"post_tag","embeddable":true,"href":"https:\/\/bibliotekamoscisko.pl\/index.php?rest_route=%2Fwp%2Fv2%2Ftags&post=6447"}],"curies":[{"name":"wp","href":"https:\/\/api.w.org\/{rel}","templated":true}]}}