{"id":6499,"date":"2018-04-17T11:42:41","date_gmt":"2018-04-17T11:42:41","guid":{"rendered":"http:\/\/bibliotekamoscisko.pl\/?p=6499"},"modified":"2018-04-17T11:42:41","modified_gmt":"2018-04-17T11:42:41","slug":"spotkanie-z-adamem-lizakowskim-w-owiesnie","status":"publish","type":"post","link":"https:\/\/bibliotekamoscisko.pl\/?p=6499","title":{"rendered":"Spotkanie z Adamem Lizakowskim w Owie\u015bnie"},"content":{"rendered":"<p><strong>\u00a0<\/strong><\/p>\n<p>W dobie Internetu coraz cz\u0119\u015bciej brakuje nam bezpo\u015bredniego kontaktu z drugim cz\u0142owiekiem, ale na szcz\u0119\u015bcie s\u0105 jeszcze spotkania, kt\u00f3rych Internet nie zast\u0105pi &#8211; spotkania autorskie, czyli fizyczny kontakt z pisarzem, jego bezpo\u015brednia rozmowa z czytelnikiem. To tak\u017ce jedna z form popularyzacji literatury, s\u0142u\u017c\u0105ca promocji ksi\u0105\u017cek i ich tw\u00f3rc\u00f3w.\u00a0 Takie spotkanie mia\u0142o miejsce w pi\u0105tek 13 kwietnia bibliotece w Owie\u015bnie, kt\u00f3ra go\u015bci\u0142a niezwyk\u0142ego go\u015bcia &#8211; poet\u0119 Adama Lizakowskiego.<a href=\"http:\/\/bibliotekamoscisko.pl\/wp-content\/uploads\/2018\/04\/IMG_20180413_164504.jpg\"><img fetchpriority=\"high\" decoding=\"async\" class=\"alignright size-medium wp-image-6503\" src=\"http:\/\/bibliotekamoscisko.pl\/wp-content\/uploads\/2018\/04\/IMG_20180413_164504-214x300.jpg\" alt=\"IMG_20180413_164504\" width=\"214\" height=\"300\" srcset=\"https:\/\/bibliotekamoscisko.pl\/wp-content\/uploads\/2018\/04\/IMG_20180413_164504-214x300.jpg 214w, https:\/\/bibliotekamoscisko.pl\/wp-content\/uploads\/2018\/04\/IMG_20180413_164504-1x1.jpg 1w, https:\/\/bibliotekamoscisko.pl\/wp-content\/uploads\/2018\/04\/IMG_20180413_164504.jpg 570w\" sizes=\"(max-width: 214px) 100vw, 214px\" \/><\/a><br \/>\nNa spotkaniu poeta opowiada\u0142 o swojej tw\u00f3rczo\u015bci\u00a0 oraz promowa\u0142 najnowszy tomik pt. \u201eJak zdobyto Dziki Zach\u00f3d\u201d. Ksi\u0105\u017cka zosta\u0142a podzielona na cz\u0119\u015b\u0107 polsk\u0105 i kalifornijsk\u0105, emigracyjno-ameryka\u0144sk\u0105. Cz\u0119\u015b\u0107 polska to okres od wybuchu II wojny \u015bwiatowej do dzisiaj; druga za\u015b rozpoczyna si\u0119 od XVI- wiecznej kr\u00f3tkiej historii Kalifornii, ko\u0144cz\u0105c stanem wojennym i przyst\u0105pieniem Polski do Unii Europejskiej. Tomik \u201eJak zdobyto Dziki Zach\u00f3d\u201d dedykowany jest ojcu\u00a0 poety, przesiedle\u0144cowi ze Wschodu.\u00a0 Jest to poezja o poszukiwaniu w\u0142asnego miejsca na ziemi i w\u0142asnej to\u017csamo\u015bci, w\u0142asnego ja. \u00a0\u00a0\u00a0\u00a0\u00a0\u00a0\u00a0\u00a0 Dyskusja rozwin\u0119\u0142a si\u0119 g\u0142\u00f3wnie wok\u00f3\u0142 pierwszej cz\u0119\u015bci, gdy\u017c dotyczy los\u00f3w ludzi, kt\u00f3rzy zasiedlali Dolny \u015al\u0105sk po wojnie i tych, kt\u00f3rzy zmuszeni byli te ziemie opu\u015bci\u0107. Nasza miejscowo\u015b\u0107 jest tego przyk\u0142adem. Wielokulturowo\u015b\u0107 tych teren\u00f3w zaraz po zako\u0144czeniu wojny, kt\u00f3r\u0105 zamieszkiwali \u017bydzi, Grecy, Niemcy i przybyli Kresowiacy uzmys\u0142awia nam r\u00f3wnie\u017c podobie\u0144stwa mi\u0119dzy tak odleg\u0142ymi zak\u0105tkami globu jak Dolny \u015al\u0105sk i Kalifornia, kt\u00f3r\u0105 r\u00f3wnie\u017c zamieszkiwali i zamieszkuj\u0105 ludzie r\u00f3\u017cnych narodowo\u015bci, m.in. Indianie, Anglicy, Niemcy, Hiszpanie Chi\u0144czycy, Japo\u0144czycy.<br \/>\nPodczas spotkania poeta z charakterystyczn\u0105 dla siebie swobod\u0105 opowiada\u0142 o epizodach z okresu\u00a0 swojego \u017cycia w Ameryce, o tym jak wyjecha\u0142 za chlebem, za lepszym \u017cyciem oraz wiele ciekawych historii ze swojego \u017cycia, kt\u00f3re mia\u0142y wp\u0142yw na jego tw\u00f3rczo\u015b\u0107. Spotkanie przebieg\u0142o w\u00a0 przemi\u0142ej atmosferze i dla wi\u0119kszo\u015bci odbiorc\u00f3w by\u0142o prawdziw\u0105 uczt\u0105 duchow\u0105.<br \/>\nWarto si\u0119gn\u0105\u0107 po najnowsz\u0105 poezj\u0119 Adama Lizakowskiego, poniewa\u017c m\u00f3wi o wa\u017cnych rzeczach dotycz\u0105cych mieszka\u0144c\u00f3w Dolnego \u015al\u0105ska i ziemi dzier\u017coniowskiej.<\/p>\n<p><div id='gallery-1' class='gallery galleryid-6499 gallery-columns-3 gallery-size-thumbnail'><figure class='gallery-item'>\n\t\t\t<div class='gallery-icon landscape'>\n\t\t\t\t<a href='https:\/\/bibliotekamoscisko.pl\/?attachment_id=6500'><img decoding=\"async\" width=\"150\" height=\"150\" src=\"https:\/\/bibliotekamoscisko.pl\/wp-content\/uploads\/2018\/04\/IMG_20180413_163330-150x150.jpg\" class=\"attachment-thumbnail size-thumbnail\" alt=\"\" srcset=\"https:\/\/bibliotekamoscisko.pl\/wp-content\/uploads\/2018\/04\/IMG_20180413_163330-150x150.jpg 150w, https:\/\/bibliotekamoscisko.pl\/wp-content\/uploads\/2018\/04\/IMG_20180413_163330-1x1.jpg 1w\" sizes=\"(max-width: 150px) 100vw, 150px\" \/><\/a>\n\t\t\t<\/div><\/figure><figure class='gallery-item'>\n\t\t\t<div class='gallery-icon portrait'>\n\t\t\t\t<a href='https:\/\/bibliotekamoscisko.pl\/?attachment_id=6501'><img decoding=\"async\" width=\"150\" height=\"150\" src=\"https:\/\/bibliotekamoscisko.pl\/wp-content\/uploads\/2018\/04\/IMG_20180413_163726-150x150.jpg\" class=\"attachment-thumbnail size-thumbnail\" alt=\"\" srcset=\"https:\/\/bibliotekamoscisko.pl\/wp-content\/uploads\/2018\/04\/IMG_20180413_163726-150x150.jpg 150w, https:\/\/bibliotekamoscisko.pl\/wp-content\/uploads\/2018\/04\/IMG_20180413_163726-1x1.jpg 1w\" sizes=\"(max-width: 150px) 100vw, 150px\" \/><\/a>\n\t\t\t<\/div><\/figure><figure class='gallery-item'>\n\t\t\t<div class='gallery-icon landscape'>\n\t\t\t\t<a href='https:\/\/bibliotekamoscisko.pl\/?attachment_id=6502'><img loading=\"lazy\" decoding=\"async\" width=\"150\" height=\"150\" src=\"https:\/\/bibliotekamoscisko.pl\/wp-content\/uploads\/2018\/04\/IMG_20180413_163750-150x150.jpg\" class=\"attachment-thumbnail size-thumbnail\" alt=\"\" srcset=\"https:\/\/bibliotekamoscisko.pl\/wp-content\/uploads\/2018\/04\/IMG_20180413_163750-150x150.jpg 150w, https:\/\/bibliotekamoscisko.pl\/wp-content\/uploads\/2018\/04\/IMG_20180413_163750-1x1.jpg 1w\" sizes=\"(max-width: 150px) 100vw, 150px\" \/><\/a>\n\t\t\t<\/div><\/figure><figure class='gallery-item'>\n\t\t\t<div class='gallery-icon landscape'>\n\t\t\t\t<a href='https:\/\/bibliotekamoscisko.pl\/?attachment_id=6504'><img loading=\"lazy\" decoding=\"async\" width=\"150\" height=\"150\" src=\"https:\/\/bibliotekamoscisko.pl\/wp-content\/uploads\/2018\/04\/IMG_20180413_174426-150x150.jpg\" class=\"attachment-thumbnail size-thumbnail\" alt=\"\" srcset=\"https:\/\/bibliotekamoscisko.pl\/wp-content\/uploads\/2018\/04\/IMG_20180413_174426-150x150.jpg 150w, https:\/\/bibliotekamoscisko.pl\/wp-content\/uploads\/2018\/04\/IMG_20180413_174426-1x1.jpg 1w\" sizes=\"(max-width: 150px) 100vw, 150px\" \/><\/a>\n\t\t\t<\/div><\/figure><figure class='gallery-item'>\n\t\t\t<div class='gallery-icon landscape'>\n\t\t\t\t<a href='https:\/\/bibliotekamoscisko.pl\/?attachment_id=6505'><img loading=\"lazy\" decoding=\"async\" width=\"150\" height=\"150\" src=\"https:\/\/bibliotekamoscisko.pl\/wp-content\/uploads\/2018\/04\/IMG_20180413_174659-150x150.jpg\" class=\"attachment-thumbnail size-thumbnail\" alt=\"\" srcset=\"https:\/\/bibliotekamoscisko.pl\/wp-content\/uploads\/2018\/04\/IMG_20180413_174659-150x150.jpg 150w, https:\/\/bibliotekamoscisko.pl\/wp-content\/uploads\/2018\/04\/IMG_20180413_174659-1x1.jpg 1w\" sizes=\"(max-width: 150px) 100vw, 150px\" \/><\/a>\n\t\t\t<\/div><\/figure>\n\t\t<\/div>\n<br \/>\nJ.P.<\/p>\n","protected":false},"excerpt":{"rendered":"<p>\u00a0 W dobie Internetu coraz cz\u0119\u015bciej brakuje nam bezpo\u015bredniego kontaktu z drugim cz\u0142owiekiem, ale na szcz\u0119\u015bcie s\u0105 jeszcze spotkania, kt\u00f3rych Internet nie zast\u0105pi &#8211; spotkania autorskie, czyli fizyczny kontakt z [&hellip;]<\/p>\n","protected":false},"author":1,"featured_media":0,"comment_status":"closed","ping_status":"open","sticky":false,"template":"","format":"standard","meta":{"ngg_post_thumbnail":0,"footnotes":""},"categories":[1],"tags":[],"class_list":["post-6499","post","type-post","status-publish","format-standard","hentry","category-uncategorized"],"_links":{"self":[{"href":"https:\/\/bibliotekamoscisko.pl\/index.php?rest_route=\/wp\/v2\/posts\/6499","targetHints":{"allow":["GET"]}}],"collection":[{"href":"https:\/\/bibliotekamoscisko.pl\/index.php?rest_route=\/wp\/v2\/posts"}],"about":[{"href":"https:\/\/bibliotekamoscisko.pl\/index.php?rest_route=\/wp\/v2\/types\/post"}],"author":[{"embeddable":true,"href":"https:\/\/bibliotekamoscisko.pl\/index.php?rest_route=\/wp\/v2\/users\/1"}],"replies":[{"embeddable":true,"href":"https:\/\/bibliotekamoscisko.pl\/index.php?rest_route=%2Fwp%2Fv2%2Fcomments&post=6499"}],"version-history":[{"count":1,"href":"https:\/\/bibliotekamoscisko.pl\/index.php?rest_route=\/wp\/v2\/posts\/6499\/revisions"}],"predecessor-version":[{"id":6506,"href":"https:\/\/bibliotekamoscisko.pl\/index.php?rest_route=\/wp\/v2\/posts\/6499\/revisions\/6506"}],"wp:attachment":[{"href":"https:\/\/bibliotekamoscisko.pl\/index.php?rest_route=%2Fwp%2Fv2%2Fmedia&parent=6499"}],"wp:term":[{"taxonomy":"category","embeddable":true,"href":"https:\/\/bibliotekamoscisko.pl\/index.php?rest_route=%2Fwp%2Fv2%2Fcategories&post=6499"},{"taxonomy":"post_tag","embeddable":true,"href":"https:\/\/bibliotekamoscisko.pl\/index.php?rest_route=%2Fwp%2Fv2%2Ftags&post=6499"}],"curies":[{"name":"wp","href":"https:\/\/api.w.org\/{rel}","templated":true}]}}