{"id":6517,"date":"2018-04-18T11:18:06","date_gmt":"2018-04-18T11:18:06","guid":{"rendered":"http:\/\/bibliotekamoscisko.pl\/?p=6517"},"modified":"2018-04-18T11:34:27","modified_gmt":"2018-04-18T11:34:27","slug":"wiem-czuje-pomagam","status":"publish","type":"post","link":"https:\/\/bibliotekamoscisko.pl\/?p=6517","title":{"rendered":"Wiem. Czuj\u0119&#8230; Pomagam"},"content":{"rendered":"<p style=\"text-align: center;\"><strong>\u0141\u0105czy nas dobro, wystarczy je obudzi\u0107<\/strong><\/p>\n<p><em>Biblioteka w Ostroszowicach do\u0142\u0105czy\u0142a do projektu\u00a0<strong>Wiem. Czuj\u0119&#8230; Pomagam!<\/strong> prowadzonego przez Kulczyk Foundation, kt\u00f3ra ju\u017c od pi\u0119ciu lat dociera tam, gdzie potrzebna jest pomoc.<\/em>\u00a0 <em>Potrzebny jest ten pierwszy krok, pierwsza kostka domina, kt\u00f3r\u0105 wsp\u00f3lnie popchamy, by wprawi\u0142a w ruch kolejne &#8211; <\/em>pisze Dominika Kulczyk w materia\u0142ach do realizacji ,,M\u0105drych bajek z ca\u0142ego \u015bwiata&#8221; b\u0119d\u0105cych inspiracj\u0105 do zaj\u0119\u0107 z dzie\u0107mi. Nasza biblioteka pragnie realizowa\u0107 te szlachetne zadania polegaj\u0105ce na niesieniu pomocy potrzebuj\u0105cym. Cenny czas po\u015bwi\u0119camy na rozmowy z dzie\u0107mi, po to, by pom\u00f3c im zrozumie\u0107 \u015bwiat.<a href=\"http:\/\/bibliotekamoscisko.pl\/wp-content\/uploads\/2018\/04\/73.jpg\"><img fetchpriority=\"high\" decoding=\"async\" class=\"alignright size-medium wp-image-6521\" src=\"http:\/\/bibliotekamoscisko.pl\/wp-content\/uploads\/2018\/04\/73-225x300.jpg\" alt=\"73\" width=\"225\" height=\"300\" srcset=\"https:\/\/bibliotekamoscisko.pl\/wp-content\/uploads\/2018\/04\/73-225x300.jpg 225w, https:\/\/bibliotekamoscisko.pl\/wp-content\/uploads\/2018\/04\/73-1x1.jpg 1w, https:\/\/bibliotekamoscisko.pl\/wp-content\/uploads\/2018\/04\/73.jpg 720w\" sizes=\"(max-width: 225px) 100vw, 225px\" \/><\/a><br \/>\n16 kwietnia rozpocz\u0119li\u015bmy w bibliotece cykl spotka\u0144 z wykorzystaniem znakomitych inspiracji zawartych w bajkach, dotykaj\u0105cych wa\u017cnych temat\u00f3w o warto\u015bciach.<br \/>\nSpotkanie rozpocz\u0119\u0142o si\u0119 wys\u0142uchaniem nagranej przez Dominik\u0119 Kulczyk bajki pt<em>. Piotru\u015b i \u017b\u00f3\u0142ty Talerz<\/em> opowiadaj\u0105cej o wra\u017cliwym ch\u0142opcu, kt\u00f3ry dostrzega\u0142 warto\u015bci wynikaj\u0105ce z dzielenia si\u0119 z innymi tym co si\u0119 ma.Ten trafiaj\u0105cy w sedno tekst pozwoli\u0142 dzieciom na swobodne wypowiedzi o tym dlaczego warto si\u0119 dzieli\u0107, czym mo\u017cna si\u0119 dzieli\u0107 oraz na doko\u0144czenie zdania:,, Kiedy dziel\u0119 si\u0119 z innymi ,to&#8230;<\/p>\n<p>Kluczowym punktem spotkania by\u0142o wsp\u00f3lne ustalenie motta, kt\u00f3re brzmi: <strong><em>Warto si\u0119 dzieli\u0107, bo mo\u017cna nawi\u0105za\u0107 przyja\u017anie! <\/em><\/strong>Nast\u0119pnie uczniowie postanowili pom\u00f3c sobie nawzajem i wykonali wyj\u0105tkowe zak\u0142adki do ksi\u0105\u017cek wed\u0142ug w\u0142asnego pomys\u0142u. Zgodnie z zasad\u0105: <em>Dzielmy si\u0119 z innymi tym, co mamy, <\/em>uczniowie podarowali sobie sw\u00f3j czas, talenty, dobre s\u0142owa oraz\u00a0wiedz\u0119. \u015awiat warto\u015bci jest ogromny. Zabawa w ba\u0144ki mydlane, ko\u0144cz\u0105ca nasze spotkanie pokaza\u0142a ogromn\u0105 wi\u0119\u017a nauczycielki Alicji Najwer z drug\u0105 klas\u0105.<\/p>\n<div id='gallery-1' class='gallery galleryid-6517 gallery-columns-3 gallery-size-thumbnail'><figure class='gallery-item'>\n\t\t\t<div class='gallery-icon landscape'>\n\t\t\t\t<a href='https:\/\/bibliotekamoscisko.pl\/?attachment_id=6518'><img decoding=\"async\" width=\"150\" height=\"150\" src=\"https:\/\/bibliotekamoscisko.pl\/wp-content\/uploads\/2018\/04\/75-150x150.jpg\" class=\"attachment-thumbnail size-thumbnail\" alt=\"\" srcset=\"https:\/\/bibliotekamoscisko.pl\/wp-content\/uploads\/2018\/04\/75-150x150.jpg 150w, https:\/\/bibliotekamoscisko.pl\/wp-content\/uploads\/2018\/04\/75-1x1.jpg 1w\" sizes=\"(max-width: 150px) 100vw, 150px\" \/><\/a>\n\t\t\t<\/div><\/figure><figure class='gallery-item'>\n\t\t\t<div class='gallery-icon portrait'>\n\t\t\t\t<a href='https:\/\/bibliotekamoscisko.pl\/?attachment_id=6519'><img decoding=\"async\" width=\"150\" height=\"150\" src=\"https:\/\/bibliotekamoscisko.pl\/wp-content\/uploads\/2018\/04\/80-150x150.jpg\" class=\"attachment-thumbnail size-thumbnail\" alt=\"\" srcset=\"https:\/\/bibliotekamoscisko.pl\/wp-content\/uploads\/2018\/04\/80-150x150.jpg 150w, https:\/\/bibliotekamoscisko.pl\/wp-content\/uploads\/2018\/04\/80-1x1.jpg 1w\" sizes=\"(max-width: 150px) 100vw, 150px\" \/><\/a>\n\t\t\t<\/div><\/figure><figure class='gallery-item'>\n\t\t\t<div class='gallery-icon portrait'>\n\t\t\t\t<a href='https:\/\/bibliotekamoscisko.pl\/?attachment_id=6520'><img loading=\"lazy\" decoding=\"async\" width=\"150\" height=\"150\" src=\"https:\/\/bibliotekamoscisko.pl\/wp-content\/uploads\/2018\/04\/91-150x150.jpg\" class=\"attachment-thumbnail size-thumbnail\" alt=\"\" srcset=\"https:\/\/bibliotekamoscisko.pl\/wp-content\/uploads\/2018\/04\/91-150x150.jpg 150w, https:\/\/bibliotekamoscisko.pl\/wp-content\/uploads\/2018\/04\/91-1x1.jpg 1w\" sizes=\"(max-width: 150px) 100vw, 150px\" \/><\/a>\n\t\t\t<\/div><\/figure>\n\t\t<\/div>\n\n<p>mk<\/p>\n","protected":false},"excerpt":{"rendered":"<p>\u0141\u0105czy nas dobro, wystarczy je obudzi\u0107 Biblioteka w Ostroszowicach do\u0142\u0105czy\u0142a do projektu\u00a0Wiem. Czuj\u0119&#8230; Pomagam! prowadzonego przez Kulczyk Foundation, kt\u00f3ra ju\u017c od pi\u0119ciu lat dociera tam, gdzie potrzebna jest pomoc.\u00a0 Potrzebny [&hellip;]<\/p>\n","protected":false},"author":1,"featured_media":0,"comment_status":"closed","ping_status":"open","sticky":false,"template":"","format":"standard","meta":{"ngg_post_thumbnail":0,"footnotes":""},"categories":[1],"tags":[],"class_list":["post-6517","post","type-post","status-publish","format-standard","hentry","category-uncategorized"],"_links":{"self":[{"href":"https:\/\/bibliotekamoscisko.pl\/index.php?rest_route=\/wp\/v2\/posts\/6517","targetHints":{"allow":["GET"]}}],"collection":[{"href":"https:\/\/bibliotekamoscisko.pl\/index.php?rest_route=\/wp\/v2\/posts"}],"about":[{"href":"https:\/\/bibliotekamoscisko.pl\/index.php?rest_route=\/wp\/v2\/types\/post"}],"author":[{"embeddable":true,"href":"https:\/\/bibliotekamoscisko.pl\/index.php?rest_route=\/wp\/v2\/users\/1"}],"replies":[{"embeddable":true,"href":"https:\/\/bibliotekamoscisko.pl\/index.php?rest_route=%2Fwp%2Fv2%2Fcomments&post=6517"}],"version-history":[{"count":2,"href":"https:\/\/bibliotekamoscisko.pl\/index.php?rest_route=\/wp\/v2\/posts\/6517\/revisions"}],"predecessor-version":[{"id":6523,"href":"https:\/\/bibliotekamoscisko.pl\/index.php?rest_route=\/wp\/v2\/posts\/6517\/revisions\/6523"}],"wp:attachment":[{"href":"https:\/\/bibliotekamoscisko.pl\/index.php?rest_route=%2Fwp%2Fv2%2Fmedia&parent=6517"}],"wp:term":[{"taxonomy":"category","embeddable":true,"href":"https:\/\/bibliotekamoscisko.pl\/index.php?rest_route=%2Fwp%2Fv2%2Fcategories&post=6517"},{"taxonomy":"post_tag","embeddable":true,"href":"https:\/\/bibliotekamoscisko.pl\/index.php?rest_route=%2Fwp%2Fv2%2Ftags&post=6517"}],"curies":[{"name":"wp","href":"https:\/\/api.w.org\/{rel}","templated":true}]}}