{"id":6570,"date":"2018-05-02T11:22:58","date_gmt":"2018-05-02T11:22:58","guid":{"rendered":"http:\/\/bibliotekamoscisko.pl\/?p=6570"},"modified":"2018-05-02T11:22:58","modified_gmt":"2018-05-02T11:22:58","slug":"nawzajem-sobie-potrzebni","status":"publish","type":"post","link":"https:\/\/bibliotekamoscisko.pl\/?p=6570","title":{"rendered":"Nawzajem sobie potrzebni"},"content":{"rendered":"<p><em>Edukacja do staro\u015bci<\/em> to program realizowany przez Zesp\u00f3\u0142 Szkolno-Przedszkolny w Ostroszowicach w okresie od marca do czerwca 2018 roku. Biblioteka Publiczna<a href=\"http:\/\/bibliotekamoscisko.pl\/wp-content\/uploads\/2018\/05\/DSC_0647.jpeg\"><img decoding=\"async\" class=\"alignright size-thumbnail wp-image-6577\" src=\"http:\/\/bibliotekamoscisko.pl\/wp-content\/uploads\/2018\/05\/DSC_0647-150x150.jpeg\" alt=\"DSC_0647\" width=\"150\" height=\"150\" srcset=\"https:\/\/bibliotekamoscisko.pl\/wp-content\/uploads\/2018\/05\/DSC_0647-150x150.jpeg 150w, https:\/\/bibliotekamoscisko.pl\/wp-content\/uploads\/2018\/05\/DSC_0647-1x1.jpeg 1w\" sizes=\"(max-width: 150px) 100vw, 150px\" \/><\/a> Gminy Dzier\u017coni\u00f3w im. W\u0142adys\u0142awa Reymonta , Filia w Ostroszowicach, zosta\u0142a w\u0142\u0105czona do realizacji tego projektu razem z Grup\u0105 Tw\u00f3rcz\u0105, kt\u00f3ra wielokrotnie zaprasza\u0142a na swoje zaj\u0119cia uczni\u00f3w szko\u0142y. Podczas wielopokoleniowych spotka\u0144 realizowane s\u0105 cele dzi\u0119ki kt\u00f3rym buduje si\u0119 szacunek, otwarto\u015b\u0107 oraz wzajemna tolerancja. Ponadto dzieci \u0142atwiej pojmuj\u0105 staro\u015b\u0107 jako naturaln\u0105 faz\u0119 rozwoju.<\/p>\n<p style=\"text-align: center;\"><strong>Bia\u0142o-czerwona kokarda narodowa \u0142\u0105czy pokolenia<\/strong><\/p>\n<p>26 kwietnia w bibliotece odby\u0142y si\u0119 warsztaty prowadzone przez pani\u0105 Jadwig\u0119 Po\u0142cik pod nazw\u0105: ,,Bia\u0142o-czerwona kokarda narodowa&#8221;. Krok po kroku, wed\u0142ug szczeg\u00f3\u0142owych zasad, wsp\u00f3lnie zosta\u0142y wykonane pi\u0119kne patriotyczne ozdoby. Z historycznych zapis\u00f3w dowiedzieli\u015bmy si\u0119, \u017ce zastosowanie bia\u0142o-czerwonych kokard datuje si\u0119 od roku 1846, kiedy to przypinali je powsta\u0144cy w Krakowie. My wykorzystamy je podczas \u015awi\u0119ta Konstytucji 3 Maja. W tym dniu godnie zaprezentujemy nasze kokardy w domach lub na spacerze.<\/p>\n<p>,,Witaj majowa jutrzenko,<br \/>\n\u015awie\u0107 naszej polskiej krainie,<br \/>\nUczcimy ciebie piosenk\u0105, kt\u00f3ra w ca\u0142ej Polsce s\u0142ynie.<\/p>\n<p>Witaj maj, pi\u0119kny maj,<br \/>\nU Polak\u00f3w b\u0142ogi raj.&#8221;<\/p>\n<div id='gallery-1' class='gallery galleryid-6570 gallery-columns-3 gallery-size-thumbnail'><figure class='gallery-item'>\n\t\t\t<div class='gallery-icon landscape'>\n\t\t\t\t<a href='https:\/\/bibliotekamoscisko.pl\/?attachment_id=6571'><img decoding=\"async\" width=\"150\" height=\"150\" src=\"https:\/\/bibliotekamoscisko.pl\/wp-content\/uploads\/2018\/05\/DSC_0602-150x150.jpeg\" class=\"attachment-thumbnail size-thumbnail\" alt=\"\" srcset=\"https:\/\/bibliotekamoscisko.pl\/wp-content\/uploads\/2018\/05\/DSC_0602-150x150.jpeg 150w, https:\/\/bibliotekamoscisko.pl\/wp-content\/uploads\/2018\/05\/DSC_0602-1x1.jpeg 1w\" sizes=\"(max-width: 150px) 100vw, 150px\" \/><\/a>\n\t\t\t<\/div><\/figure><figure class='gallery-item'>\n\t\t\t<div class='gallery-icon landscape'>\n\t\t\t\t<a href='https:\/\/bibliotekamoscisko.pl\/?attachment_id=6572'><img decoding=\"async\" width=\"150\" height=\"150\" src=\"https:\/\/bibliotekamoscisko.pl\/wp-content\/uploads\/2018\/05\/DSC_0605-150x150.jpeg\" class=\"attachment-thumbnail size-thumbnail\" alt=\"\" srcset=\"https:\/\/bibliotekamoscisko.pl\/wp-content\/uploads\/2018\/05\/DSC_0605-150x150.jpeg 150w, https:\/\/bibliotekamoscisko.pl\/wp-content\/uploads\/2018\/05\/DSC_0605-1x1.jpeg 1w\" sizes=\"(max-width: 150px) 100vw, 150px\" \/><\/a>\n\t\t\t<\/div><\/figure><figure class='gallery-item'>\n\t\t\t<div class='gallery-icon landscape'>\n\t\t\t\t<a href='https:\/\/bibliotekamoscisko.pl\/?attachment_id=6573'><img loading=\"lazy\" decoding=\"async\" width=\"150\" height=\"150\" src=\"https:\/\/bibliotekamoscisko.pl\/wp-content\/uploads\/2018\/05\/DSC_0606-150x150.jpeg\" class=\"attachment-thumbnail size-thumbnail\" alt=\"\" srcset=\"https:\/\/bibliotekamoscisko.pl\/wp-content\/uploads\/2018\/05\/DSC_0606-150x150.jpeg 150w, https:\/\/bibliotekamoscisko.pl\/wp-content\/uploads\/2018\/05\/DSC_0606-1x1.jpeg 1w\" sizes=\"(max-width: 150px) 100vw, 150px\" \/><\/a>\n\t\t\t<\/div><\/figure><figure class='gallery-item'>\n\t\t\t<div class='gallery-icon landscape'>\n\t\t\t\t<a href='https:\/\/bibliotekamoscisko.pl\/?attachment_id=6574'><img loading=\"lazy\" decoding=\"async\" width=\"150\" height=\"150\" src=\"https:\/\/bibliotekamoscisko.pl\/wp-content\/uploads\/2018\/05\/DSC_0609-150x150.jpeg\" class=\"attachment-thumbnail size-thumbnail\" alt=\"\" srcset=\"https:\/\/bibliotekamoscisko.pl\/wp-content\/uploads\/2018\/05\/DSC_0609-150x150.jpeg 150w, https:\/\/bibliotekamoscisko.pl\/wp-content\/uploads\/2018\/05\/DSC_0609-1x1.jpeg 1w\" sizes=\"(max-width: 150px) 100vw, 150px\" \/><\/a>\n\t\t\t<\/div><\/figure><figure class='gallery-item'>\n\t\t\t<div class='gallery-icon landscape'>\n\t\t\t\t<a href='https:\/\/bibliotekamoscisko.pl\/?attachment_id=6575'><img loading=\"lazy\" decoding=\"async\" width=\"150\" height=\"150\" src=\"https:\/\/bibliotekamoscisko.pl\/wp-content\/uploads\/2018\/05\/DSC_0641-150x150.jpeg\" class=\"attachment-thumbnail size-thumbnail\" alt=\"\" srcset=\"https:\/\/bibliotekamoscisko.pl\/wp-content\/uploads\/2018\/05\/DSC_0641-150x150.jpeg 150w, https:\/\/bibliotekamoscisko.pl\/wp-content\/uploads\/2018\/05\/DSC_0641-1x1.jpeg 1w\" sizes=\"(max-width: 150px) 100vw, 150px\" \/><\/a>\n\t\t\t<\/div><\/figure><figure class='gallery-item'>\n\t\t\t<div class='gallery-icon landscape'>\n\t\t\t\t<a href='https:\/\/bibliotekamoscisko.pl\/?attachment_id=6576'><img loading=\"lazy\" decoding=\"async\" width=\"150\" height=\"150\" src=\"https:\/\/bibliotekamoscisko.pl\/wp-content\/uploads\/2018\/05\/DSC_0646-150x150.jpeg\" class=\"attachment-thumbnail size-thumbnail\" alt=\"\" srcset=\"https:\/\/bibliotekamoscisko.pl\/wp-content\/uploads\/2018\/05\/DSC_0646-150x150.jpeg 150w, https:\/\/bibliotekamoscisko.pl\/wp-content\/uploads\/2018\/05\/DSC_0646-1x1.jpeg 1w\" sizes=\"(max-width: 150px) 100vw, 150px\" \/><\/a>\n\t\t\t<\/div><\/figure>\n\t\t<\/div>\n\n<p>Maria Kirkiewicz<\/p>\n<p>&nbsp;<\/p>\n<p>&nbsp;<\/p>\n","protected":false},"excerpt":{"rendered":"<p>Edukacja do staro\u015bci to program realizowany przez Zesp\u00f3\u0142 Szkolno-Przedszkolny w Ostroszowicach w okresie od marca do czerwca 2018 roku. Biblioteka Publiczna Gminy Dzier\u017coni\u00f3w im. W\u0142adys\u0142awa Reymonta , Filia w Ostroszowicach, [&hellip;]<\/p>\n","protected":false},"author":1,"featured_media":0,"comment_status":"closed","ping_status":"open","sticky":false,"template":"","format":"standard","meta":{"ngg_post_thumbnail":0,"footnotes":""},"categories":[1],"tags":[],"class_list":["post-6570","post","type-post","status-publish","format-standard","hentry","category-uncategorized"],"_links":{"self":[{"href":"https:\/\/bibliotekamoscisko.pl\/index.php?rest_route=\/wp\/v2\/posts\/6570","targetHints":{"allow":["GET"]}}],"collection":[{"href":"https:\/\/bibliotekamoscisko.pl\/index.php?rest_route=\/wp\/v2\/posts"}],"about":[{"href":"https:\/\/bibliotekamoscisko.pl\/index.php?rest_route=\/wp\/v2\/types\/post"}],"author":[{"embeddable":true,"href":"https:\/\/bibliotekamoscisko.pl\/index.php?rest_route=\/wp\/v2\/users\/1"}],"replies":[{"embeddable":true,"href":"https:\/\/bibliotekamoscisko.pl\/index.php?rest_route=%2Fwp%2Fv2%2Fcomments&post=6570"}],"version-history":[{"count":1,"href":"https:\/\/bibliotekamoscisko.pl\/index.php?rest_route=\/wp\/v2\/posts\/6570\/revisions"}],"predecessor-version":[{"id":6578,"href":"https:\/\/bibliotekamoscisko.pl\/index.php?rest_route=\/wp\/v2\/posts\/6570\/revisions\/6578"}],"wp:attachment":[{"href":"https:\/\/bibliotekamoscisko.pl\/index.php?rest_route=%2Fwp%2Fv2%2Fmedia&parent=6570"}],"wp:term":[{"taxonomy":"category","embeddable":true,"href":"https:\/\/bibliotekamoscisko.pl\/index.php?rest_route=%2Fwp%2Fv2%2Fcategories&post=6570"},{"taxonomy":"post_tag","embeddable":true,"href":"https:\/\/bibliotekamoscisko.pl\/index.php?rest_route=%2Fwp%2Fv2%2Ftags&post=6570"}],"curies":[{"name":"wp","href":"https:\/\/api.w.org\/{rel}","templated":true}]}}