{"id":6586,"date":"2018-05-02T16:31:49","date_gmt":"2018-05-02T16:31:49","guid":{"rendered":"http:\/\/bibliotekamoscisko.pl\/?p=6586"},"modified":"2018-05-02T16:31:49","modified_gmt":"2018-05-02T16:31:49","slug":"globalnie-w-bibliotekach","status":"publish","type":"post","link":"https:\/\/bibliotekamoscisko.pl\/?p=6586","title":{"rendered":"Globalnie w bibliotekach"},"content":{"rendered":"<p>Z rado\u015bci\u0105 informujemy, \u017ce nasza Biblioteka znalaz\u0142a si\u0119 w gronie plac\u00f3wek uczestnicz\u0105cych w programie &#8222;Globalnie w bibliotekach&#8221;. Przedsi\u0119wzi\u0119cie ma na celu zaanga\u017cowanie spo\u0142eczno\u015bci w sprawy zwi\u0105zane z pomoc\u0105 humanitarn\u0105 i jej obrazem, przyjrzenie si\u0119 stereotypom, kt\u00f3re komunikacja pomocowa mo\u017ce powiela\u0107 i zastanowienie si\u0119 nad tym, w jaki spos\u00f3b my\u015blimy o pomocy humanitarnej i ludziach, kt\u00f3rym jest udzielana.<\/p>\n<p><a href=\"http:\/\/bibliotekamoscisko.pl\/wp-content\/uploads\/2018\/05\/Bez-tytu\u0142u.jpg\"><img fetchpriority=\"high\" decoding=\"async\" class=\"aligncenter size-full wp-image-6588\" src=\"http:\/\/bibliotekamoscisko.pl\/wp-content\/uploads\/2018\/05\/Bez-tytu\u0142u.jpg\" alt=\"Bez\u00a0tytu\u0142u\" width=\"614\" height=\"660\" srcset=\"https:\/\/bibliotekamoscisko.pl\/wp-content\/uploads\/2018\/05\/Bez-tytu\u0142u.jpg 614w, https:\/\/bibliotekamoscisko.pl\/wp-content\/uploads\/2018\/05\/Bez-tytu\u0142u-279x300.jpg 279w, https:\/\/bibliotekamoscisko.pl\/wp-content\/uploads\/2018\/05\/Bez-tytu\u0142u-1x1.jpg 1w\" sizes=\"(max-width: 614px) 100vw, 614px\" \/><\/a><\/p>\n<p>Dzi\u0119ki programowi realizowanemu przez Polsk\u0105 Akcj\u0119 Humanitarn\u0105 we wsp\u00f3\u0142pracy z Fundacj\u0105 Rozwoju<br \/>\nSpo\u0142ecze\u0144stwa Informacyjnego ju\u017c od 1 maja w czytelni Biblioteki w Mo\u015bcisku mo\u017cna obejrze\u0107 wystaw\u0119 zwi\u0105zan\u0105 z tematami kryzys\u00f3w humanitarnych i wyzwa\u0144 globalnych. Stanie si\u0119 ona doskona\u0142ym uzupe\u0142nieniem zaj\u0119\u0107 dla dzieci i doros\u0142ych, kt\u00f3re w najbli\u017cszym czasie b\u0119d\u0105 realizowane w naszych bibliotekach.<\/p>\n<p><a href=\"http:\/\/bibliotekamoscisko.pl\/wp-content\/uploads\/2018\/05\/IMG_3771.jpg\"><img decoding=\"async\" class=\"aligncenter size-full wp-image-6587\" src=\"http:\/\/bibliotekamoscisko.pl\/wp-content\/uploads\/2018\/05\/IMG_3771.jpg\" alt=\"IMG_3771\" width=\"640\" height=\"334\" srcset=\"https:\/\/bibliotekamoscisko.pl\/wp-content\/uploads\/2018\/05\/IMG_3771.jpg 640w, https:\/\/bibliotekamoscisko.pl\/wp-content\/uploads\/2018\/05\/IMG_3771-300x157.jpg 300w, https:\/\/bibliotekamoscisko.pl\/wp-content\/uploads\/2018\/05\/IMG_3771-2x1.jpg 2w\" sizes=\"(max-width: 640px) 100vw, 640px\" \/><\/a><\/p>\n","protected":false},"excerpt":{"rendered":"<p>Z rado\u015bci\u0105 informujemy, \u017ce nasza Biblioteka znalaz\u0142a si\u0119 w gronie plac\u00f3wek uczestnicz\u0105cych w programie &#8222;Globalnie w bibliotekach&#8221;. Przedsi\u0119wzi\u0119cie ma na celu zaanga\u017cowanie spo\u0142eczno\u015bci w sprawy zwi\u0105zane z pomoc\u0105 humanitarn\u0105 i [&hellip;]<\/p>\n","protected":false},"author":1,"featured_media":0,"comment_status":"closed","ping_status":"open","sticky":false,"template":"","format":"standard","meta":{"ngg_post_thumbnail":0,"footnotes":""},"categories":[1],"tags":[],"class_list":["post-6586","post","type-post","status-publish","format-standard","hentry","category-uncategorized"],"_links":{"self":[{"href":"https:\/\/bibliotekamoscisko.pl\/index.php?rest_route=\/wp\/v2\/posts\/6586","targetHints":{"allow":["GET"]}}],"collection":[{"href":"https:\/\/bibliotekamoscisko.pl\/index.php?rest_route=\/wp\/v2\/posts"}],"about":[{"href":"https:\/\/bibliotekamoscisko.pl\/index.php?rest_route=\/wp\/v2\/types\/post"}],"author":[{"embeddable":true,"href":"https:\/\/bibliotekamoscisko.pl\/index.php?rest_route=\/wp\/v2\/users\/1"}],"replies":[{"embeddable":true,"href":"https:\/\/bibliotekamoscisko.pl\/index.php?rest_route=%2Fwp%2Fv2%2Fcomments&post=6586"}],"version-history":[{"count":1,"href":"https:\/\/bibliotekamoscisko.pl\/index.php?rest_route=\/wp\/v2\/posts\/6586\/revisions"}],"predecessor-version":[{"id":6589,"href":"https:\/\/bibliotekamoscisko.pl\/index.php?rest_route=\/wp\/v2\/posts\/6586\/revisions\/6589"}],"wp:attachment":[{"href":"https:\/\/bibliotekamoscisko.pl\/index.php?rest_route=%2Fwp%2Fv2%2Fmedia&parent=6586"}],"wp:term":[{"taxonomy":"category","embeddable":true,"href":"https:\/\/bibliotekamoscisko.pl\/index.php?rest_route=%2Fwp%2Fv2%2Fcategories&post=6586"},{"taxonomy":"post_tag","embeddable":true,"href":"https:\/\/bibliotekamoscisko.pl\/index.php?rest_route=%2Fwp%2Fv2%2Ftags&post=6586"}],"curies":[{"name":"wp","href":"https:\/\/api.w.org\/{rel}","templated":true}]}}