{"id":6590,"date":"2018-05-04T12:18:24","date_gmt":"2018-05-04T12:18:24","guid":{"rendered":"http:\/\/bibliotekamoscisko.pl\/?p=6590"},"modified":"2018-05-04T12:18:24","modified_gmt":"2018-05-04T12:18:24","slug":"literacki-wroclaw","status":"publish","type":"post","link":"https:\/\/bibliotekamoscisko.pl\/?p=6590","title":{"rendered":"Literacki Wroc\u0142aw"},"content":{"rendered":"<p><span data-offset-key=\"ak6mn-0-0\"><span data-text=\"true\">Galeria Biblioteki w Mo\u015bcisku zaprasza do obejrzenia nowej wystawy pt. &#8222;Literacki Wroc\u0142aw&#8221;. Sylwetki pisarzy, autor\u00f3w ksi\u0105\u017cek dla dzieci, tw\u00f3rc\u00f3w literatury fantastycznej, poet\u00f3w i satyryk\u00f3w z opracowanymi biogramami zostan\u0105 u nas przez ca\u0142y maj. Wroc\u0142awscy pisarze zadziwiaj\u0105 r\u00f3\u017cnorodno\u015bci\u0105. Dodatkowym atutem wystawy s\u0105 szkice autorstwa Rafa\u0142a Werszlera.<br \/>\n<\/span><\/span><\/p>\n<p><a href=\"http:\/\/bibliotekamoscisko.pl\/wp-content\/uploads\/2018\/05\/Literacki.jpg\"><img fetchpriority=\"high\" decoding=\"async\" class=\"aligncenter size-large wp-image-6591\" src=\"http:\/\/bibliotekamoscisko.pl\/wp-content\/uploads\/2018\/05\/Literacki-1024x706.jpg\" alt=\"Literacki\" width=\"654\" height=\"451\" srcset=\"https:\/\/bibliotekamoscisko.pl\/wp-content\/uploads\/2018\/05\/Literacki-1024x706.jpg 1024w, https:\/\/bibliotekamoscisko.pl\/wp-content\/uploads\/2018\/05\/Literacki-300x207.jpg 300w, https:\/\/bibliotekamoscisko.pl\/wp-content\/uploads\/2018\/05\/Literacki-768x529.jpg 768w, https:\/\/bibliotekamoscisko.pl\/wp-content\/uploads\/2018\/05\/Literacki-1x1.jpg 1w, https:\/\/bibliotekamoscisko.pl\/wp-content\/uploads\/2018\/05\/Literacki.jpg 1030w\" sizes=\"(max-width: 654px) 100vw, 654px\" \/><\/a><\/p>\n<p style=\"text-align: center;\"><span data-offset-key=\"ak6mn-0-0\"><span data-text=\"true\"> Wystaw\u0119 go\u015bcimy u nas dzi\u0119ki uprzejmo\u015bci Dolno\u015bl\u0105skiej Biblioteki Publicznej im. Tadeusza Mikulskiego we Wroc\u0142awiu.<\/span><\/span><\/p>\n","protected":false},"excerpt":{"rendered":"<p>Galeria Biblioteki w Mo\u015bcisku zaprasza do obejrzenia nowej wystawy pt. &#8222;Literacki Wroc\u0142aw&#8221;. Sylwetki pisarzy, autor\u00f3w ksi\u0105\u017cek dla dzieci, tw\u00f3rc\u00f3w literatury fantastycznej, poet\u00f3w i satyryk\u00f3w z opracowanymi biogramami zostan\u0105 u nas [&hellip;]<\/p>\n","protected":false},"author":1,"featured_media":0,"comment_status":"closed","ping_status":"open","sticky":false,"template":"","format":"standard","meta":{"ngg_post_thumbnail":0,"footnotes":""},"categories":[1],"tags":[],"class_list":["post-6590","post","type-post","status-publish","format-standard","hentry","category-uncategorized"],"_links":{"self":[{"href":"https:\/\/bibliotekamoscisko.pl\/index.php?rest_route=\/wp\/v2\/posts\/6590","targetHints":{"allow":["GET"]}}],"collection":[{"href":"https:\/\/bibliotekamoscisko.pl\/index.php?rest_route=\/wp\/v2\/posts"}],"about":[{"href":"https:\/\/bibliotekamoscisko.pl\/index.php?rest_route=\/wp\/v2\/types\/post"}],"author":[{"embeddable":true,"href":"https:\/\/bibliotekamoscisko.pl\/index.php?rest_route=\/wp\/v2\/users\/1"}],"replies":[{"embeddable":true,"href":"https:\/\/bibliotekamoscisko.pl\/index.php?rest_route=%2Fwp%2Fv2%2Fcomments&post=6590"}],"version-history":[{"count":1,"href":"https:\/\/bibliotekamoscisko.pl\/index.php?rest_route=\/wp\/v2\/posts\/6590\/revisions"}],"predecessor-version":[{"id":6592,"href":"https:\/\/bibliotekamoscisko.pl\/index.php?rest_route=\/wp\/v2\/posts\/6590\/revisions\/6592"}],"wp:attachment":[{"href":"https:\/\/bibliotekamoscisko.pl\/index.php?rest_route=%2Fwp%2Fv2%2Fmedia&parent=6590"}],"wp:term":[{"taxonomy":"category","embeddable":true,"href":"https:\/\/bibliotekamoscisko.pl\/index.php?rest_route=%2Fwp%2Fv2%2Fcategories&post=6590"},{"taxonomy":"post_tag","embeddable":true,"href":"https:\/\/bibliotekamoscisko.pl\/index.php?rest_route=%2Fwp%2Fv2%2Ftags&post=6590"}],"curies":[{"name":"wp","href":"https:\/\/api.w.org\/{rel}","templated":true}]}}