{"id":6597,"date":"2018-05-14T10:32:42","date_gmt":"2018-05-14T10:32:42","guid":{"rendered":"http:\/\/bibliotekamoscisko.pl\/?p=6597"},"modified":"2018-05-14T10:32:42","modified_gmt":"2018-05-14T10:32:42","slug":"maj-w-uciechowskiej-bibliotece","status":"publish","type":"post","link":"https:\/\/bibliotekamoscisko.pl\/?p=6597","title":{"rendered":"Maj w uciechowskiej bibliotece"},"content":{"rendered":"<p style=\"text-align: center;\">Biblioteka w Uciechowie, jak co roku, przypomnia\u0142a swoim czytelnikom o wa\u017cnych datach i wydarzeniach przypadaj\u0105cych na najpi\u0119kniejszy miesi\u0105c w roku \u2013 maj.<\/p>\n<p>1 maja<br \/>\nW Polsce \u015awi\u0119to Pracy jest \u015bwi\u0119tem pa\u0144stwowym od 1950r. \u015awi\u0119to wprowadzono w 1889 dla upami\u0119tnienia wydarze\u0144 z pierwszych dni maja 1886 w Chicago w USA, podczas strajku b\u0119d\u0105cego cz\u0119\u015bci\u0105 og\u00f3lnokrajowej kampanii na rzecz wprowadzenia 8-godzinnego dnia pracy;<\/p>\n<p>2 maja<br \/>\nDzie\u0144 Flagi Rzeczypospolitej Polskiej. W tym dniu organizowane s\u0105 r\u00f3\u017cnego rodzaju akcje i manifestacje patriotyczne;<\/p>\n<p>3 maja<br \/>\nPolskie \u015bwi\u0119to pa\u0144stwowe obchodzone \u00a0w rocznic\u0119 uchwalenia Konstytucji 3 Maja w 1791 r. Konstytucja ta zosta\u0142a uchwalona przez Sejm Czteroletni. By\u0142a to pierwsza konstytucja w nowo\u017cytnej <a href=\"https:\/\/pl.wikipedia.org\/wiki\/Europa\">Europie<\/a>, a druga po ameryka\u0144skiej na \u015bwiecie. Wyprzedzi\u0142a trzeci\u0105 na \u015bwiecie <a href=\"https:\/\/pl.wikipedia.org\/wiki\/Konstytucja_1791_roku\">konstytucj\u0119 francusk\u0105<\/a>;<br \/>\n8 maja<br \/>\nNarodowe \u015awi\u0119to Zwyci\u0119stwa i Wolno\u015bci \u2013 \u00a0\u015bwi\u0119to pa\u0144stwowe obchodzone 8 maja w Polsce upami\u0119tniaj\u0105ce zako\u0144czenie II wojny \u015bwiatowej w Europie;<br \/>\n6 maja<br \/>\nDzie\u0144 Matki \u2013 \u015bwi\u0119to obchodzone jako wyraz szacunku dla wszystkich <a href=\"https:\/\/pl.wikipedia.org\/wiki\/Matka\">matek<\/a>. W Polsce \u015bwi\u0119to to przypada na <a href=\"https:\/\/pl.wikipedia.org\/wiki\/26_maja\">26 maja<\/a>. W tym dniu matki s\u0105 zwykle obdarowywane laurkami, kwiatami oraz r\u00f3\u017cnego rodzaju prezentami przez w\u0142asne dzieci.\u00a0 \u015awi\u0119to to ma na celu okazanie matkom szacunku, mi\u0142o\u015bci i podzi\u0119kowania za trud w\u0142o\u017cony w wychowanie dzieci.<\/p>\n<p style=\"text-align: center;\"><a href=\"http:\/\/bibliotekamoscisko.pl\/wp-content\/uploads\/2018\/05\/IMG_0502.jpg\"><img fetchpriority=\"high\" decoding=\"async\" class=\"aligncenter size-large wp-image-6598\" src=\"http:\/\/bibliotekamoscisko.pl\/wp-content\/uploads\/2018\/05\/IMG_0502-761x1024.jpg\" alt=\"IMG_0502\" width=\"654\" height=\"880\" srcset=\"https:\/\/bibliotekamoscisko.pl\/wp-content\/uploads\/2018\/05\/IMG_0502-761x1024.jpg 761w, https:\/\/bibliotekamoscisko.pl\/wp-content\/uploads\/2018\/05\/IMG_0502-223x300.jpg 223w, https:\/\/bibliotekamoscisko.pl\/wp-content\/uploads\/2018\/05\/IMG_0502-768x1033.jpg 768w, https:\/\/bibliotekamoscisko.pl\/wp-content\/uploads\/2018\/05\/IMG_0502-1x1.jpg 1w\" sizes=\"(max-width: 654px) 100vw, 654px\" \/><\/a><\/p>\n<p style=\"text-align: left;\">\nS. G-B<\/p>\n","protected":false},"excerpt":{"rendered":"<p>Biblioteka w Uciechowie, jak co roku, przypomnia\u0142a swoim czytelnikom o wa\u017cnych datach i wydarzeniach przypadaj\u0105cych na najpi\u0119kniejszy miesi\u0105c w roku \u2013 maj. 1 maja W Polsce \u015awi\u0119to Pracy jest \u015bwi\u0119tem [&hellip;]<\/p>\n","protected":false},"author":1,"featured_media":0,"comment_status":"closed","ping_status":"open","sticky":false,"template":"","format":"standard","meta":{"ngg_post_thumbnail":0,"footnotes":""},"categories":[1],"tags":[],"class_list":["post-6597","post","type-post","status-publish","format-standard","hentry","category-uncategorized"],"_links":{"self":[{"href":"https:\/\/bibliotekamoscisko.pl\/index.php?rest_route=\/wp\/v2\/posts\/6597","targetHints":{"allow":["GET"]}}],"collection":[{"href":"https:\/\/bibliotekamoscisko.pl\/index.php?rest_route=\/wp\/v2\/posts"}],"about":[{"href":"https:\/\/bibliotekamoscisko.pl\/index.php?rest_route=\/wp\/v2\/types\/post"}],"author":[{"embeddable":true,"href":"https:\/\/bibliotekamoscisko.pl\/index.php?rest_route=\/wp\/v2\/users\/1"}],"replies":[{"embeddable":true,"href":"https:\/\/bibliotekamoscisko.pl\/index.php?rest_route=%2Fwp%2Fv2%2Fcomments&post=6597"}],"version-history":[{"count":1,"href":"https:\/\/bibliotekamoscisko.pl\/index.php?rest_route=\/wp\/v2\/posts\/6597\/revisions"}],"predecessor-version":[{"id":6599,"href":"https:\/\/bibliotekamoscisko.pl\/index.php?rest_route=\/wp\/v2\/posts\/6597\/revisions\/6599"}],"wp:attachment":[{"href":"https:\/\/bibliotekamoscisko.pl\/index.php?rest_route=%2Fwp%2Fv2%2Fmedia&parent=6597"}],"wp:term":[{"taxonomy":"category","embeddable":true,"href":"https:\/\/bibliotekamoscisko.pl\/index.php?rest_route=%2Fwp%2Fv2%2Fcategories&post=6597"},{"taxonomy":"post_tag","embeddable":true,"href":"https:\/\/bibliotekamoscisko.pl\/index.php?rest_route=%2Fwp%2Fv2%2Ftags&post=6597"}],"curies":[{"name":"wp","href":"https:\/\/api.w.org\/{rel}","templated":true}]}}