{"id":6605,"date":"2018-05-14T11:20:40","date_gmt":"2018-05-14T11:20:40","guid":{"rendered":"http:\/\/bibliotekamoscisko.pl\/?p=6605"},"modified":"2018-05-14T11:22:02","modified_gmt":"2018-05-14T11:22:02","slug":"globalnie-w-bibliotekach-2","status":"publish","type":"post","link":"https:\/\/bibliotekamoscisko.pl\/?p=6605","title":{"rendered":"Globalnie w Bibliotekach"},"content":{"rendered":"<p style=\"text-align: center;\"><strong>Szczeg\u00f3lnie bezbronne wobec wojny s\u0105 dzieci&#8230;<\/strong><\/p>\n<p>W Tygodniu Bibliotek dzieci z zer\u00f3wki z nauczycielk\u0105 Ew\u0105 Klaus uczestniczy\u0142y w bibliotecznym spotkaniu edukacyjnym w Ostroszowicach.<br \/>\nKr\u00f3tka rozmowa o kr\u00f3lestwie ksi\u0105\u017cek oraz refleksja dotycz\u0105ca wystawy Polskiej Akcji Humanitarnej eksponowanej w bibliotece zach\u0119ci\u0142a dzieci do rozmowy o konfliktach i katastrofach\u00a0naturalnych.<a href=\"http:\/\/bibliotekamoscisko.pl\/wp-content\/uploads\/2018\/05\/DSC_0798.jpeg\"><img decoding=\"async\" class=\"alignright size-thumbnail wp-image-6612\" src=\"http:\/\/bibliotekamoscisko.pl\/wp-content\/uploads\/2018\/05\/DSC_0798-150x150.jpeg\" alt=\"DSC_0798\" width=\"150\" height=\"150\" srcset=\"https:\/\/bibliotekamoscisko.pl\/wp-content\/uploads\/2018\/05\/DSC_0798-150x150.jpeg 150w, https:\/\/bibliotekamoscisko.pl\/wp-content\/uploads\/2018\/05\/DSC_0798-1x1.jpeg 1w\" sizes=\"(max-width: 150px) 100vw, 150px\" \/><\/a><br \/>\nGlobalny temat znany dzieciom z przekaz\u00f3w telewizyjnych pokazuje, \u017ce dzieci wiedz\u0105 o tym, \u017ce kryzysowe sytuacje wywo\u0142uj\u0105 cierpienia wielu ludzi.<br \/>\nWiedz\u0105 tak\u017ce, \u017ce Syria i Ukraina obj\u0119te s\u0105 wojnami.<br \/>\nNa pytanie: w jaki spos\u00f3b mo\u017cemy pom\u00f3c dzieciom obj\u0119tym katastrof\u0105 pad\u0142y min. takie propozycje:<\/p>\n<p>&#8211; mo\u017cemy napisa\u0107 list do dzieci,<br \/>\n&#8211; pokolorowa\u0107 \u015bwiat, \u017ceby dzieciom by\u0142o weselej&#8230;<br \/>\nPodczas kolorowania plakatu przez grup\u0119 dzieci, pozostali uczestnicy wys\u0142uchali opowiadania G.de Pennarta pt. ,,Sentymentalny wilk&#8221;.<br \/>\nKsi\u0105\u017cka o nietypowym wilku Lucjanie pozwoli\u0142a dzieciom zrozumie\u0107, \u017ce konfliktowe sytuacje mog\u0105 mie\u0107 szcz\u0119\u015bliwe zako\u0144czenie.<br \/>\nWystarczy przestrzega\u0107 regu\u0142 dobrego wsp\u00f3\u0142\u017cycia i nie\u015b\u0107 pomoc potrzebuj\u0105cym.<\/p>\n<p><div id='gallery-1' class='gallery galleryid-6605 gallery-columns-3 gallery-size-thumbnail'><figure class='gallery-item'>\n\t\t\t<div class='gallery-icon landscape'>\n\t\t\t\t<a href='https:\/\/bibliotekamoscisko.pl\/?attachment_id=6606'><img decoding=\"async\" width=\"150\" height=\"150\" src=\"https:\/\/bibliotekamoscisko.pl\/wp-content\/uploads\/2018\/05\/DSC_0784-150x150.jpeg\" class=\"attachment-thumbnail size-thumbnail\" alt=\"\" srcset=\"https:\/\/bibliotekamoscisko.pl\/wp-content\/uploads\/2018\/05\/DSC_0784-150x150.jpeg 150w, https:\/\/bibliotekamoscisko.pl\/wp-content\/uploads\/2018\/05\/DSC_0784-1x1.jpeg 1w\" sizes=\"(max-width: 150px) 100vw, 150px\" \/><\/a>\n\t\t\t<\/div><\/figure><figure class='gallery-item'>\n\t\t\t<div class='gallery-icon landscape'>\n\t\t\t\t<a href='https:\/\/bibliotekamoscisko.pl\/?attachment_id=6607'><img decoding=\"async\" width=\"150\" height=\"150\" src=\"https:\/\/bibliotekamoscisko.pl\/wp-content\/uploads\/2018\/05\/DSC_0785-150x150.jpeg\" class=\"attachment-thumbnail size-thumbnail\" alt=\"\" srcset=\"https:\/\/bibliotekamoscisko.pl\/wp-content\/uploads\/2018\/05\/DSC_0785-150x150.jpeg 150w, https:\/\/bibliotekamoscisko.pl\/wp-content\/uploads\/2018\/05\/DSC_0785-1x1.jpeg 1w\" sizes=\"(max-width: 150px) 100vw, 150px\" \/><\/a>\n\t\t\t<\/div><\/figure><figure class='gallery-item'>\n\t\t\t<div class='gallery-icon landscape'>\n\t\t\t\t<a href='https:\/\/bibliotekamoscisko.pl\/?attachment_id=6608'><img loading=\"lazy\" decoding=\"async\" width=\"150\" height=\"150\" src=\"https:\/\/bibliotekamoscisko.pl\/wp-content\/uploads\/2018\/05\/DSC_0788-150x150.jpeg\" class=\"attachment-thumbnail size-thumbnail\" alt=\"\" srcset=\"https:\/\/bibliotekamoscisko.pl\/wp-content\/uploads\/2018\/05\/DSC_0788-150x150.jpeg 150w, https:\/\/bibliotekamoscisko.pl\/wp-content\/uploads\/2018\/05\/DSC_0788-1x1.jpeg 1w\" sizes=\"(max-width: 150px) 100vw, 150px\" \/><\/a>\n\t\t\t<\/div><\/figure><figure class='gallery-item'>\n\t\t\t<div class='gallery-icon landscape'>\n\t\t\t\t<a href='https:\/\/bibliotekamoscisko.pl\/?attachment_id=6609'><img loading=\"lazy\" decoding=\"async\" width=\"150\" height=\"150\" src=\"https:\/\/bibliotekamoscisko.pl\/wp-content\/uploads\/2018\/05\/DSC_0790-150x150.jpeg\" class=\"attachment-thumbnail size-thumbnail\" alt=\"\" srcset=\"https:\/\/bibliotekamoscisko.pl\/wp-content\/uploads\/2018\/05\/DSC_0790-150x150.jpeg 150w, https:\/\/bibliotekamoscisko.pl\/wp-content\/uploads\/2018\/05\/DSC_0790-1x1.jpeg 1w\" sizes=\"(max-width: 150px) 100vw, 150px\" \/><\/a>\n\t\t\t<\/div><\/figure><figure class='gallery-item'>\n\t\t\t<div class='gallery-icon landscape'>\n\t\t\t\t<a href='https:\/\/bibliotekamoscisko.pl\/?attachment_id=6610'><img loading=\"lazy\" decoding=\"async\" width=\"150\" height=\"150\" src=\"https:\/\/bibliotekamoscisko.pl\/wp-content\/uploads\/2018\/05\/DSC_0791-150x150.jpeg\" class=\"attachment-thumbnail size-thumbnail\" alt=\"\" srcset=\"https:\/\/bibliotekamoscisko.pl\/wp-content\/uploads\/2018\/05\/DSC_0791-150x150.jpeg 150w, https:\/\/bibliotekamoscisko.pl\/wp-content\/uploads\/2018\/05\/DSC_0791-1x1.jpeg 1w\" sizes=\"(max-width: 150px) 100vw, 150px\" \/><\/a>\n\t\t\t<\/div><\/figure><figure class='gallery-item'>\n\t\t\t<div class='gallery-icon landscape'>\n\t\t\t\t<a href='https:\/\/bibliotekamoscisko.pl\/?attachment_id=6611'><img loading=\"lazy\" decoding=\"async\" width=\"150\" height=\"150\" src=\"https:\/\/bibliotekamoscisko.pl\/wp-content\/uploads\/2018\/05\/DSC_0797-150x150.jpeg\" class=\"attachment-thumbnail size-thumbnail\" alt=\"\" srcset=\"https:\/\/bibliotekamoscisko.pl\/wp-content\/uploads\/2018\/05\/DSC_0797-150x150.jpeg 150w, https:\/\/bibliotekamoscisko.pl\/wp-content\/uploads\/2018\/05\/DSC_0797-1x1.jpeg 1w\" sizes=\"(max-width: 150px) 100vw, 150px\" \/><\/a>\n\t\t\t<\/div><\/figure>\n\t\t<\/div>\n<br \/>\n10.05.2018r.<\/p>\n<p>mk<\/p>\n","protected":false},"excerpt":{"rendered":"<p>Szczeg\u00f3lnie bezbronne wobec wojny s\u0105 dzieci&#8230; W Tygodniu Bibliotek dzieci z zer\u00f3wki z nauczycielk\u0105 Ew\u0105 Klaus uczestniczy\u0142y w bibliotecznym spotkaniu edukacyjnym w Ostroszowicach. Kr\u00f3tka rozmowa o kr\u00f3lestwie ksi\u0105\u017cek oraz refleksja [&hellip;]<\/p>\n","protected":false},"author":1,"featured_media":0,"comment_status":"closed","ping_status":"open","sticky":false,"template":"","format":"standard","meta":{"ngg_post_thumbnail":0,"footnotes":""},"categories":[1],"tags":[],"class_list":["post-6605","post","type-post","status-publish","format-standard","hentry","category-uncategorized"],"_links":{"self":[{"href":"https:\/\/bibliotekamoscisko.pl\/index.php?rest_route=\/wp\/v2\/posts\/6605","targetHints":{"allow":["GET"]}}],"collection":[{"href":"https:\/\/bibliotekamoscisko.pl\/index.php?rest_route=\/wp\/v2\/posts"}],"about":[{"href":"https:\/\/bibliotekamoscisko.pl\/index.php?rest_route=\/wp\/v2\/types\/post"}],"author":[{"embeddable":true,"href":"https:\/\/bibliotekamoscisko.pl\/index.php?rest_route=\/wp\/v2\/users\/1"}],"replies":[{"embeddable":true,"href":"https:\/\/bibliotekamoscisko.pl\/index.php?rest_route=%2Fwp%2Fv2%2Fcomments&post=6605"}],"version-history":[{"count":2,"href":"https:\/\/bibliotekamoscisko.pl\/index.php?rest_route=\/wp\/v2\/posts\/6605\/revisions"}],"predecessor-version":[{"id":6614,"href":"https:\/\/bibliotekamoscisko.pl\/index.php?rest_route=\/wp\/v2\/posts\/6605\/revisions\/6614"}],"wp:attachment":[{"href":"https:\/\/bibliotekamoscisko.pl\/index.php?rest_route=%2Fwp%2Fv2%2Fmedia&parent=6605"}],"wp:term":[{"taxonomy":"category","embeddable":true,"href":"https:\/\/bibliotekamoscisko.pl\/index.php?rest_route=%2Fwp%2Fv2%2Fcategories&post=6605"},{"taxonomy":"post_tag","embeddable":true,"href":"https:\/\/bibliotekamoscisko.pl\/index.php?rest_route=%2Fwp%2Fv2%2Ftags&post=6605"}],"curies":[{"name":"wp","href":"https:\/\/api.w.org\/{rel}","templated":true}]}}