{"id":6618,"date":"2018-05-14T13:22:45","date_gmt":"2018-05-14T13:22:45","guid":{"rendered":"http:\/\/bibliotekamoscisko.pl\/?p=6618"},"modified":"2018-05-14T13:22:45","modified_gmt":"2018-05-14T13:22:45","slug":"ksiazki-sa-brama-przez-ktora-wychodzisz-na-ulice","status":"publish","type":"post","link":"https:\/\/bibliotekamoscisko.pl\/?p=6618","title":{"rendered":"&#8222;Ksi\u0105\u017cki s\u0105 bram\u0105, przez kt\u00f3r\u0105 wychodzisz na ulic\u0119&#8221;"},"content":{"rendered":"<p>W ramach <strong>Tygodnia Bibliotek<\/strong> 9 maja dzieci z Gminnego Przedszkola w Pi\u0142awie Dolnej po raz kolejny go\u015bci\u0142y w progach Biblioteki Publicznej w Pi\u0142awie Dolnej. Tym razem w majowych spotkaniach z ksi\u0105\u017ck\u0105 dzieci dowiedzia\u0142y si\u0119 o drodze ksi\u0105\u017cki od autora do czytelnika, pozna\u0142y r\u00f3\u017cnic\u0119 mi\u0119dzy ksi\u0119garni\u0105 a bibliotek\u0105 oraz co nale\u017cy zrobi\u0107 aby sta\u0107 si\u0119 czytelnikiem biblioteki. Rozwi\u0105zywa\u0142y zagadki zwi\u0105zane z postaciami z bajek i wierszyk\u00f3w dla dzieci. Biblioteka to miejsce przyjazne dla ka\u017cdego. Gdy rodzic czyta dziecku, to rozwija jego <em>wyobra\u017ani\u0119,<\/em> buduje z nim wi\u0119\u017a, obdarowuje je swoj\u0105 obecno\u015bci\u0105. Je\u015bli dziecko widzi, \u017ce rodzice czytaj\u0105 &#8211; samo te\u017c ch\u0119tnie si\u0119gnie po ksi\u0105\u017ck\u0119. W Tygodniu Bibliotek chcemy szczeg\u00f3lnie zwr\u00f3ci\u0107 uwag\u0119 na promowanie czytelnictwa i bibliotek. Akcja odbywa si\u0119 zawsze w maju zaczynaj\u0105c 8 maja w Dniu Bibliotekarza.<\/p>\n<p>&#8222;Ksi\u0105\u017cki s\u0105 bram\u0105, przez kt\u00f3r\u0105 wychodzisz na ulic\u0119&#8230; Dzi\u0119ki nim uczysz si\u0119, m\u0105drzejesz, podr\u00f3\u017cujesz, marzysz, wyobra\u017casz sobie, prze\u017cywasz losy innych, swoje \u017cycie mno\u017cysz razy tysi\u0105c. Ciekawe, czy kto\u015b da ci wi\u0119cej za tak niewiele.&#8221;<\/p>\n<p>Arturo Perez &#8211; Reverte<\/p>\n<p>Zapraszamy do Bibliotek przez ca\u0142y rok.<\/p>\n<div id='gallery-1' class='gallery galleryid-6618 gallery-columns-3 gallery-size-thumbnail'><figure class='gallery-item'>\n\t\t\t<div class='gallery-icon landscape'>\n\t\t\t\t<a href='https:\/\/bibliotekamoscisko.pl\/?attachment_id=6619'><img decoding=\"async\" width=\"150\" height=\"150\" src=\"https:\/\/bibliotekamoscisko.pl\/wp-content\/uploads\/2018\/05\/IMG_2460-150x150.jpeg\" class=\"attachment-thumbnail size-thumbnail\" alt=\"\" srcset=\"https:\/\/bibliotekamoscisko.pl\/wp-content\/uploads\/2018\/05\/IMG_2460-150x150.jpeg 150w, https:\/\/bibliotekamoscisko.pl\/wp-content\/uploads\/2018\/05\/IMG_2460-1x1.jpeg 1w\" sizes=\"(max-width: 150px) 100vw, 150px\" \/><\/a>\n\t\t\t<\/div><\/figure><figure class='gallery-item'>\n\t\t\t<div class='gallery-icon landscape'>\n\t\t\t\t<a href='https:\/\/bibliotekamoscisko.pl\/?attachment_id=6620'><img decoding=\"async\" width=\"150\" height=\"150\" src=\"https:\/\/bibliotekamoscisko.pl\/wp-content\/uploads\/2018\/05\/IMG_2463-150x150.jpeg\" class=\"attachment-thumbnail size-thumbnail\" alt=\"\" srcset=\"https:\/\/bibliotekamoscisko.pl\/wp-content\/uploads\/2018\/05\/IMG_2463-150x150.jpeg 150w, https:\/\/bibliotekamoscisko.pl\/wp-content\/uploads\/2018\/05\/IMG_2463-1x1.jpeg 1w\" sizes=\"(max-width: 150px) 100vw, 150px\" \/><\/a>\n\t\t\t<\/div><\/figure><figure class='gallery-item'>\n\t\t\t<div class='gallery-icon portrait'>\n\t\t\t\t<a href='https:\/\/bibliotekamoscisko.pl\/?attachment_id=6621'><img decoding=\"async\" width=\"150\" height=\"150\" src=\"https:\/\/bibliotekamoscisko.pl\/wp-content\/uploads\/2018\/05\/IMG_2465-e1526304148626-150x150.jpeg\" class=\"attachment-thumbnail size-thumbnail\" alt=\"\" srcset=\"https:\/\/bibliotekamoscisko.pl\/wp-content\/uploads\/2018\/05\/IMG_2465-e1526304148626-150x150.jpeg 150w, https:\/\/bibliotekamoscisko.pl\/wp-content\/uploads\/2018\/05\/IMG_2465-e1526304148626-1x1.jpeg 1w\" sizes=\"(max-width: 150px) 100vw, 150px\" \/><\/a>\n\t\t\t<\/div><\/figure><figure class='gallery-item'>\n\t\t\t<div class='gallery-icon landscape'>\n\t\t\t\t<a href='https:\/\/bibliotekamoscisko.pl\/?attachment_id=6622'><img loading=\"lazy\" decoding=\"async\" width=\"150\" height=\"150\" src=\"https:\/\/bibliotekamoscisko.pl\/wp-content\/uploads\/2018\/05\/IMG_2467-150x150.jpeg\" class=\"attachment-thumbnail size-thumbnail\" alt=\"\" srcset=\"https:\/\/bibliotekamoscisko.pl\/wp-content\/uploads\/2018\/05\/IMG_2467-150x150.jpeg 150w, https:\/\/bibliotekamoscisko.pl\/wp-content\/uploads\/2018\/05\/IMG_2467-1x1.jpeg 1w\" sizes=\"(max-width: 150px) 100vw, 150px\" \/><\/a>\n\t\t\t<\/div><\/figure><figure class='gallery-item'>\n\t\t\t<div class='gallery-icon landscape'>\n\t\t\t\t<a href='https:\/\/bibliotekamoscisko.pl\/?attachment_id=6623'><img loading=\"lazy\" decoding=\"async\" width=\"150\" height=\"150\" src=\"https:\/\/bibliotekamoscisko.pl\/wp-content\/uploads\/2018\/05\/IMG_2468-150x150.jpeg\" class=\"attachment-thumbnail size-thumbnail\" alt=\"\" srcset=\"https:\/\/bibliotekamoscisko.pl\/wp-content\/uploads\/2018\/05\/IMG_2468-150x150.jpeg 150w, https:\/\/bibliotekamoscisko.pl\/wp-content\/uploads\/2018\/05\/IMG_2468-1x1.jpeg 1w\" sizes=\"(max-width: 150px) 100vw, 150px\" \/><\/a>\n\t\t\t<\/div><\/figure>\n\t\t<\/div>\n\n<p>W. Kun<\/p>\n","protected":false},"excerpt":{"rendered":"<p>W ramach Tygodnia Bibliotek 9 maja dzieci z Gminnego Przedszkola w Pi\u0142awie Dolnej po raz kolejny go\u015bci\u0142y w progach Biblioteki Publicznej w Pi\u0142awie Dolnej. Tym razem w majowych spotkaniach z [&hellip;]<\/p>\n","protected":false},"author":1,"featured_media":0,"comment_status":"closed","ping_status":"open","sticky":false,"template":"","format":"standard","meta":{"ngg_post_thumbnail":0,"footnotes":""},"categories":[1],"tags":[],"class_list":["post-6618","post","type-post","status-publish","format-standard","hentry","category-uncategorized"],"_links":{"self":[{"href":"https:\/\/bibliotekamoscisko.pl\/index.php?rest_route=\/wp\/v2\/posts\/6618","targetHints":{"allow":["GET"]}}],"collection":[{"href":"https:\/\/bibliotekamoscisko.pl\/index.php?rest_route=\/wp\/v2\/posts"}],"about":[{"href":"https:\/\/bibliotekamoscisko.pl\/index.php?rest_route=\/wp\/v2\/types\/post"}],"author":[{"embeddable":true,"href":"https:\/\/bibliotekamoscisko.pl\/index.php?rest_route=\/wp\/v2\/users\/1"}],"replies":[{"embeddable":true,"href":"https:\/\/bibliotekamoscisko.pl\/index.php?rest_route=%2Fwp%2Fv2%2Fcomments&post=6618"}],"version-history":[{"count":1,"href":"https:\/\/bibliotekamoscisko.pl\/index.php?rest_route=\/wp\/v2\/posts\/6618\/revisions"}],"predecessor-version":[{"id":6624,"href":"https:\/\/bibliotekamoscisko.pl\/index.php?rest_route=\/wp\/v2\/posts\/6618\/revisions\/6624"}],"wp:attachment":[{"href":"https:\/\/bibliotekamoscisko.pl\/index.php?rest_route=%2Fwp%2Fv2%2Fmedia&parent=6618"}],"wp:term":[{"taxonomy":"category","embeddable":true,"href":"https:\/\/bibliotekamoscisko.pl\/index.php?rest_route=%2Fwp%2Fv2%2Fcategories&post=6618"},{"taxonomy":"post_tag","embeddable":true,"href":"https:\/\/bibliotekamoscisko.pl\/index.php?rest_route=%2Fwp%2Fv2%2Ftags&post=6618"}],"curies":[{"name":"wp","href":"https:\/\/api.w.org\/{rel}","templated":true}]}}