{"id":6644,"date":"2018-05-16T15:02:32","date_gmt":"2018-05-16T15:02:32","guid":{"rendered":"http:\/\/bibliotekamoscisko.pl\/?p=6644"},"modified":"2018-05-18T11:06:36","modified_gmt":"2018-05-18T11:06:36","slug":"z-ksiazka-na-walizkach-2","status":"publish","type":"post","link":"https:\/\/bibliotekamoscisko.pl\/?p=6644","title":{"rendered":"Z ksi\u0105\u017ck\u0105 na walizkach"},"content":{"rendered":"<p><a href=\"http:\/\/bibliotekamoscisko.pl\/wp-content\/uploads\/2018\/05\/32619794_823165921216743_8157577534439948288_n.jpg\"><img fetchpriority=\"high\" decoding=\"async\" class=\"aligncenter wp-image-6645 size-full\" src=\"http:\/\/bibliotekamoscisko.pl\/wp-content\/uploads\/2018\/05\/32619794_823165921216743_8157577534439948288_n.jpg\" alt=\"32619794_823165921216743_8157577534439948288_n\" width=\"685\" height=\"960\" srcset=\"https:\/\/bibliotekamoscisko.pl\/wp-content\/uploads\/2018\/05\/32619794_823165921216743_8157577534439948288_n.jpg 685w, https:\/\/bibliotekamoscisko.pl\/wp-content\/uploads\/2018\/05\/32619794_823165921216743_8157577534439948288_n-214x300.jpg 214w, https:\/\/bibliotekamoscisko.pl\/wp-content\/uploads\/2018\/05\/32619794_823165921216743_8157577534439948288_n-1x1.jpg 1w\" sizes=\"(max-width: 685px) 100vw, 685px\" \/><\/a>7 czerwca zawita do nas<strong> Dorota Combrzy\u0144ska-Nogala<\/strong> !!! \u0141odzianka, polonistka, surdopedagog, autorka ksi\u0105\u017cek obyczajowych:\u00a0 <em>Naszyjnika z Madrytu, <\/em>\u00a0nagrodzonej Literack\u0105 Nagrod\u0105 im. W\u0142adys\u0142awa Reymonta <em>Pi\u0105tej z kwartetu<\/em>\u00a0 oraz <em>Wytw\u00f3rni w\u00f3d gazowanych<\/em>. Jej ksi\u0105\u017cka dla dzieci \u00a0<em>Bezsenno\u015b\u0107 Jutki <\/em>otrzyma\u0142a nagrod\u0119 Ksi\u0105\u017cka Przyjazna Dziecku oraz wyr\u00f3\u017cnienie w konkursie IBBY na Ksi\u0105\u017ck\u0119 Roku 2012, natomiast <em>Syberyjskie przygody Chmurki<\/em> zdoby\u0142y wyr\u00f3\u017cnienie w konkursach na Nagrod\u0119 Literack\u0105 im. Kornela Makuszy\u0144skiego oraz na Ksi\u0105\u017ck\u0119 Przyjazn\u0105 Dziecku. Powie\u015b\u0107 <em>Mo\u017cesz wybra\u0107, kogo chcesz po\u017cre\u0107<\/em> wpisana zosta\u0142a na List\u0119 Skarb\u00f3w Muzeum Ksi\u0105\u017cki Dzieci\u0119cej.<\/p>\n<p>(https:\/\/www.wyd-literatura.com.pl\/tworcy\/autorzy\/dorota-combrzynska-nogala)<\/p>\n<p>Projekt dofinansowany przez Ministra Kultury i Dziedzictwa Narodowego, samorz\u0105dy wojew\u00f3dztwa dolno\u015bl\u0105skiego, powiatu wa\u0142brzyskiego i miasta Wa\u0142brzycha oraz ze \u015brodk\u00f3w dolno\u015bl\u0105skich samorz\u0105dowych instytucji kultury.<\/p>\n","protected":false},"excerpt":{"rendered":"<p>7 czerwca zawita do nas Dorota Combrzy\u0144ska-Nogala !!! \u0141odzianka, polonistka, surdopedagog, autorka ksi\u0105\u017cek obyczajowych:\u00a0 Naszyjnika z Madrytu, \u00a0nagrodzonej Literack\u0105 Nagrod\u0105 im. W\u0142adys\u0142awa Reymonta Pi\u0105tej z kwartetu\u00a0 oraz Wytw\u00f3rni w\u00f3d gazowanych. [&hellip;]<\/p>\n","protected":false},"author":1,"featured_media":0,"comment_status":"closed","ping_status":"open","sticky":false,"template":"","format":"standard","meta":{"ngg_post_thumbnail":0,"footnotes":""},"categories":[1],"tags":[],"class_list":["post-6644","post","type-post","status-publish","format-standard","hentry","category-uncategorized"],"_links":{"self":[{"href":"https:\/\/bibliotekamoscisko.pl\/index.php?rest_route=\/wp\/v2\/posts\/6644","targetHints":{"allow":["GET"]}}],"collection":[{"href":"https:\/\/bibliotekamoscisko.pl\/index.php?rest_route=\/wp\/v2\/posts"}],"about":[{"href":"https:\/\/bibliotekamoscisko.pl\/index.php?rest_route=\/wp\/v2\/types\/post"}],"author":[{"embeddable":true,"href":"https:\/\/bibliotekamoscisko.pl\/index.php?rest_route=\/wp\/v2\/users\/1"}],"replies":[{"embeddable":true,"href":"https:\/\/bibliotekamoscisko.pl\/index.php?rest_route=%2Fwp%2Fv2%2Fcomments&post=6644"}],"version-history":[{"count":3,"href":"https:\/\/bibliotekamoscisko.pl\/index.php?rest_route=\/wp\/v2\/posts\/6644\/revisions"}],"predecessor-version":[{"id":6649,"href":"https:\/\/bibliotekamoscisko.pl\/index.php?rest_route=\/wp\/v2\/posts\/6644\/revisions\/6649"}],"wp:attachment":[{"href":"https:\/\/bibliotekamoscisko.pl\/index.php?rest_route=%2Fwp%2Fv2%2Fmedia&parent=6644"}],"wp:term":[{"taxonomy":"category","embeddable":true,"href":"https:\/\/bibliotekamoscisko.pl\/index.php?rest_route=%2Fwp%2Fv2%2Fcategories&post=6644"},{"taxonomy":"post_tag","embeddable":true,"href":"https:\/\/bibliotekamoscisko.pl\/index.php?rest_route=%2Fwp%2Fv2%2Ftags&post=6644"}],"curies":[{"name":"wp","href":"https:\/\/api.w.org\/{rel}","templated":true}]}}