{"id":6694,"date":"2018-05-28T12:37:57","date_gmt":"2018-05-28T12:37:57","guid":{"rendered":"http:\/\/bibliotekamoscisko.pl\/?p=6694"},"modified":"2018-06-21T11:17:45","modified_gmt":"2018-06-21T11:17:45","slug":"100-lecie-odzyskania-niepodleglosci-kalendarium","status":"publish","type":"post","link":"https:\/\/bibliotekamoscisko.pl\/?p=6694","title":{"rendered":"100-LECIE  ODZYSKANIA NIEPODLEG\u0141O\u015aCI  &#8211; Kalendarium"},"content":{"rendered":"<blockquote>\n<p style=\"text-align: center;\">100-LECIE\u00a0 ODZYSKANIA NIEPODLEG\u0141O\u015aCI<\/p>\n<p style=\"text-align: center;\"><a href=\"http:\/\/bibliotekamoscisko.pl\/wp-content\/uploads\/2018\/03\/logo-100-lat.jpg\"><img decoding=\"async\" class=\"aligncenter size-medium wp-image-6384\" src=\"http:\/\/bibliotekamoscisko.pl\/wp-content\/uploads\/2018\/03\/logo-100-lat-300x152.jpg\" alt=\"logo-100-lat\" width=\"300\" height=\"152\" srcset=\"https:\/\/bibliotekamoscisko.pl\/wp-content\/uploads\/2018\/03\/logo-100-lat-300x152.jpg 300w, https:\/\/bibliotekamoscisko.pl\/wp-content\/uploads\/2018\/03\/logo-100-lat-768x389.jpg 768w, https:\/\/bibliotekamoscisko.pl\/wp-content\/uploads\/2018\/03\/logo-100-lat-2x1.jpg 2w, https:\/\/bibliotekamoscisko.pl\/wp-content\/uploads\/2018\/03\/logo-100-lat.jpg 1000w\" sizes=\"(max-width: 300px) 100vw, 300px\" \/><\/a><\/p>\n<\/blockquote>\n<p style=\"text-align: center;\">Zapraszamy do zapoznania si\u0119 z kalendarzem wydarze\u0144 zwi\u0105zanych z obchodami 100 &#8211; lecia odzyskania przez Polsk\u0119 niepodleg\u0142o\u015bci:<\/p>\n<hr \/>\n<p style=\"text-align: center;\"><a href=\"http:\/\/bibliotekamoscisko.pl\/wp-content\/uploads\/2018\/05\/kalendarium-1.pdf\" target=\"_blank\" rel=\"noopener\">KALENDARIUM<\/a><\/p>\n<hr \/>\n<p style=\"text-align: center;\">\n","protected":false},"excerpt":{"rendered":"<p>100-LECIE\u00a0 ODZYSKANIA NIEPODLEG\u0141O\u015aCI Zapraszamy do zapoznania si\u0119 z kalendarzem wydarze\u0144 zwi\u0105zanych z obchodami 100 &#8211; lecia odzyskania przez Polsk\u0119 niepodleg\u0142o\u015bci: KALENDARIUM<\/p>\n","protected":false},"author":1,"featured_media":0,"comment_status":"closed","ping_status":"open","sticky":false,"template":"","format":"standard","meta":{"ngg_post_thumbnail":0,"footnotes":""},"categories":[1],"tags":[],"class_list":["post-6694","post","type-post","status-publish","format-standard","hentry","category-uncategorized"],"_links":{"self":[{"href":"https:\/\/bibliotekamoscisko.pl\/index.php?rest_route=\/wp\/v2\/posts\/6694","targetHints":{"allow":["GET"]}}],"collection":[{"href":"https:\/\/bibliotekamoscisko.pl\/index.php?rest_route=\/wp\/v2\/posts"}],"about":[{"href":"https:\/\/bibliotekamoscisko.pl\/index.php?rest_route=\/wp\/v2\/types\/post"}],"author":[{"embeddable":true,"href":"https:\/\/bibliotekamoscisko.pl\/index.php?rest_route=\/wp\/v2\/users\/1"}],"replies":[{"embeddable":true,"href":"https:\/\/bibliotekamoscisko.pl\/index.php?rest_route=%2Fwp%2Fv2%2Fcomments&post=6694"}],"version-history":[{"count":3,"href":"https:\/\/bibliotekamoscisko.pl\/index.php?rest_route=\/wp\/v2\/posts\/6694\/revisions"}],"predecessor-version":[{"id":6909,"href":"https:\/\/bibliotekamoscisko.pl\/index.php?rest_route=\/wp\/v2\/posts\/6694\/revisions\/6909"}],"wp:attachment":[{"href":"https:\/\/bibliotekamoscisko.pl\/index.php?rest_route=%2Fwp%2Fv2%2Fmedia&parent=6694"}],"wp:term":[{"taxonomy":"category","embeddable":true,"href":"https:\/\/bibliotekamoscisko.pl\/index.php?rest_route=%2Fwp%2Fv2%2Fcategories&post=6694"},{"taxonomy":"post_tag","embeddable":true,"href":"https:\/\/bibliotekamoscisko.pl\/index.php?rest_route=%2Fwp%2Fv2%2Ftags&post=6694"}],"curies":[{"name":"wp","href":"https:\/\/api.w.org\/{rel}","templated":true}]}}