{"id":6700,"date":"2018-05-29T13:37:01","date_gmt":"2018-05-29T13:37:01","guid":{"rendered":"http:\/\/bibliotekamoscisko.pl\/?p=6700"},"modified":"2018-05-30T10:18:01","modified_gmt":"2018-05-30T10:18:01","slug":"poezja-i-muzyka","status":"publish","type":"post","link":"https:\/\/bibliotekamoscisko.pl\/?p=6700","title":{"rendered":"Poezja i muzyka"},"content":{"rendered":"<p>26 maja w\u00a0Bibliotece Publicznej Gminy Dzier\u017coni\u00f3w im. W\u0142adys\u0142awa Reymonta w Mo\u015bcisku \u00a0mieli\u015bmy okazj\u0119 zapozna\u0107 si\u0119 z\u00a0tw\u00f3rczo\u015bci\u0105 <strong>Jerzego Gronkiewicza, <\/strong>lekarza internisty, kt\u00f3rego wielk\u0105 pasj\u0105 jest medycyna, poezja i\u2026 \u017cona Beata.<br \/>\nPoeta urodzi\u0142 si\u0119 w\u00a0Ja\u015ble, a\u00a0wychowa\u0142 w\u00a0miejscowo\u015bci D\u0105br\u00f3wka. Z\u00a0wykszta\u0142cenia jest lekarzem internist\u0105 a poezja fascynuje go ju\u017c od czas\u00f3w szko\u0142y \u015bredniej. Mi\u0142o\u015b\u0107 do niej zaszczepi\u0142a w\u00a0nim nauczycielka j\u0119zyka polskiego. G\u0142\u00f3wne tematy utwor\u00f3w Jerzego Gronkiewicza to mi\u0142o\u015b\u0107 i przyroda, kt\u00f3re dope\u0142niaj\u0105 si\u0119 nawzajem. W\u00a02008 r. wyda\u0142 tomik wierszy dla dzieci <em>Po\u015br\u00f3d ska\u0142ek<\/em>, a\u00a0w\u00a02016 r. \u00a0<em>Moja droga<\/em><em>. <\/em>Kolejnym tomem by\u0142y<em> Bieszczady na gitar\u0119 i cztery pory roku.\u00a0\u00a0\u00a0\u00a0\u00a0\u00a0\u00a0\u00a0\u00a0\u00a0\u00a0\u00a0\u00a0\u00a0\u00a0\u00a0\u00a0\u00a0\u00a0\u00a0\u00a0\u00a0\u00a0\u00a0\u00a0\u00a0\u00a0\u00a0\u00a0\u00a0\u00a0\u00a0\u00a0\u00a0\u00a0\u00a0\u00a0\u00a0\u00a0\u00a0\u00a0\u00a0\u00a0\u00a0\u00a0\u00a0\u00a0\u00a0\u00a0\u00a0\u00a0\u00a0\u00a0\u00a0\u00a0\u00a0\u00a0\u00a0\u00a0\u00a0\u00a0\u00a0\u00a0\u00a0\u00a0\u00a0\u00a0\u00a0\u00a0\u00a0\u00a0\u00a0\u00a0\u00a0\u00a0\u00a0\u00a0\u00a0\u00a0\u00a0\u00a0\u00a0\u00a0\u00a0\u00a0\u00a0\u00a0\u00a0\u00a0\u00a0\u00a0\u00a0\u00a0\u00a0\u00a0\u00a0\u00a0\u00a0\u00a0\u00a0\u00a0\u00a0\u00a0\u00a0\u00a0\u00a0\u00a0\u00a0\u00a0\u00a0\u00a0\u00a0\u00a0\u00a0\u00a0\u00a0\u00a0\u00a0\u00a0 \u00a0 \u00a0 \u00a0 \u00a0 \u00a0 \u00a0 \u00a0 \u00a0 \u00a0 \u00a0 \u00a0 \u00a0 \u00a0 \u00a0 \u00a0 \u00a0 \u00a0 \u00a0 \u00a0 \u00a0 \u00a0 \u00a0 \u00a0 \u00a0 \u00a0\u00a0 Jerzy Gronkiewicz leczy zar\u00f3wno cia\u0142o jak i dusz\u0119. Recepta od internisty dope\u0142nia wiersz, do kt\u00f3rego cz\u0119sto powstaje muzyka. Na sobotnim spotkaniu go\u015bcie mogli us\u0142ysze\u0107 autorskie wykonania poetyckich tekst\u00f3w. Poecie towarzyszy\u0142a \u017cona Beata, kt\u00f3ra prezentowa\u0142a niekt\u00f3re z wierszy, doskonale dope\u0142niaj\u0105c gitarowe brzmienie m\u0119\u017ca. Dla wszystkich zainteresowanych nasz go\u015b\u0107 pozostawi\u0142 ma\u0142\u0105 niespodziank\u0119 &#8211; kartki z wierszami, kt\u00f3re mo\u017cna zabra\u0107 do domu. A oto jeden z nagrodzonych utwor\u00f3w:<\/em><\/p>\n<p style=\"text-align: center;\"><em>BLUES NA POLANIE&#8221; -DIAMENTOWY BILET na PERONIE LITERACKIM<\/em><br \/>\nZ\u0142owrog\u0105 puszcz\u0105 goni\u0119 zziajany,<br \/>\nprze\u0142omem nocy, g\u0119stwin\u0105 drzew,<br \/>\nna o\u015blep biegn\u0119 do mej polany,<br \/>\ndo miejsca, w kt\u00f3rym zrodzi\u0142em si\u0119.<br \/>\nTam srebrny ksi\u0119\u017cyc zabija ptaki,<br \/>\nwilk z\u0142y oprawia ofiar\u0119 sw\u0105,<br \/>\nsi\u0105pi m\u00f3j strumyk, rechoc\u0105 \u017caby,<br \/>\ni tam chc\u0119 sko\u0144czy\u0107 tu\u0142aczk\u0119 sw\u0105.<br \/>\nZmierzam do miejsca gdzie mr\u0105 poeci,<br \/>\ngdzie \u0142any trawy przewraca wiatr,<br \/>\ngdzie mnie p\u0119taj\u0105 paj\u0119cze sieci,<br \/>\ngdzie kropla rosy odbija \u015bwiat.<br \/>\nPadam bez \u017cycia w \u015brodku polany,<br \/>\ngwiazdy spadaj\u0105 na g\u0142ow\u0119 m\u0105,<br \/>\nstrumyk \u0142ka szeptem cichej nostalgii,<br \/>\no beznadziei, co wiedzie w noc.<br \/>\nZaczynam \u015bpiewa\u0107 bluesa o \u017cyciu,<br \/>\nz wilkami w ch\u00f3rze wyj\u0119 na g\u0142os,<br \/>\ndrzew murmurando g\u0142aszcze me my\u015bli,<br \/>\na rozpacz rodzi \u015bwiate\u0142ko w mrok.<br \/>\nGoni\u0119 przez tarnie, rani\u0119 si\u0119, padam,<br \/>\nJak ryba gin\u0119 bez wody swej,<br \/>\noczy wyt\u0119\u017cam, lecz \u015bwiat\u0142o s\u0142abnie,<br \/>\nwrzask czarnych kot\u00f3w i czarny cie\u0144.<\/p>\n<p style=\"text-align: center;\">Panie, ja Ciebie o jedno prosz\u0119,<br \/>\nzabij b\u00f3l we mnie, lub zabij mnie,<br \/>\nna tej polanie gdzie mr\u0105 poeci,<br \/>\ntu, gdzie nadzieja umiera te\u017c.<\/p>\n<p style=\"text-align: center;\"><em>\u00a0\u00a0\u00a0\u00a0\u00a0\u00a0\u00a0\u00a0\u00a0\u00a0\u00a0\u00a0\u00a0\u00a0\u00a0\u00a0\u00a0\u00a0\u00a0\u00a0\u00a0\u00a0\u00a0\u00a0\u00a0\u00a0\u00a0\u00a0\u00a0\u00a0\u00a0\u00a0\u00a0\u00a0\u00a0\u00a0\u00a0\u00a0\u00a0\u00a0\u00a0\u00a0\u00a0\u00a0\u00a0\u00a0\u00a0 Jerzy Gronkiewicz<\/em><\/p>\n<div id='gallery-1' class='gallery galleryid-6700 gallery-columns-3 gallery-size-thumbnail'><figure class='gallery-item'>\n\t\t\t<div class='gallery-icon portrait'>\n\t\t\t\t<a href='https:\/\/bibliotekamoscisko.pl\/?attachment_id=6743'><img decoding=\"async\" width=\"150\" height=\"150\" src=\"https:\/\/bibliotekamoscisko.pl\/wp-content\/uploads\/2018\/05\/IMG_3815-e1527673071510-150x150.jpg\" class=\"attachment-thumbnail size-thumbnail\" alt=\"\" srcset=\"https:\/\/bibliotekamoscisko.pl\/wp-content\/uploads\/2018\/05\/IMG_3815-e1527673071510-150x150.jpg 150w, https:\/\/bibliotekamoscisko.pl\/wp-content\/uploads\/2018\/05\/IMG_3815-e1527673071510-1x1.jpg 1w\" sizes=\"(max-width: 150px) 100vw, 150px\" \/><\/a>\n\t\t\t<\/div><\/figure><figure class='gallery-item'>\n\t\t\t<div class='gallery-icon landscape'>\n\t\t\t\t<a href='https:\/\/bibliotekamoscisko.pl\/?attachment_id=6701'><img decoding=\"async\" width=\"150\" height=\"150\" src=\"https:\/\/bibliotekamoscisko.pl\/wp-content\/uploads\/2018\/05\/33532936_2078510315758966_4831549925500125184_n-150x150.jpg\" class=\"attachment-thumbnail size-thumbnail\" alt=\"\" srcset=\"https:\/\/bibliotekamoscisko.pl\/wp-content\/uploads\/2018\/05\/33532936_2078510315758966_4831549925500125184_n-150x150.jpg 150w, https:\/\/bibliotekamoscisko.pl\/wp-content\/uploads\/2018\/05\/33532936_2078510315758966_4831549925500125184_n-1x1.jpg 1w\" sizes=\"(max-width: 150px) 100vw, 150px\" \/><\/a>\n\t\t\t<\/div><\/figure><figure class='gallery-item'>\n\t\t\t<div class='gallery-icon landscape'>\n\t\t\t\t<a href='https:\/\/bibliotekamoscisko.pl\/?attachment_id=6702'><img decoding=\"async\" width=\"150\" height=\"150\" src=\"https:\/\/bibliotekamoscisko.pl\/wp-content\/uploads\/2018\/05\/33605800_2078510265758971_5844513156193320960_n-150x150.jpg\" class=\"attachment-thumbnail size-thumbnail\" alt=\"\" srcset=\"https:\/\/bibliotekamoscisko.pl\/wp-content\/uploads\/2018\/05\/33605800_2078510265758971_5844513156193320960_n-150x150.jpg 150w, https:\/\/bibliotekamoscisko.pl\/wp-content\/uploads\/2018\/05\/33605800_2078510265758971_5844513156193320960_n-1x1.jpg 1w\" sizes=\"(max-width: 150px) 100vw, 150px\" \/><\/a>\n\t\t\t<\/div><\/figure><figure class='gallery-item'>\n\t\t\t<div class='gallery-icon landscape'>\n\t\t\t\t<a href='https:\/\/bibliotekamoscisko.pl\/?attachment_id=6742'><img loading=\"lazy\" decoding=\"async\" width=\"150\" height=\"150\" src=\"https:\/\/bibliotekamoscisko.pl\/wp-content\/uploads\/2018\/05\/IMG_3813-e1527673085274-150x150.jpg\" class=\"attachment-thumbnail size-thumbnail\" alt=\"\" srcset=\"https:\/\/bibliotekamoscisko.pl\/wp-content\/uploads\/2018\/05\/IMG_3813-e1527673085274-150x150.jpg 150w, https:\/\/bibliotekamoscisko.pl\/wp-content\/uploads\/2018\/05\/IMG_3813-e1527673085274-1x1.jpg 1w\" sizes=\"(max-width: 150px) 100vw, 150px\" \/><\/a>\n\t\t\t<\/div><\/figure><figure class='gallery-item'>\n\t\t\t<div class='gallery-icon landscape'>\n\t\t\t\t<a href='https:\/\/bibliotekamoscisko.pl\/?attachment_id=6741'><img loading=\"lazy\" decoding=\"async\" width=\"150\" height=\"150\" src=\"https:\/\/bibliotekamoscisko.pl\/wp-content\/uploads\/2018\/05\/IMG_3812-e1527673095436-150x150.jpg\" class=\"attachment-thumbnail size-thumbnail\" alt=\"\" srcset=\"https:\/\/bibliotekamoscisko.pl\/wp-content\/uploads\/2018\/05\/IMG_3812-e1527673095436-150x150.jpg 150w, https:\/\/bibliotekamoscisko.pl\/wp-content\/uploads\/2018\/05\/IMG_3812-e1527673095436-1x1.jpg 1w\" sizes=\"(max-width: 150px) 100vw, 150px\" \/><\/a>\n\t\t\t<\/div><\/figure><figure class='gallery-item'>\n\t\t\t<div class='gallery-icon landscape'>\n\t\t\t\t<a href='https:\/\/bibliotekamoscisko.pl\/?attachment_id=6740'><img loading=\"lazy\" decoding=\"async\" width=\"150\" height=\"150\" src=\"https:\/\/bibliotekamoscisko.pl\/wp-content\/uploads\/2018\/05\/IMG_3811-e1527673106646-150x150.jpg\" class=\"attachment-thumbnail size-thumbnail\" alt=\"\" srcset=\"https:\/\/bibliotekamoscisko.pl\/wp-content\/uploads\/2018\/05\/IMG_3811-e1527673106646-150x150.jpg 150w, https:\/\/bibliotekamoscisko.pl\/wp-content\/uploads\/2018\/05\/IMG_3811-e1527673106646-1x1.jpg 1w\" sizes=\"(max-width: 150px) 100vw, 150px\" \/><\/a>\n\t\t\t<\/div><\/figure>\n\t\t<\/div>\n\n<p>D.W.<\/p>\n","protected":false},"excerpt":{"rendered":"<p>26 maja w\u00a0Bibliotece Publicznej Gminy Dzier\u017coni\u00f3w im. W\u0142adys\u0142awa Reymonta w Mo\u015bcisku \u00a0mieli\u015bmy okazj\u0119 zapozna\u0107 si\u0119 z\u00a0tw\u00f3rczo\u015bci\u0105 Jerzego Gronkiewicza, lekarza internisty, kt\u00f3rego wielk\u0105 pasj\u0105 jest medycyna, poezja i\u2026 \u017cona Beata. Poeta [&hellip;]<\/p>\n","protected":false},"author":1,"featured_media":0,"comment_status":"closed","ping_status":"open","sticky":false,"template":"","format":"standard","meta":{"ngg_post_thumbnail":0,"footnotes":""},"categories":[1],"tags":[],"class_list":["post-6700","post","type-post","status-publish","format-standard","hentry","category-uncategorized"],"_links":{"self":[{"href":"https:\/\/bibliotekamoscisko.pl\/index.php?rest_route=\/wp\/v2\/posts\/6700","targetHints":{"allow":["GET"]}}],"collection":[{"href":"https:\/\/bibliotekamoscisko.pl\/index.php?rest_route=\/wp\/v2\/posts"}],"about":[{"href":"https:\/\/bibliotekamoscisko.pl\/index.php?rest_route=\/wp\/v2\/types\/post"}],"author":[{"embeddable":true,"href":"https:\/\/bibliotekamoscisko.pl\/index.php?rest_route=\/wp\/v2\/users\/1"}],"replies":[{"embeddable":true,"href":"https:\/\/bibliotekamoscisko.pl\/index.php?rest_route=%2Fwp%2Fv2%2Fcomments&post=6700"}],"version-history":[{"count":7,"href":"https:\/\/bibliotekamoscisko.pl\/index.php?rest_route=\/wp\/v2\/posts\/6700\/revisions"}],"predecessor-version":[{"id":6745,"href":"https:\/\/bibliotekamoscisko.pl\/index.php?rest_route=\/wp\/v2\/posts\/6700\/revisions\/6745"}],"wp:attachment":[{"href":"https:\/\/bibliotekamoscisko.pl\/index.php?rest_route=%2Fwp%2Fv2%2Fmedia&parent=6700"}],"wp:term":[{"taxonomy":"category","embeddable":true,"href":"https:\/\/bibliotekamoscisko.pl\/index.php?rest_route=%2Fwp%2Fv2%2Fcategories&post=6700"},{"taxonomy":"post_tag","embeddable":true,"href":"https:\/\/bibliotekamoscisko.pl\/index.php?rest_route=%2Fwp%2Fv2%2Ftags&post=6700"}],"curies":[{"name":"wp","href":"https:\/\/api.w.org\/{rel}","templated":true}]}}