{"id":6822,"date":"2018-06-08T15:58:26","date_gmt":"2018-06-08T15:58:26","guid":{"rendered":"http:\/\/bibliotekamoscisko.pl\/?p=6822"},"modified":"2018-06-11T15:35:12","modified_gmt":"2018-06-11T15:35:12","slug":"pisanie-dla-dzieci-to-prawdziwa-podroz","status":"publish","type":"post","link":"https:\/\/bibliotekamoscisko.pl\/?p=6822","title":{"rendered":"Pisanie dla dzieci to prawdziwa podr\u00f3\u017c"},"content":{"rendered":"<p><a href=\"http:\/\/bibliotekamoscisko.pl\/wp-content\/uploads\/2018\/06\/male.jpg\"><img fetchpriority=\"high\" decoding=\"async\" class=\"size-medium wp-image-6824 alignleft\" src=\"http:\/\/bibliotekamoscisko.pl\/wp-content\/uploads\/2018\/06\/male-253x300.jpg\" alt=\"male\" width=\"253\" height=\"300\" srcset=\"https:\/\/bibliotekamoscisko.pl\/wp-content\/uploads\/2018\/06\/male-253x300.jpg 253w, https:\/\/bibliotekamoscisko.pl\/wp-content\/uploads\/2018\/06\/male-1x1.jpg 1w, https:\/\/bibliotekamoscisko.pl\/wp-content\/uploads\/2018\/06\/male.jpg 495w\" sizes=\"(max-width: 253px) 100vw, 253px\" \/><\/a><\/p>\n<p>Od pi\u0119tnastu lat <em>Ksi\u0105\u017cka na walizkach<\/em> odwiedza mniejsze i wi\u0119ksze miejscowo\u015bci. \u201eZ ksi\u0105\u017ck\u0105 na walizkach, czyli Dolno\u015bl\u0105skie Spotkania Pisarzy z\u00a0M\u0142odymi Czytelnikami\u201d to najwi\u0119ksza impreza promuj\u0105ca czytelnictwo w\u015br\u00f3d dzieci i\u00a0m\u0142odzie\u017cy na Dolnym \u015al\u0105sku, w\u00a0kt\u00f3rej bior\u0105 udzia\u0142 wybitni tw\u00f3rcy literatury dzieci\u0119cej, ilustratorzy i\u00a0wydawcy. G\u0142\u00f3wnym organizatorem jest Dolno\u015bl\u0105ska Biblioteka Publiczna im. T. Mikulskiego we Wroc\u0142awiu. Do tej pory walizkowe spotkania odby\u0142y si\u0119 na terenie 161 gmin \u2013 to niemal komplet!\u00a0\u00a0\u00a0\u00a0\u00a0\u00a0\u00a0\u00a0\u00a0\u00a0\u00a0\u00a0\u00a0 \u00a0 \u00a0 \u00a0 \u00a0 \u00a0 \u00a0 \u00a0 \u00a0 \u00a0 \u00a0 \u00a0 \u00a0 \u00a0 \u00a0 \u00a0 \u00a0 \u00a0 \u00a0 \u00a0 \u00a0 \u00a0 \u00a0 \u00a0 \u00a0 \u00a0 \u00a0 \u00a0 \u00a0 \u00a0 \u00a0 \u00a0 \u00a0 \u00a0 \u00a0 \u00a0 \u00a0 \u00a0 \u00a0 \u00a0 \u00a0 \u00a0 \u00a0 Biblioteka Publiczna Gminy Dzier\u017coni\u00f3w im. W\u0142adys\u0142awa Reymonta 7 czerwca mia\u0142a zaszczyt go\u015bci\u0107 na spotkaniu autorskim Dorot\u0119 Combrzy\u0144sk\u0105-Nogal\u0119, kt\u00f3ra przyjecha\u0142a do nas a\u017c z \u0141odzi. Pisarka jest m.in. autork\u0105 ksi\u0105\u017cek obyczajowych. <em>Naszyjnika z Madrytu <\/em>\u00a0nagrodzono Literack\u0105 Nagrod\u0105 im. W\u0142adys\u0142awa Reymonta. Jej ksi\u0105\u017cka dla dzieci \u00a0<em>Bezsenno\u015b\u0107 Jutki <\/em>otrzyma\u0142a nagrod\u0119 Ksi\u0105\u017cka Przyjazna Dziecku oraz wyr\u00f3\u017cnienie w konkursie IBBY na Ksi\u0105\u017ck\u0119 Roku 2012, natomiast <em>Syberyjskie przygody Chmurki<\/em> zdoby\u0142y wyr\u00f3\u017cnienie w konkursach na Nagrod\u0119 Literack\u0105 im. Kornela Makuszy\u0144skiego oraz na Ksi\u0105\u017ck\u0119 Przyjazn\u0105 Dziecku. To w\u0142a\u015bnie ta pozycja sta\u0142a si\u0119 g\u0142\u00f3wnym elementem spotkania. Ksi\u0105\u017cka przedstawia prawdziw\u0105 histori\u0119 Anny Szwykowskiej-Michalskiej, kt\u00f3ra maj\u0105c trzy lata, wraz z rodzin\u0105 zosta\u0142a zes\u0142ana do tajgi syberyjskiej nad rzek\u0105 Jenisej niedaleko Krasnojarska. W maju 1946 roku wr\u00f3ci\u0142a do \u0141odzi, gdzie jej histori\u0119 przela\u0142a na papier w\u0142a\u015bnie Dorota Combrzy\u0144ska-Nogala.Niemal wprost z drukarni przyby\u0142a jej najnowsza ksi\u0105\u017cka <em>Wysiedleni<\/em>, z kt\u00f3rej cieszy\u0142 si\u0119 tak\u017ce towarzysz\u0105cy pisarce Jerzy Kumiega, kierownik Dzia\u0142u Pracy z Dzie\u0107mi DBP, koordynuj\u0105cy wi\u0119kszo\u015b\u0107 dzia\u0142a\u0144 zwi\u0105zanych z walizkowymi spotkaniami. \u00a0 \u00a0 \u00a0 \u00a0 \u00a0 \u00a0 \u00a0 \u00a0 \u00a0\u00a0 \u00a0 \u00a0 \u00a0 \u00a0 \u00a0 \u00a0 \u00a0 \u00a0 \u00a0 \u00a0 \u00a0 \u00a0 \u00a0 \u00a0 \u00a0 \u00a0 \u00a0 Wizyta up\u0142yn\u0119\u0142a zdecydowanie zbyt szybko, pomimo wielu pyta\u0144, kt\u00f3re przygotowa\u0142y dzieci z Zespo\u0142u Szkolno-Przedszkolnego w Mo\u015bcisku i pr\u00f3\u015bb o autografy od wszystkich uczestnik\u00f3w spotkania.<\/p>\n<div id='gallery-1' class='gallery galleryid-6822 gallery-columns-3 gallery-size-thumbnail'><figure class='gallery-item'>\n\t\t\t<div class='gallery-icon landscape'>\n\t\t\t\t<a href='https:\/\/bibliotekamoscisko.pl\/?attachment_id=6825'><img decoding=\"async\" width=\"150\" height=\"150\" src=\"https:\/\/bibliotekamoscisko.pl\/wp-content\/uploads\/2018\/06\/DSC0921-150x150.jpg\" class=\"attachment-thumbnail size-thumbnail\" alt=\"\" srcset=\"https:\/\/bibliotekamoscisko.pl\/wp-content\/uploads\/2018\/06\/DSC0921-150x150.jpg 150w, https:\/\/bibliotekamoscisko.pl\/wp-content\/uploads\/2018\/06\/DSC0921-1x1.jpg 1w\" sizes=\"(max-width: 150px) 100vw, 150px\" \/><\/a>\n\t\t\t<\/div><\/figure><figure class='gallery-item'>\n\t\t\t<div class='gallery-icon landscape'>\n\t\t\t\t<a href='https:\/\/bibliotekamoscisko.pl\/?attachment_id=6826'><img decoding=\"async\" width=\"150\" height=\"150\" src=\"https:\/\/bibliotekamoscisko.pl\/wp-content\/uploads\/2018\/06\/DSC0923-150x150.jpg\" class=\"attachment-thumbnail size-thumbnail\" alt=\"\" srcset=\"https:\/\/bibliotekamoscisko.pl\/wp-content\/uploads\/2018\/06\/DSC0923-150x150.jpg 150w, https:\/\/bibliotekamoscisko.pl\/wp-content\/uploads\/2018\/06\/DSC0923-1x1.jpg 1w\" sizes=\"(max-width: 150px) 100vw, 150px\" \/><\/a>\n\t\t\t<\/div><\/figure><figure class='gallery-item'>\n\t\t\t<div class='gallery-icon portrait'>\n\t\t\t\t<a href='https:\/\/bibliotekamoscisko.pl\/?attachment_id=6827'><img loading=\"lazy\" decoding=\"async\" width=\"150\" height=\"150\" src=\"https:\/\/bibliotekamoscisko.pl\/wp-content\/uploads\/2018\/06\/DSC0927-150x150.jpg\" class=\"attachment-thumbnail size-thumbnail\" alt=\"\" srcset=\"https:\/\/bibliotekamoscisko.pl\/wp-content\/uploads\/2018\/06\/DSC0927-150x150.jpg 150w, https:\/\/bibliotekamoscisko.pl\/wp-content\/uploads\/2018\/06\/DSC0927-1x1.jpg 1w\" sizes=\"(max-width: 150px) 100vw, 150px\" \/><\/a>\n\t\t\t<\/div><\/figure><figure class='gallery-item'>\n\t\t\t<div class='gallery-icon portrait'>\n\t\t\t\t<a href='https:\/\/bibliotekamoscisko.pl\/?attachment_id=6828'><img loading=\"lazy\" decoding=\"async\" width=\"150\" height=\"150\" src=\"https:\/\/bibliotekamoscisko.pl\/wp-content\/uploads\/2018\/06\/DSC0838-e1528472474443-150x150.jpeg\" class=\"attachment-thumbnail size-thumbnail\" alt=\"\" srcset=\"https:\/\/bibliotekamoscisko.pl\/wp-content\/uploads\/2018\/06\/DSC0838-e1528472474443-150x150.jpeg 150w, https:\/\/bibliotekamoscisko.pl\/wp-content\/uploads\/2018\/06\/DSC0838-e1528472474443-1x1.jpeg 1w\" sizes=\"(max-width: 150px) 100vw, 150px\" \/><\/a>\n\t\t\t<\/div><\/figure><figure class='gallery-item'>\n\t\t\t<div class='gallery-icon portrait'>\n\t\t\t\t<a href='https:\/\/bibliotekamoscisko.pl\/?attachment_id=6829'><img loading=\"lazy\" decoding=\"async\" width=\"150\" height=\"150\" src=\"https:\/\/bibliotekamoscisko.pl\/wp-content\/uploads\/2018\/06\/DSC0839-150x150.jpeg\" class=\"attachment-thumbnail size-thumbnail\" alt=\"\" srcset=\"https:\/\/bibliotekamoscisko.pl\/wp-content\/uploads\/2018\/06\/DSC0839-150x150.jpeg 150w, https:\/\/bibliotekamoscisko.pl\/wp-content\/uploads\/2018\/06\/DSC0839-1x1.jpeg 1w\" sizes=\"(max-width: 150px) 100vw, 150px\" \/><\/a>\n\t\t\t<\/div><\/figure><figure class='gallery-item'>\n\t\t\t<div class='gallery-icon portrait'>\n\t\t\t\t<a href='https:\/\/bibliotekamoscisko.pl\/?attachment_id=6830'><img loading=\"lazy\" decoding=\"async\" width=\"150\" height=\"150\" src=\"https:\/\/bibliotekamoscisko.pl\/wp-content\/uploads\/2018\/06\/DSC0846-150x150.jpeg\" class=\"attachment-thumbnail size-thumbnail\" alt=\"\" srcset=\"https:\/\/bibliotekamoscisko.pl\/wp-content\/uploads\/2018\/06\/DSC0846-150x150.jpeg 150w, https:\/\/bibliotekamoscisko.pl\/wp-content\/uploads\/2018\/06\/DSC0846-1x1.jpeg 1w\" sizes=\"(max-width: 150px) 100vw, 150px\" \/><\/a>\n\t\t\t<\/div><\/figure><figure class='gallery-item'>\n\t\t\t<div class='gallery-icon landscape'>\n\t\t\t\t<a href='https:\/\/bibliotekamoscisko.pl\/?attachment_id=6831'><img loading=\"lazy\" decoding=\"async\" width=\"150\" height=\"150\" src=\"https:\/\/bibliotekamoscisko.pl\/wp-content\/uploads\/2018\/06\/DSC0864-150x150.jpeg\" class=\"attachment-thumbnail size-thumbnail\" alt=\"\" srcset=\"https:\/\/bibliotekamoscisko.pl\/wp-content\/uploads\/2018\/06\/DSC0864-150x150.jpeg 150w, https:\/\/bibliotekamoscisko.pl\/wp-content\/uploads\/2018\/06\/DSC0864-1x1.jpeg 1w\" sizes=\"(max-width: 150px) 100vw, 150px\" \/><\/a>\n\t\t\t<\/div><\/figure><figure class='gallery-item'>\n\t\t\t<div class='gallery-icon landscape'>\n\t\t\t\t<a href='https:\/\/bibliotekamoscisko.pl\/?attachment_id=6832'><img loading=\"lazy\" decoding=\"async\" width=\"150\" height=\"150\" src=\"https:\/\/bibliotekamoscisko.pl\/wp-content\/uploads\/2018\/06\/DSC0852-150x150.jpeg\" class=\"attachment-thumbnail size-thumbnail\" alt=\"\" srcset=\"https:\/\/bibliotekamoscisko.pl\/wp-content\/uploads\/2018\/06\/DSC0852-150x150.jpeg 150w, https:\/\/bibliotekamoscisko.pl\/wp-content\/uploads\/2018\/06\/DSC0852-1x1.jpeg 1w\" sizes=\"(max-width: 150px) 100vw, 150px\" \/><\/a>\n\t\t\t<\/div><\/figure><figure class='gallery-item'>\n\t\t\t<div class='gallery-icon landscape'>\n\t\t\t\t<a href='https:\/\/bibliotekamoscisko.pl\/?attachment_id=6833'><img loading=\"lazy\" decoding=\"async\" width=\"150\" height=\"150\" src=\"https:\/\/bibliotekamoscisko.pl\/wp-content\/uploads\/2018\/06\/DSC0887-150x150.jpg\" class=\"attachment-thumbnail size-thumbnail\" alt=\"\" srcset=\"https:\/\/bibliotekamoscisko.pl\/wp-content\/uploads\/2018\/06\/DSC0887-150x150.jpg 150w, https:\/\/bibliotekamoscisko.pl\/wp-content\/uploads\/2018\/06\/DSC0887-1x1.jpg 1w\" sizes=\"(max-width: 150px) 100vw, 150px\" \/><\/a>\n\t\t\t<\/div><\/figure><figure class='gallery-item'>\n\t\t\t<div class='gallery-icon landscape'>\n\t\t\t\t<a href='https:\/\/bibliotekamoscisko.pl\/?attachment_id=6834'><img loading=\"lazy\" decoding=\"async\" width=\"150\" height=\"150\" src=\"https:\/\/bibliotekamoscisko.pl\/wp-content\/uploads\/2018\/06\/DSC0895-150x150.jpg\" class=\"attachment-thumbnail size-thumbnail\" alt=\"\" srcset=\"https:\/\/bibliotekamoscisko.pl\/wp-content\/uploads\/2018\/06\/DSC0895-150x150.jpg 150w, https:\/\/bibliotekamoscisko.pl\/wp-content\/uploads\/2018\/06\/DSC0895-1x1.jpg 1w\" sizes=\"(max-width: 150px) 100vw, 150px\" \/><\/a>\n\t\t\t<\/div><\/figure><figure class='gallery-item'>\n\t\t\t<div class='gallery-icon landscape'>\n\t\t\t\t<a href='https:\/\/bibliotekamoscisko.pl\/?attachment_id=6835'><img loading=\"lazy\" decoding=\"async\" width=\"150\" height=\"150\" src=\"https:\/\/bibliotekamoscisko.pl\/wp-content\/uploads\/2018\/06\/DSC0896-150x150.jpg\" class=\"attachment-thumbnail size-thumbnail\" alt=\"\" srcset=\"https:\/\/bibliotekamoscisko.pl\/wp-content\/uploads\/2018\/06\/DSC0896-150x150.jpg 150w, https:\/\/bibliotekamoscisko.pl\/wp-content\/uploads\/2018\/06\/DSC0896-1x1.jpg 1w\" sizes=\"(max-width: 150px) 100vw, 150px\" \/><\/a>\n\t\t\t<\/div><\/figure><figure class='gallery-item'>\n\t\t\t<div class='gallery-icon landscape'>\n\t\t\t\t<a href='https:\/\/bibliotekamoscisko.pl\/?attachment_id=6836'><img loading=\"lazy\" decoding=\"async\" width=\"150\" height=\"150\" src=\"https:\/\/bibliotekamoscisko.pl\/wp-content\/uploads\/2018\/06\/DSC0906-150x150.jpg\" class=\"attachment-thumbnail size-thumbnail\" alt=\"\" srcset=\"https:\/\/bibliotekamoscisko.pl\/wp-content\/uploads\/2018\/06\/DSC0906-150x150.jpg 150w, https:\/\/bibliotekamoscisko.pl\/wp-content\/uploads\/2018\/06\/DSC0906-1x1.jpg 1w\" sizes=\"(max-width: 150px) 100vw, 150px\" \/><\/a>\n\t\t\t<\/div><\/figure><figure class='gallery-item'>\n\t\t\t<div class='gallery-icon landscape'>\n\t\t\t\t<a href='https:\/\/bibliotekamoscisko.pl\/?attachment_id=6837'><img loading=\"lazy\" decoding=\"async\" width=\"150\" height=\"150\" src=\"https:\/\/bibliotekamoscisko.pl\/wp-content\/uploads\/2018\/06\/DSC0910-150x150.jpg\" class=\"attachment-thumbnail size-thumbnail\" alt=\"\" srcset=\"https:\/\/bibliotekamoscisko.pl\/wp-content\/uploads\/2018\/06\/DSC0910-150x150.jpg 150w, https:\/\/bibliotekamoscisko.pl\/wp-content\/uploads\/2018\/06\/DSC0910-1x1.jpg 1w\" sizes=\"(max-width: 150px) 100vw, 150px\" \/><\/a>\n\t\t\t<\/div><\/figure><figure class='gallery-item'>\n\t\t\t<div class='gallery-icon landscape'>\n\t\t\t\t<a href='https:\/\/bibliotekamoscisko.pl\/?attachment_id=6838'><img loading=\"lazy\" decoding=\"async\" width=\"150\" height=\"150\" src=\"https:\/\/bibliotekamoscisko.pl\/wp-content\/uploads\/2018\/06\/DSC0914-150x150.jpg\" class=\"attachment-thumbnail size-thumbnail\" alt=\"\" srcset=\"https:\/\/bibliotekamoscisko.pl\/wp-content\/uploads\/2018\/06\/DSC0914-150x150.jpg 150w, https:\/\/bibliotekamoscisko.pl\/wp-content\/uploads\/2018\/06\/DSC0914-1x1.jpg 1w\" sizes=\"(max-width: 150px) 100vw, 150px\" \/><\/a>\n\t\t\t<\/div><\/figure><figure class='gallery-item'>\n\t\t\t<div class='gallery-icon landscape'>\n\t\t\t\t<a href='https:\/\/bibliotekamoscisko.pl\/?attachment_id=6839'><img loading=\"lazy\" decoding=\"async\" width=\"150\" height=\"150\" src=\"https:\/\/bibliotekamoscisko.pl\/wp-content\/uploads\/2018\/06\/DSC0922-150x150.jpg\" class=\"attachment-thumbnail size-thumbnail\" alt=\"\" srcset=\"https:\/\/bibliotekamoscisko.pl\/wp-content\/uploads\/2018\/06\/DSC0922-150x150.jpg 150w, https:\/\/bibliotekamoscisko.pl\/wp-content\/uploads\/2018\/06\/DSC0922-1x1.jpg 1w\" sizes=\"(max-width: 150px) 100vw, 150px\" \/><\/a>\n\t\t\t<\/div><\/figure>\n\t\t<\/div>\n\n<p>&nbsp;<\/p>\n<p>Na tegoroczny fina\u0142 akcji 9 czerwca zaprasza Powiatowa i\u00a0Miejska Biblioteka Publiczna \u201eBiblioteka pod Atlantami\u201d w\u00a0Wa\u0142brzychu!<\/p>\n<p><em>Projekt dofinansowany przez Ministra Kultury i Dziedzictwa Narodowego, samorz\u0105dy wojew\u00f3dztwa dolno\u015bl\u0105skiego, powiatu wa\u0142brzyskiego i miasta Wa\u0142brzycha oraz ze \u015brodk\u00f3w dolno\u015bl\u0105skich samorz\u0105dowych instytucji kultury. <\/em><\/p>\n<p>D.W.<\/p>\n","protected":false},"excerpt":{"rendered":"<p>Od pi\u0119tnastu lat Ksi\u0105\u017cka na walizkach odwiedza mniejsze i wi\u0119ksze miejscowo\u015bci. \u201eZ ksi\u0105\u017ck\u0105 na walizkach, czyli Dolno\u015bl\u0105skie Spotkania Pisarzy z\u00a0M\u0142odymi Czytelnikami\u201d to najwi\u0119ksza impreza promuj\u0105ca czytelnictwo w\u015br\u00f3d dzieci i\u00a0m\u0142odzie\u017cy na [&hellip;]<\/p>\n","protected":false},"author":1,"featured_media":0,"comment_status":"closed","ping_status":"open","sticky":false,"template":"","format":"standard","meta":{"ngg_post_thumbnail":0,"footnotes":""},"categories":[1],"tags":[],"class_list":["post-6822","post","type-post","status-publish","format-standard","hentry","category-uncategorized"],"_links":{"self":[{"href":"https:\/\/bibliotekamoscisko.pl\/index.php?rest_route=\/wp\/v2\/posts\/6822","targetHints":{"allow":["GET"]}}],"collection":[{"href":"https:\/\/bibliotekamoscisko.pl\/index.php?rest_route=\/wp\/v2\/posts"}],"about":[{"href":"https:\/\/bibliotekamoscisko.pl\/index.php?rest_route=\/wp\/v2\/types\/post"}],"author":[{"embeddable":true,"href":"https:\/\/bibliotekamoscisko.pl\/index.php?rest_route=\/wp\/v2\/users\/1"}],"replies":[{"embeddable":true,"href":"https:\/\/bibliotekamoscisko.pl\/index.php?rest_route=%2Fwp%2Fv2%2Fcomments&post=6822"}],"version-history":[{"count":4,"href":"https:\/\/bibliotekamoscisko.pl\/index.php?rest_route=\/wp\/v2\/posts\/6822\/revisions"}],"predecessor-version":[{"id":6843,"href":"https:\/\/bibliotekamoscisko.pl\/index.php?rest_route=\/wp\/v2\/posts\/6822\/revisions\/6843"}],"wp:attachment":[{"href":"https:\/\/bibliotekamoscisko.pl\/index.php?rest_route=%2Fwp%2Fv2%2Fmedia&parent=6822"}],"wp:term":[{"taxonomy":"category","embeddable":true,"href":"https:\/\/bibliotekamoscisko.pl\/index.php?rest_route=%2Fwp%2Fv2%2Fcategories&post=6822"},{"taxonomy":"post_tag","embeddable":true,"href":"https:\/\/bibliotekamoscisko.pl\/index.php?rest_route=%2Fwp%2Fv2%2Ftags&post=6822"}],"curies":[{"name":"wp","href":"https:\/\/api.w.org\/{rel}","templated":true}]}}