{"id":6848,"date":"2018-06-12T14:03:11","date_gmt":"2018-06-12T14:03:11","guid":{"rendered":"http:\/\/bibliotekamoscisko.pl\/?p=6848"},"modified":"2018-06-20T16:06:41","modified_gmt":"2018-06-20T16:06:41","slug":"poznajemy-polska-kulture-i-historie","status":"publish","type":"post","link":"https:\/\/bibliotekamoscisko.pl\/?p=6848","title":{"rendered":"Poznajemy Polsk\u0105 kultur\u0119 i histori\u0119"},"content":{"rendered":"<p style=\"text-align: center;\"><strong>Noc Bibliotek w Ostroszowicach z Pablo Picassem, Narodowym Czytaniem, Koncertowaniem, Kapsu\u0142\u0105 Czasu, filmem i Flirtem z literatur\u0105<\/strong><\/p>\n<p>Tysi\u0105c osiemset siedemdziesi\u0105t cztery biblioteki uczestniczy\u0142y w Nocy Bibliotek. W tym tak\u017ce nasza. Organizatorzy zadbali o to, aby podczas tego wydarzenia uczestnicy w bibliotece poczuli si\u0119 komfortowo. Noc Bibliotek w Ostroszowicach mia\u0142a kilka ods\u0142on. Celem wydarzenia by\u0142a promocja czytania ,biblioteki oraz dobra zabawa i wsp\u00f3lne spotkanie z czytelnikami. Nasze spotkanie w bibliotece rozpocz\u0119li\u015bmy od Flirtu z Niepodleg\u0142\u0105, dzi\u0119ki kt\u00f3rej m\u0142odzie\u017c odkry\u0142a zabawn\u0105 gr\u0119 opart\u0105 na cytatach z utwor\u00f3w wydanych w Polsce ok. 1918 roku, kt\u00f3ra uczy, bawi i rozwija relacje mi\u0119dzy sob\u0105 nawzajem.<a href=\"http:\/\/bibliotekamoscisko.pl\/wp-content\/uploads\/2018\/06\/nb_2018_logo_0.jpg\"><img decoding=\"async\" class=\"alignright size-thumbnail wp-image-6861\" src=\"http:\/\/bibliotekamoscisko.pl\/wp-content\/uploads\/2018\/06\/nb_2018_logo_0-150x150.jpg\" alt=\"nb_2018_logo_0\" width=\"150\" height=\"150\" srcset=\"https:\/\/bibliotekamoscisko.pl\/wp-content\/uploads\/2018\/06\/nb_2018_logo_0-150x150.jpg 150w, https:\/\/bibliotekamoscisko.pl\/wp-content\/uploads\/2018\/06\/nb_2018_logo_0-300x300.jpg 300w, https:\/\/bibliotekamoscisko.pl\/wp-content\/uploads\/2018\/06\/nb_2018_logo_0-768x768.jpg 768w, https:\/\/bibliotekamoscisko.pl\/wp-content\/uploads\/2018\/06\/nb_2018_logo_0-1024x1024.jpg 1024w, https:\/\/bibliotekamoscisko.pl\/wp-content\/uploads\/2018\/06\/nb_2018_logo_0-1x1.jpg 1w, https:\/\/bibliotekamoscisko.pl\/wp-content\/uploads\/2018\/06\/nb_2018_logo_0.jpg 1200w\" sizes=\"(max-width: 150px) 100vw, 150px\" \/><\/a><br \/>\nNarodowe Czytanie Antologii Niepodleg\u0142o\u015bci przybli\u017cy\u0142o uczestnikom histori\u0119 powstania &#8222;Pie\u015bni Legion\u00f3w Polski&#8221;.<br \/>\nInteresuj\u0105cy wyk\u0142ad historyczny wyg\u0142osi\u0142 historyk Janusz G\u0142\u00f3d.<br \/>\nOdkryli\u015bmy, \u017ce J\u00f3zef Pi\u0142sudski zafascynowa\u0142 si\u0119 Legionami Polskimi we W\u0142oszech, utworzonymi w latach 1797-1807 przez Jana Henryka D\u0105browskiego i w 1914 utworzy\u0142 legiony, kt\u00f3re sta\u0142y si\u0119 zal\u0105\u017ckiem pa\u0144stwa Polskiego.<br \/>\nDzi\u0119ki Nocy Bibliotek wsp\u00f3lnie odbyli\u015bmy tak\u017ce wspania\u0142\u0105 Podr\u00f3\u017c w przysz\u0142o\u015b\u0107. W sondzie ulicznej prowadzonej przez Filipa Por\u0119bskiego mieszka\u0144cy Ostroszowic udzielali wypowiedzi na temat: Polska za 100lat. W\u015br\u00f3d optymistycznych plan\u00f3w m\u00f3wi\u0105cych o tym, \u017ce Polska b\u0119dzie krajem rozwini\u0119tym technologicznie znalaz\u0142y si\u0119 wypowiedzi fatalistyczne opowiadaj\u0105ce o tym, \u017ce Polski za 100 lat nie b\u0119dzie na mapie, utonie w \u015bmieciach i smogu. Optymistyczne dotyczy\u0142y problem\u00f3w globalnych i g\u0142osi\u0142y, \u017ce Polska zwr\u00f3ci si\u0119 ku Afryce i pomo\u017ce w rozwi\u0105zaniu problem\u00f3w z dost\u0119pem do wody pitnej.<br \/>\nWszystkie te wypowiedzi zosta\u0142y zapisane i komisyjnie umieszczone w Kapsule Czasu.<\/p>\n<div id='gallery-1' class='gallery galleryid-6848 gallery-columns-3 gallery-size-thumbnail'><figure class='gallery-item'>\n\t\t\t<div class='gallery-icon landscape'>\n\t\t\t\t<a href='https:\/\/bibliotekamoscisko.pl\/?attachment_id=6849'><img decoding=\"async\" width=\"150\" height=\"150\" src=\"https:\/\/bibliotekamoscisko.pl\/wp-content\/uploads\/2018\/06\/DSC_1266-150x150.jpeg\" class=\"attachment-thumbnail size-thumbnail\" alt=\"\" srcset=\"https:\/\/bibliotekamoscisko.pl\/wp-content\/uploads\/2018\/06\/DSC_1266-150x150.jpeg 150w, https:\/\/bibliotekamoscisko.pl\/wp-content\/uploads\/2018\/06\/DSC_1266-1x1.jpeg 1w\" sizes=\"(max-width: 150px) 100vw, 150px\" \/><\/a>\n\t\t\t<\/div><\/figure><figure class='gallery-item'>\n\t\t\t<div class='gallery-icon landscape'>\n\t\t\t\t<a href='https:\/\/bibliotekamoscisko.pl\/?attachment_id=6850'><img decoding=\"async\" width=\"150\" height=\"150\" src=\"https:\/\/bibliotekamoscisko.pl\/wp-content\/uploads\/2018\/06\/pi-150x150.jpeg\" class=\"attachment-thumbnail size-thumbnail\" alt=\"\" srcset=\"https:\/\/bibliotekamoscisko.pl\/wp-content\/uploads\/2018\/06\/pi-150x150.jpeg 150w, https:\/\/bibliotekamoscisko.pl\/wp-content\/uploads\/2018\/06\/pi-1x1.jpeg 1w\" sizes=\"(max-width: 150px) 100vw, 150px\" \/><\/a>\n\t\t\t<\/div><\/figure><figure class='gallery-item'>\n\t\t\t<div class='gallery-icon landscape'>\n\t\t\t\t<a href='https:\/\/bibliotekamoscisko.pl\/?attachment_id=6852'><img loading=\"lazy\" decoding=\"async\" width=\"150\" height=\"150\" src=\"https:\/\/bibliotekamoscisko.pl\/wp-content\/uploads\/2018\/06\/pi2-150x150.jpeg\" class=\"attachment-thumbnail size-thumbnail\" alt=\"\" srcset=\"https:\/\/bibliotekamoscisko.pl\/wp-content\/uploads\/2018\/06\/pi2-150x150.jpeg 150w, https:\/\/bibliotekamoscisko.pl\/wp-content\/uploads\/2018\/06\/pi2-1x1.jpeg 1w\" sizes=\"(max-width: 150px) 100vw, 150px\" \/><\/a>\n\t\t\t<\/div><\/figure><figure class='gallery-item'>\n\t\t\t<div class='gallery-icon landscape'>\n\t\t\t\t<a href='https:\/\/bibliotekamoscisko.pl\/?attachment_id=6855'><img loading=\"lazy\" decoding=\"async\" width=\"150\" height=\"150\" src=\"https:\/\/bibliotekamoscisko.pl\/wp-content\/uploads\/2018\/06\/pi6-150x150.jpeg\" class=\"attachment-thumbnail size-thumbnail\" alt=\"\" srcset=\"https:\/\/bibliotekamoscisko.pl\/wp-content\/uploads\/2018\/06\/pi6-150x150.jpeg 150w, https:\/\/bibliotekamoscisko.pl\/wp-content\/uploads\/2018\/06\/pi6-1x1.jpeg 1w\" sizes=\"(max-width: 150px) 100vw, 150px\" \/><\/a>\n\t\t\t<\/div><\/figure><figure class='gallery-item'>\n\t\t\t<div class='gallery-icon landscape'>\n\t\t\t\t<a href='https:\/\/bibliotekamoscisko.pl\/?attachment_id=6859'><img loading=\"lazy\" decoding=\"async\" width=\"150\" height=\"150\" src=\"https:\/\/bibliotekamoscisko.pl\/wp-content\/uploads\/2018\/06\/pi13-150x150.jpeg\" class=\"attachment-thumbnail size-thumbnail\" alt=\"\" srcset=\"https:\/\/bibliotekamoscisko.pl\/wp-content\/uploads\/2018\/06\/pi13-150x150.jpeg 150w, https:\/\/bibliotekamoscisko.pl\/wp-content\/uploads\/2018\/06\/pi13-1x1.jpeg 1w\" sizes=\"(max-width: 150px) 100vw, 150px\" \/><\/a>\n\t\t\t<\/div><\/figure><figure class='gallery-item'>\n\t\t\t<div class='gallery-icon portrait'>\n\t\t\t\t<a href='https:\/\/bibliotekamoscisko.pl\/?attachment_id=6860'><img loading=\"lazy\" decoding=\"async\" width=\"150\" height=\"150\" src=\"https:\/\/bibliotekamoscisko.pl\/wp-content\/uploads\/2018\/06\/pi14-150x150.jpeg\" class=\"attachment-thumbnail size-thumbnail\" alt=\"\" srcset=\"https:\/\/bibliotekamoscisko.pl\/wp-content\/uploads\/2018\/06\/pi14-150x150.jpeg 150w, https:\/\/bibliotekamoscisko.pl\/wp-content\/uploads\/2018\/06\/pi14-1x1.jpeg 1w\" sizes=\"(max-width: 150px) 100vw, 150px\" \/><\/a>\n\t\t\t<\/div><\/figure>\n\t\t<\/div>\n\n<p style=\"text-align: left;\">Muzykowanie podczas Nocy Bibliotek to kolejny punkt na naszej mapie wydarzenia. Julia Sokalska -skrzypce i Micha\u0142 Gromadzik -gitara akustyczna, wyst\u0105pili z Koncertem dla Niepodleg\u0142ej. Wytworzy\u0142 si\u0119 nadzwyczaj wytworny klimat. Oczarowani s\u0142uchacze wielkimi brawami nagrodzili m\u0142odych muzyk\u00f3w.<br \/>\nOczekiwany seans filmowy dope\u0142ni\u0142 w ca\u0142o\u015bci nasze spotkanie z kultur\u0105 i histori\u0105. Z przyjemno\u015bci\u0105 obejrzeli\u015bmy wsp\u00f3lnie film <em>Tarapaty<\/em> w re\u017cyserii Marty Karwowskiej. Zawarty w filmie motyw Syrenki narysowanej na murze pewnej kamienicy przez Pabla Picassa w 1948 roku podczas pobytu<br \/>\nw Warszawie doskonale wpisuje si\u0119 w histori\u0119, kt\u00f3r\u0105 pod\u0105\u017cali\u015bmy wytrwale podczas pami\u0119tne Nocy Bibliotek 2018 w Ostroszowicach.<\/p>\n<p>Ta niezapomniana kulturalna Noc Bibliotek na d\u0142ugo pozostanie w pami\u0119ci uczestnik\u00f3w. To nasz kolejny Przystanek Niepodleg\u0142o\u015bci. Prawdziwe \u015bwi\u0119to Rado\u015bci.<\/p>\n<p>Maria Kirkiewicz<br \/>\nFilia w Ostroszowicach<\/p>\n","protected":false},"excerpt":{"rendered":"<p>Noc Bibliotek w Ostroszowicach z Pablo Picassem, Narodowym Czytaniem, Koncertowaniem, Kapsu\u0142\u0105 Czasu, filmem i Flirtem z literatur\u0105 Tysi\u0105c osiemset siedemdziesi\u0105t cztery biblioteki uczestniczy\u0142y w Nocy Bibliotek. W tym tak\u017ce nasza. [&hellip;]<\/p>\n","protected":false},"author":1,"featured_media":0,"comment_status":"closed","ping_status":"open","sticky":false,"template":"","format":"standard","meta":{"ngg_post_thumbnail":0,"footnotes":""},"categories":[1],"tags":[],"class_list":["post-6848","post","type-post","status-publish","format-standard","hentry","category-uncategorized"],"_links":{"self":[{"href":"https:\/\/bibliotekamoscisko.pl\/index.php?rest_route=\/wp\/v2\/posts\/6848","targetHints":{"allow":["GET"]}}],"collection":[{"href":"https:\/\/bibliotekamoscisko.pl\/index.php?rest_route=\/wp\/v2\/posts"}],"about":[{"href":"https:\/\/bibliotekamoscisko.pl\/index.php?rest_route=\/wp\/v2\/types\/post"}],"author":[{"embeddable":true,"href":"https:\/\/bibliotekamoscisko.pl\/index.php?rest_route=\/wp\/v2\/users\/1"}],"replies":[{"embeddable":true,"href":"https:\/\/bibliotekamoscisko.pl\/index.php?rest_route=%2Fwp%2Fv2%2Fcomments&post=6848"}],"version-history":[{"count":2,"href":"https:\/\/bibliotekamoscisko.pl\/index.php?rest_route=\/wp\/v2\/posts\/6848\/revisions"}],"predecessor-version":[{"id":6906,"href":"https:\/\/bibliotekamoscisko.pl\/index.php?rest_route=\/wp\/v2\/posts\/6848\/revisions\/6906"}],"wp:attachment":[{"href":"https:\/\/bibliotekamoscisko.pl\/index.php?rest_route=%2Fwp%2Fv2%2Fmedia&parent=6848"}],"wp:term":[{"taxonomy":"category","embeddable":true,"href":"https:\/\/bibliotekamoscisko.pl\/index.php?rest_route=%2Fwp%2Fv2%2Fcategories&post=6848"},{"taxonomy":"post_tag","embeddable":true,"href":"https:\/\/bibliotekamoscisko.pl\/index.php?rest_route=%2Fwp%2Fv2%2Ftags&post=6848"}],"curies":[{"name":"wp","href":"https:\/\/api.w.org\/{rel}","templated":true}]}}