{"id":6863,"date":"2018-06-12T14:26:40","date_gmt":"2018-06-12T14:26:40","guid":{"rendered":"http:\/\/bibliotekamoscisko.pl\/?p=6863"},"modified":"2018-06-12T14:38:31","modified_gmt":"2018-06-12T14:38:31","slug":"noc-bibliotek-3","status":"publish","type":"post","link":"https:\/\/bibliotekamoscisko.pl\/?p=6863","title":{"rendered":"Noc Bibliotek"},"content":{"rendered":"<p><a href=\"http:\/\/bibliotekamoscisko.pl\/wp-content\/uploads\/2018\/06\/NocBibliotek.1100.jpg\"><img fetchpriority=\"high\" decoding=\"async\" class=\"aligncenter size-large wp-image-6874\" src=\"http:\/\/bibliotekamoscisko.pl\/wp-content\/uploads\/2018\/06\/NocBibliotek.1100-1024x449.jpg\" alt=\"NocBibliotek.1100\" width=\"654\" height=\"287\" srcset=\"https:\/\/bibliotekamoscisko.pl\/wp-content\/uploads\/2018\/06\/NocBibliotek.1100-1024x449.jpg 1024w, https:\/\/bibliotekamoscisko.pl\/wp-content\/uploads\/2018\/06\/NocBibliotek.1100-300x131.jpg 300w, https:\/\/bibliotekamoscisko.pl\/wp-content\/uploads\/2018\/06\/NocBibliotek.1100-768x337.jpg 768w, https:\/\/bibliotekamoscisko.pl\/wp-content\/uploads\/2018\/06\/NocBibliotek.1100-2x1.jpg 2w, https:\/\/bibliotekamoscisko.pl\/wp-content\/uploads\/2018\/06\/NocBibliotek.1100.jpg 1100w\" sizes=\"(max-width: 654px) 100vw, 654px\" \/><\/a>1874 biblioteki wzi\u0119\u0142y w tym roku udzia\u0142 w og\u00f3lnopolskiej akcji <strong>NOC BIBLIOTEK<\/strong>. Biblioteka w Mo\u015bcisku r\u00f3wnie\u017c znalaz\u0142a si\u0119 w tym powi\u0119kszaj\u0105cym si\u0119 co roku gronie. W sobot\u0119 9 czerwca zaprosili\u015bmy pomi\u0119dzy p\u00f3\u0142ki z ksi\u0105\u017ckami dzieci i m\u0142odzie\u017c z kilku miejscowo\u015bci. Okaza\u0142o si\u0119, \u017ce ju\u017c po 5 minutach wszyscy doskonale si\u0119 rozumieli i mogli\u015bmy rozpocz\u0105\u0107 zaj\u0119cia. Atrakcji by\u0142o sporo. Has\u0142o tegorocznej akcji brzmia\u0142o \u201eRzeczpoCzyta\u201d. W wyj\u0105tkowym roku 100 lat niepodleg\u0142o\u015bci Polski skupili\u015bmy si\u0119 na polskiej literaturze, ilustracji, sztuce i przyrodzie. Dzi\u0119ki Centrum Organizacji Obywatelskiej mogli\u015bmy przeczyta\u0107 ksi\u0105\u017ck\u0119 Zofii Staneckej <em>Gdy pada deszcz. W jaskini goblin\u00f3w<\/em>, zajrze\u0107 do dodatkowego komiksu Januarego N. Misiaka <em>Wszystko b\u0119dzie dobrze<\/em> i obejrze\u0107 film<strong>, <\/strong>kt\u00f3ry p\u00f3\u0142 roku temu mia\u0142 premier\u0119 kinow\u0105 &#8211; &#8222;Tarapaty&#8221; w re\u017c. Marty\u00a0Karwowskiej.\u00a0 \u00a0\u00a0 \u00a0\u00a0 \u00a0\u00a0\u00a0\u00a0\u00a0\u00a0\u00a0\u00a0\u00a0\u00a0\u00a0\u00a0\u00a0\u00a0\u00a0\u00a0\u00a0\u00a0\u00a0\u00a0\u00a0\u00a0\u00a0\u00a0\u00a0\u00a0\u00a0\u00a0\u00a0\u00a0\u00a0\u00a0\u00a0\u00a0\u00a0\u00a0\u00a0\u00a0\u00a0\u00a0\u00a0 \u00a0\u00a0\u00a0\u00a0\u00a0\u00a0\u00a0\u00a0\u00a0\u00a0\u00a0\u00a0\u00a0\u00a0\u00a0\u00a0\u00a0\u00a0\u00a0\u00a0\u00a0\u00a0\u00a0\u00a0\u00a0\u00a0\u00a0\u00a0\u00a0\u00a0\u00a0\u00a0\u00a0\u00a0\u00a0\u00a0\u00a0\u00a0\u00a0\u00a0\u00a0\u00a0\u00a0\u00a0\u00a0\u00a0\u00a0\u00a0\u00a0\u00a0\u00a0\u00a0\u00a0\u00a0\u00a0\u00a0\u00a0\u00a0\u00a0\u00a0\u00a0\u00a0\u00a0\u00a0\u00a0\u00a0\u00a0\u00a0\u00a0\u00a0\u00a0\u00a0\u00a0\u00a0\u00a0\u00a0\u00a0\u00a0\u00a0\u00a0\u00a0\u00a0\u00a0\u00a0\u00a0\u00a0\u00a0\u00a0\u00a0\u00a0\u00a0\u00a0\u00a0\u00a0\u00a0\u00a0\u00a0\u00a0\u00a0\u00a0\u00a0\u00a0\u00a0\u00a0\u00a0\u00a0\u00a0\u00a0\u00a0\u00a0\u00a0\u00a0\u00a0\u00a0\u00a0\u00a0\u00a0\u00a0\u00a0\u00a0\u00a0\u00a0\u00a0\u00a0\u00a0\u00a0\u00a0\u00a0\u00a0\u00a0\u00a0\u00a0\u00a0\u00a0\u00a0\u00a0\u00a0\u00a0\u00a0\u00a0\u00a0\u00a0\u00a0\u00a0\u00a0\u00a0\u00a0\u00a0\u00a0 Wiele rado\u015bci sprawi\u0142y warsztaty komiksowe, podczas kt\u00f3rych powsta\u0142y wsp\u00f3lne minikomiksy. Zadanie nie by\u0142o \u0142atwe, bo kartkami zamieniali\u015bmy si\u0119 co kilka minut, dopisuj\u0105c i dorysowuj\u0105c nowe elementy na otrzymywanych planszach. Dla niekt\u00f3rych os\u00f3b by\u0142a to pierwsza pr\u00f3ba komiksowej aktywno\u015bci. Nowym wyzwaniem okaza\u0142y si\u0119 r\u00f3wnie\u017c roboty Photon, kt\u00f3re zachwyci\u0142y wszystkich ca\u0142\u0105 gam\u0105 interaktywnych czujnik\u00f3w. Wydaj\u0105ce d\u017awi\u0119ki, okazuj\u0105ce emocje i zmieniaj\u0105ce kolor urz\u0105dzenia skrad\u0142y serca i umys\u0142y uczestnik\u00f3w zaj\u0119\u0107. Trudno by\u0142o si\u0119 rozsta\u0107 zar\u00f3wno z elektroniczn\u0105, jak i analogow\u0105 stron\u0105 biblioteki.<\/p>\n<div id='gallery-1' class='gallery galleryid-6863 gallery-columns-3 gallery-size-thumbnail'><figure class='gallery-item'>\n\t\t\t<div class='gallery-icon landscape'>\n\t\t\t\t<a href='https:\/\/bibliotekamoscisko.pl\/?attachment_id=6865'><img decoding=\"async\" width=\"150\" height=\"150\" src=\"https:\/\/bibliotekamoscisko.pl\/wp-content\/uploads\/2018\/06\/DSC0929-150x150.jpg\" class=\"attachment-thumbnail size-thumbnail\" alt=\"\" srcset=\"https:\/\/bibliotekamoscisko.pl\/wp-content\/uploads\/2018\/06\/DSC0929-150x150.jpg 150w, https:\/\/bibliotekamoscisko.pl\/wp-content\/uploads\/2018\/06\/DSC0929-1x1.jpg 1w\" sizes=\"(max-width: 150px) 100vw, 150px\" \/><\/a>\n\t\t\t<\/div><\/figure><figure class='gallery-item'>\n\t\t\t<div class='gallery-icon landscape'>\n\t\t\t\t<a href='https:\/\/bibliotekamoscisko.pl\/?attachment_id=6868'><img decoding=\"async\" width=\"150\" height=\"150\" src=\"https:\/\/bibliotekamoscisko.pl\/wp-content\/uploads\/2018\/06\/DSC0933-150x150.jpg\" class=\"attachment-thumbnail size-thumbnail\" alt=\"\" srcset=\"https:\/\/bibliotekamoscisko.pl\/wp-content\/uploads\/2018\/06\/DSC0933-150x150.jpg 150w, https:\/\/bibliotekamoscisko.pl\/wp-content\/uploads\/2018\/06\/DSC0933-1x1.jpg 1w\" sizes=\"(max-width: 150px) 100vw, 150px\" \/><\/a>\n\t\t\t<\/div><\/figure><figure class='gallery-item'>\n\t\t\t<div class='gallery-icon landscape'>\n\t\t\t\t<a href='https:\/\/bibliotekamoscisko.pl\/?attachment_id=6870'><img loading=\"lazy\" decoding=\"async\" width=\"150\" height=\"150\" src=\"https:\/\/bibliotekamoscisko.pl\/wp-content\/uploads\/2018\/06\/DSC0935-150x150.jpg\" class=\"attachment-thumbnail size-thumbnail\" alt=\"\" srcset=\"https:\/\/bibliotekamoscisko.pl\/wp-content\/uploads\/2018\/06\/DSC0935-150x150.jpg 150w, https:\/\/bibliotekamoscisko.pl\/wp-content\/uploads\/2018\/06\/DSC0935-1x1.jpg 1w\" sizes=\"(max-width: 150px) 100vw, 150px\" \/><\/a>\n\t\t\t<\/div><\/figure><figure class='gallery-item'>\n\t\t\t<div class='gallery-icon portrait'>\n\t\t\t\t<a href='https:\/\/bibliotekamoscisko.pl\/?attachment_id=6872'><img loading=\"lazy\" decoding=\"async\" width=\"150\" height=\"150\" src=\"https:\/\/bibliotekamoscisko.pl\/wp-content\/uploads\/2018\/06\/DSC0937-150x150.jpg\" class=\"attachment-thumbnail size-thumbnail\" alt=\"\" srcset=\"https:\/\/bibliotekamoscisko.pl\/wp-content\/uploads\/2018\/06\/DSC0937-150x150.jpg 150w, https:\/\/bibliotekamoscisko.pl\/wp-content\/uploads\/2018\/06\/DSC0937-1x1.jpg 1w\" sizes=\"(max-width: 150px) 100vw, 150px\" \/><\/a>\n\t\t\t<\/div><\/figure><figure class='gallery-item'>\n\t\t\t<div class='gallery-icon landscape'>\n\t\t\t\t<a href='https:\/\/bibliotekamoscisko.pl\/?attachment_id=6873'><img loading=\"lazy\" decoding=\"async\" width=\"150\" height=\"150\" src=\"https:\/\/bibliotekamoscisko.pl\/wp-content\/uploads\/2018\/06\/DSC0938-150x150.jpg\" class=\"attachment-thumbnail size-thumbnail\" alt=\"\" srcset=\"https:\/\/bibliotekamoscisko.pl\/wp-content\/uploads\/2018\/06\/DSC0938-150x150.jpg 150w, https:\/\/bibliotekamoscisko.pl\/wp-content\/uploads\/2018\/06\/DSC0938-1x1.jpg 1w\" sizes=\"(max-width: 150px) 100vw, 150px\" \/><\/a>\n\t\t\t<\/div><\/figure>\n\t\t<\/div>\n\n<p>Dzi\u0119kujemy Pani Iwonie Chor\u0105\u017cyczewskiej za przepyszne rogaliki, kt\u00f3re zosta\u0142y poch\u0142oni\u0119te przy wt\u00f3rze zachwyconych pomruk\u00f3w w przeci\u0105gu 5 minut od podania \ud83d\ude42<br \/>\nZapraszamy za rok!<br \/>\nD.W.<\/p>\n<h2><strong>G\u0142\u00f3wny organizator<\/strong><\/h2>\n<p class=\"rtecenter\"><a href=\"http:\/\/www.ceo.org.pl\" target=\"_blank\"><img decoding=\"async\" src=\"https:\/\/nocbibliotek.org\/sites\/default\/files\/ceo.jpg\" alt=\"\" \/><\/a><\/p>\n<h2><strong>Dofinansowano <\/strong><strong>ze \u015brodk\u00f3w Ministra Kultury i Dziedzictwa Narodowego<\/strong><\/h2>\n<p><a href=\"http:\/\/www.mkidn.gov.pl\/\" target=\"_blank\"><img decoding=\"async\" src=\"https:\/\/nocbibliotek.org\/sites\/default\/files\/mkidn.png\" alt=\"\" \/><\/a><img loading=\"lazy\" decoding=\"async\" class=\"\" src=\"https:\/\/nocbibliotek.org\/sites\/default\/files\/NPRC_malinowy.jpg\" alt=\"\" width=\"357\" height=\"135\" \/><a href=\"https:\/\/niepodlegla.gov.pl\/\"><img decoding=\"async\" src=\"https:\/\/nocbibliotek.org\/sites\/default\/files\/niepodlegla_0.png\" alt=\"\" \/><\/a><\/p>\n","protected":false},"excerpt":{"rendered":"<p>1874 biblioteki wzi\u0119\u0142y w tym roku udzia\u0142 w og\u00f3lnopolskiej akcji NOC BIBLIOTEK. Biblioteka w Mo\u015bcisku r\u00f3wnie\u017c znalaz\u0142a si\u0119 w tym powi\u0119kszaj\u0105cym si\u0119 co roku gronie. W sobot\u0119 9 czerwca zaprosili\u015bmy [&hellip;]<\/p>\n","protected":false},"author":1,"featured_media":0,"comment_status":"closed","ping_status":"open","sticky":false,"template":"","format":"standard","meta":{"ngg_post_thumbnail":0,"footnotes":""},"categories":[1],"tags":[],"class_list":["post-6863","post","type-post","status-publish","format-standard","hentry","category-uncategorized"],"_links":{"self":[{"href":"https:\/\/bibliotekamoscisko.pl\/index.php?rest_route=\/wp\/v2\/posts\/6863","targetHints":{"allow":["GET"]}}],"collection":[{"href":"https:\/\/bibliotekamoscisko.pl\/index.php?rest_route=\/wp\/v2\/posts"}],"about":[{"href":"https:\/\/bibliotekamoscisko.pl\/index.php?rest_route=\/wp\/v2\/types\/post"}],"author":[{"embeddable":true,"href":"https:\/\/bibliotekamoscisko.pl\/index.php?rest_route=\/wp\/v2\/users\/1"}],"replies":[{"embeddable":true,"href":"https:\/\/bibliotekamoscisko.pl\/index.php?rest_route=%2Fwp%2Fv2%2Fcomments&post=6863"}],"version-history":[{"count":5,"href":"https:\/\/bibliotekamoscisko.pl\/index.php?rest_route=\/wp\/v2\/posts\/6863\/revisions"}],"predecessor-version":[{"id":6880,"href":"https:\/\/bibliotekamoscisko.pl\/index.php?rest_route=\/wp\/v2\/posts\/6863\/revisions\/6880"}],"wp:attachment":[{"href":"https:\/\/bibliotekamoscisko.pl\/index.php?rest_route=%2Fwp%2Fv2%2Fmedia&parent=6863"}],"wp:term":[{"taxonomy":"category","embeddable":true,"href":"https:\/\/bibliotekamoscisko.pl\/index.php?rest_route=%2Fwp%2Fv2%2Fcategories&post=6863"},{"taxonomy":"post_tag","embeddable":true,"href":"https:\/\/bibliotekamoscisko.pl\/index.php?rest_route=%2Fwp%2Fv2%2Ftags&post=6863"}],"curies":[{"name":"wp","href":"https:\/\/api.w.org\/{rel}","templated":true}]}}