{"id":6884,"date":"2018-06-18T10:01:30","date_gmt":"2018-06-18T10:01:30","guid":{"rendered":"http:\/\/bibliotekamoscisko.pl\/?p=6884"},"modified":"2018-06-18T10:01:30","modified_gmt":"2018-06-18T10:01:30","slug":"spotkanie-z-historia","status":"publish","type":"post","link":"https:\/\/bibliotekamoscisko.pl\/?p=6884","title":{"rendered":"Spotkanie z histori\u0105"},"content":{"rendered":"<p><a href=\"http:\/\/bibliotekamoscisko.pl\/wp-content\/uploads\/2018\/03\/logo-100-lat.jpg\"><img decoding=\"async\" class=\"alignright size-medium wp-image-6384\" src=\"http:\/\/bibliotekamoscisko.pl\/wp-content\/uploads\/2018\/03\/logo-100-lat-300x152.jpg\" alt=\"\" width=\"300\" height=\"152\" srcset=\"https:\/\/bibliotekamoscisko.pl\/wp-content\/uploads\/2018\/03\/logo-100-lat-300x152.jpg 300w, https:\/\/bibliotekamoscisko.pl\/wp-content\/uploads\/2018\/03\/logo-100-lat-768x389.jpg 768w, https:\/\/bibliotekamoscisko.pl\/wp-content\/uploads\/2018\/03\/logo-100-lat-2x1.jpg 2w, https:\/\/bibliotekamoscisko.pl\/wp-content\/uploads\/2018\/03\/logo-100-lat.jpg 1000w\" sizes=\"(max-width: 300px) 100vw, 300px\" \/><\/a><\/p>\n<p>12 czerwca w Bibliotece Publiczno-Szkolnej w Pi\u0142awie Dolnej odby\u0142o si\u0119 <strong><em>Spotkanie z histori\u0105<\/em><\/strong> w 100-lecie Niepodleg\u0142o\u015bci Polski, kt\u00f3re prowadzi\u0142a historyk Renata Kajkowska. W spotkaniu uczestniczyli uczniowie klasy VI Szko\u0142y Podstawowej im. K. Makuszy\u0144skiego w Pi\u0142awie Dolnej. Temat naszego spotkania brzmia\u0142: &#8222;Rozbiory Polski &#8211; Polacy walcz\u0105cy o Niepodleg\u0142o\u015b\u0107 Polski\u201d. Gdy naszego pa\u0144stwa nie by\u0142o na mapie Europy, poniewa\u017c Rosja, Prusy i Austria dokona\u0142y podzia\u0142u i rozbioru ziem Polski, Polacy wci\u0105\u017c my\u015bleli o wyzwoleniu swojej Ojczyzny. Tadeusz Ko\u015bciuszko, po drugim rozbiorze Polski i rz\u0105dach Targowicy, obj\u0105\u0142 dow\u00f3dztwo aby walczy\u0107 z zaborcami. W 1794r. wybuch\u0142o Powstanie Ko\u015bciuszkowskie. Insurekcja przynios\u0142a Ko\u015bciuszce tytu\u0142 Naczelnika i s\u0142aw\u0119 bohatera narodowego. Podczas spotkania m\u0142odzie\u017c mia\u0142a mo\u017cliwo\u015b\u0107 zapoznania si\u0119 bli\u017cej z postaciami zwi\u0105zanymi ze zrywami narodowymi. Sylwetki Jana Kili\u0144skiego, Emilii Plater, Piotra Wysockiego i Romualda Traugutta, barwnie przedstawione przez Renat\u0119 Kajkowsk\u0105 na pewno zostan\u0105 w pami\u0119ci uczestnik\u00f3w zaj\u0119\u0107.<\/p>\n<div id='gallery-1' class='gallery galleryid-6884 gallery-columns-3 gallery-size-thumbnail'><figure class='gallery-item'>\n\t\t\t<div class='gallery-icon landscape'>\n\t\t\t\t<a href='https:\/\/bibliotekamoscisko.pl\/?attachment_id=6885'><img decoding=\"async\" width=\"150\" height=\"150\" src=\"https:\/\/bibliotekamoscisko.pl\/wp-content\/uploads\/2018\/06\/IMG_2479-150x150.jpg\" class=\"attachment-thumbnail size-thumbnail\" alt=\"\" srcset=\"https:\/\/bibliotekamoscisko.pl\/wp-content\/uploads\/2018\/06\/IMG_2479-150x150.jpg 150w, https:\/\/bibliotekamoscisko.pl\/wp-content\/uploads\/2018\/06\/IMG_2479-1x1.jpg 1w\" sizes=\"(max-width: 150px) 100vw, 150px\" \/><\/a>\n\t\t\t<\/div><\/figure><figure class='gallery-item'>\n\t\t\t<div class='gallery-icon landscape'>\n\t\t\t\t<a href='https:\/\/bibliotekamoscisko.pl\/?attachment_id=6886'><img decoding=\"async\" width=\"150\" height=\"150\" src=\"https:\/\/bibliotekamoscisko.pl\/wp-content\/uploads\/2018\/06\/IMG_2485-150x150.jpg\" class=\"attachment-thumbnail size-thumbnail\" alt=\"\" srcset=\"https:\/\/bibliotekamoscisko.pl\/wp-content\/uploads\/2018\/06\/IMG_2485-150x150.jpg 150w, https:\/\/bibliotekamoscisko.pl\/wp-content\/uploads\/2018\/06\/IMG_2485-1x1.jpg 1w\" sizes=\"(max-width: 150px) 100vw, 150px\" \/><\/a>\n\t\t\t<\/div><\/figure><figure class='gallery-item'>\n\t\t\t<div class='gallery-icon landscape'>\n\t\t\t\t<a href='https:\/\/bibliotekamoscisko.pl\/?attachment_id=6888'><img loading=\"lazy\" decoding=\"async\" width=\"150\" height=\"150\" src=\"https:\/\/bibliotekamoscisko.pl\/wp-content\/uploads\/2018\/06\/IMG_2493-150x150.jpg\" class=\"attachment-thumbnail size-thumbnail\" alt=\"\" srcset=\"https:\/\/bibliotekamoscisko.pl\/wp-content\/uploads\/2018\/06\/IMG_2493-150x150.jpg 150w, https:\/\/bibliotekamoscisko.pl\/wp-content\/uploads\/2018\/06\/IMG_2493-1x1.jpg 1w\" sizes=\"(max-width: 150px) 100vw, 150px\" \/><\/a>\n\t\t\t<\/div><\/figure><figure class='gallery-item'>\n\t\t\t<div class='gallery-icon landscape'>\n\t\t\t\t<a href='https:\/\/bibliotekamoscisko.pl\/?attachment_id=6889'><img loading=\"lazy\" decoding=\"async\" width=\"150\" height=\"150\" src=\"https:\/\/bibliotekamoscisko.pl\/wp-content\/uploads\/2018\/06\/IMG_2495-150x150.jpg\" class=\"attachment-thumbnail size-thumbnail\" alt=\"\" srcset=\"https:\/\/bibliotekamoscisko.pl\/wp-content\/uploads\/2018\/06\/IMG_2495-150x150.jpg 150w, https:\/\/bibliotekamoscisko.pl\/wp-content\/uploads\/2018\/06\/IMG_2495-1x1.jpg 1w\" sizes=\"(max-width: 150px) 100vw, 150px\" \/><\/a>\n\t\t\t<\/div><\/figure><figure class='gallery-item'>\n\t\t\t<div class='gallery-icon landscape'>\n\t\t\t\t<a href='https:\/\/bibliotekamoscisko.pl\/?attachment_id=6890'><img loading=\"lazy\" decoding=\"async\" width=\"150\" height=\"150\" src=\"https:\/\/bibliotekamoscisko.pl\/wp-content\/uploads\/2018\/06\/IMG_2499-150x150.jpg\" class=\"attachment-thumbnail size-thumbnail\" alt=\"\" srcset=\"https:\/\/bibliotekamoscisko.pl\/wp-content\/uploads\/2018\/06\/IMG_2499-150x150.jpg 150w, https:\/\/bibliotekamoscisko.pl\/wp-content\/uploads\/2018\/06\/IMG_2499-1x1.jpg 1w\" sizes=\"(max-width: 150px) 100vw, 150px\" \/><\/a>\n\t\t\t<\/div><\/figure>\n\t\t<\/div>\n\n<p>Po 123 latach zabor\u00f3w Polska odzyska\u0142a niepodleg\u0142o\u015b\u0107, a dzie\u0144 11 Listopada jest dla Polski najwa\u017cniejszym\u00a0\u015bwi\u0119tem narodowym.<\/p>\n<p>W. Kun<\/p>\n","protected":false},"excerpt":{"rendered":"<p>12 czerwca w Bibliotece Publiczno-Szkolnej w Pi\u0142awie Dolnej odby\u0142o si\u0119 Spotkanie z histori\u0105 w 100-lecie Niepodleg\u0142o\u015bci Polski, kt\u00f3re prowadzi\u0142a historyk Renata Kajkowska. W spotkaniu uczestniczyli uczniowie klasy VI Szko\u0142y Podstawowej [&hellip;]<\/p>\n","protected":false},"author":1,"featured_media":0,"comment_status":"closed","ping_status":"open","sticky":false,"template":"","format":"standard","meta":{"ngg_post_thumbnail":0,"footnotes":""},"categories":[1],"tags":[],"class_list":["post-6884","post","type-post","status-publish","format-standard","hentry","category-uncategorized"],"_links":{"self":[{"href":"https:\/\/bibliotekamoscisko.pl\/index.php?rest_route=\/wp\/v2\/posts\/6884","targetHints":{"allow":["GET"]}}],"collection":[{"href":"https:\/\/bibliotekamoscisko.pl\/index.php?rest_route=\/wp\/v2\/posts"}],"about":[{"href":"https:\/\/bibliotekamoscisko.pl\/index.php?rest_route=\/wp\/v2\/types\/post"}],"author":[{"embeddable":true,"href":"https:\/\/bibliotekamoscisko.pl\/index.php?rest_route=\/wp\/v2\/users\/1"}],"replies":[{"embeddable":true,"href":"https:\/\/bibliotekamoscisko.pl\/index.php?rest_route=%2Fwp%2Fv2%2Fcomments&post=6884"}],"version-history":[{"count":1,"href":"https:\/\/bibliotekamoscisko.pl\/index.php?rest_route=\/wp\/v2\/posts\/6884\/revisions"}],"predecessor-version":[{"id":6891,"href":"https:\/\/bibliotekamoscisko.pl\/index.php?rest_route=\/wp\/v2\/posts\/6884\/revisions\/6891"}],"wp:attachment":[{"href":"https:\/\/bibliotekamoscisko.pl\/index.php?rest_route=%2Fwp%2Fv2%2Fmedia&parent=6884"}],"wp:term":[{"taxonomy":"category","embeddable":true,"href":"https:\/\/bibliotekamoscisko.pl\/index.php?rest_route=%2Fwp%2Fv2%2Fcategories&post=6884"},{"taxonomy":"post_tag","embeddable":true,"href":"https:\/\/bibliotekamoscisko.pl\/index.php?rest_route=%2Fwp%2Fv2%2Ftags&post=6884"}],"curies":[{"name":"wp","href":"https:\/\/api.w.org\/{rel}","templated":true}]}}