{"id":6915,"date":"2018-06-25T10:19:53","date_gmt":"2018-06-25T10:19:53","guid":{"rendered":"http:\/\/bibliotekamoscisko.pl\/?p=6915"},"modified":"2018-06-25T10:19:53","modified_gmt":"2018-06-25T10:19:53","slug":"konkurs-czytelniczy-w-pilawie-dolnej","status":"publish","type":"post","link":"https:\/\/bibliotekamoscisko.pl\/?p=6915","title":{"rendered":"Konkurs Czytelniczy w Pi\u0142awie Dolnej"},"content":{"rendered":"<p>22 czerwca w Bibliotece Publiczno-Szkolnej w Pi\u0142awie Dolnej og\u0142oszone zosta\u0142y wyniki \u00a0<strong>Konkursu Czytelniczego<\/strong> dla uczni\u00f3w Szko\u0142y Podstawowej im. Kornela Makuszy\u0144skiego w Pi\u0142awie Dolnej. Za wzorowe czytelnictwo i szerzenie kultury czytelniczej nagrody otrzymali:<\/p>\n<p>Magdalena Ostrowska, Amelia Szafra\u0144ska, Filip Klimek, Wojciech Stroka, Magdalena Drabik, Nadia Ciep\u0142uch, Marlena Wietrzniak, Anna Bartosz, Alicja Ostrowska, Grzegorz Pindera, Micha\u0142 Sochalski, Kamil Kasztelan, Hubert Ku\u017ami\u0144ski.<\/p>\n<p style=\"text-align: center;\">\u017byczymy dalszych ciekawych spotka\u0144 z ksi\u0105\u017ck\u0105. Zapraszamy do Bibliotek!<\/p>\n<div id='gallery-1' class='gallery galleryid-6915 gallery-columns-3 gallery-size-thumbnail'><figure class='gallery-item'>\n\t\t\t<div class='gallery-icon landscape'>\n\t\t\t\t<a href='https:\/\/bibliotekamoscisko.pl\/?attachment_id=6917'><img decoding=\"async\" width=\"150\" height=\"150\" src=\"https:\/\/bibliotekamoscisko.pl\/wp-content\/uploads\/2018\/06\/IMG_2619-150x150.jpg\" class=\"attachment-thumbnail size-thumbnail\" alt=\"\" srcset=\"https:\/\/bibliotekamoscisko.pl\/wp-content\/uploads\/2018\/06\/IMG_2619-150x150.jpg 150w, https:\/\/bibliotekamoscisko.pl\/wp-content\/uploads\/2018\/06\/IMG_2619-2x1.jpg 2w\" sizes=\"(max-width: 150px) 100vw, 150px\" \/><\/a>\n\t\t\t<\/div><\/figure><figure class='gallery-item'>\n\t\t\t<div class='gallery-icon landscape'>\n\t\t\t\t<a href='https:\/\/bibliotekamoscisko.pl\/?attachment_id=6918'><img decoding=\"async\" width=\"150\" height=\"150\" src=\"https:\/\/bibliotekamoscisko.pl\/wp-content\/uploads\/2018\/06\/IMG_2625-150x150.jpg\" class=\"attachment-thumbnail size-thumbnail\" alt=\"\" srcset=\"https:\/\/bibliotekamoscisko.pl\/wp-content\/uploads\/2018\/06\/IMG_2625-150x150.jpg 150w, https:\/\/bibliotekamoscisko.pl\/wp-content\/uploads\/2018\/06\/IMG_2625-1x1.jpg 1w\" sizes=\"(max-width: 150px) 100vw, 150px\" \/><\/a>\n\t\t\t<\/div><\/figure>\n\t\t<\/div>\n\n<p style=\"text-align: left;\">\u00a0 Wanda Kun<\/p>\n","protected":false},"excerpt":{"rendered":"<p>22 czerwca w Bibliotece Publiczno-Szkolnej w Pi\u0142awie Dolnej og\u0142oszone zosta\u0142y wyniki \u00a0Konkursu Czytelniczego dla uczni\u00f3w Szko\u0142y Podstawowej im. Kornela Makuszy\u0144skiego w Pi\u0142awie Dolnej. Za wzorowe czytelnictwo i szerzenie kultury czytelniczej [&hellip;]<\/p>\n","protected":false},"author":1,"featured_media":0,"comment_status":"closed","ping_status":"open","sticky":false,"template":"","format":"standard","meta":{"ngg_post_thumbnail":0,"footnotes":""},"categories":[1],"tags":[],"class_list":["post-6915","post","type-post","status-publish","format-standard","hentry","category-uncategorized"],"_links":{"self":[{"href":"https:\/\/bibliotekamoscisko.pl\/index.php?rest_route=\/wp\/v2\/posts\/6915","targetHints":{"allow":["GET"]}}],"collection":[{"href":"https:\/\/bibliotekamoscisko.pl\/index.php?rest_route=\/wp\/v2\/posts"}],"about":[{"href":"https:\/\/bibliotekamoscisko.pl\/index.php?rest_route=\/wp\/v2\/types\/post"}],"author":[{"embeddable":true,"href":"https:\/\/bibliotekamoscisko.pl\/index.php?rest_route=\/wp\/v2\/users\/1"}],"replies":[{"embeddable":true,"href":"https:\/\/bibliotekamoscisko.pl\/index.php?rest_route=%2Fwp%2Fv2%2Fcomments&post=6915"}],"version-history":[{"count":1,"href":"https:\/\/bibliotekamoscisko.pl\/index.php?rest_route=\/wp\/v2\/posts\/6915\/revisions"}],"predecessor-version":[{"id":6919,"href":"https:\/\/bibliotekamoscisko.pl\/index.php?rest_route=\/wp\/v2\/posts\/6915\/revisions\/6919"}],"wp:attachment":[{"href":"https:\/\/bibliotekamoscisko.pl\/index.php?rest_route=%2Fwp%2Fv2%2Fmedia&parent=6915"}],"wp:term":[{"taxonomy":"category","embeddable":true,"href":"https:\/\/bibliotekamoscisko.pl\/index.php?rest_route=%2Fwp%2Fv2%2Fcategories&post=6915"},{"taxonomy":"post_tag","embeddable":true,"href":"https:\/\/bibliotekamoscisko.pl\/index.php?rest_route=%2Fwp%2Fv2%2Ftags&post=6915"}],"curies":[{"name":"wp","href":"https:\/\/api.w.org\/{rel}","templated":true}]}}