{"id":6952,"date":"2018-06-29T10:02:13","date_gmt":"2018-06-29T10:02:13","guid":{"rendered":"http:\/\/bibliotekamoscisko.pl\/?p=6952"},"modified":"2018-06-29T10:02:13","modified_gmt":"2018-06-29T10:02:13","slug":"turystyka-i-kultura-tematami-czerwcowej-sesji","status":"publish","type":"post","link":"https:\/\/bibliotekamoscisko.pl\/?p=6952","title":{"rendered":"Turystyka i kultura tematami czerwcowej sesji"},"content":{"rendered":"<p>Rozw\u00f3j turystyki i dzia\u0142alno\u015b\u0107 kulturalna na terenie gminy by\u0142y g\u0142\u00f3wnym tematem czerwcowej sesji Rady Gminy Dzier\u017coni\u00f3w. Obrady odby\u0142y si\u0119 w czwartek 28<a href=\"http:\/\/bibliotekamoscisko.pl\/wp-content\/uploads\/2018\/06\/sesjarg01.jpg\"><img decoding=\"async\" class=\"alignright size-full wp-image-6953\" src=\"http:\/\/bibliotekamoscisko.pl\/wp-content\/uploads\/2018\/06\/sesjarg01.jpg\" alt=\"\" width=\"250\" height=\"166\" srcset=\"https:\/\/bibliotekamoscisko.pl\/wp-content\/uploads\/2018\/06\/sesjarg01.jpg 250w, https:\/\/bibliotekamoscisko.pl\/wp-content\/uploads\/2018\/06\/sesjarg01-2x1.jpg 2w\" sizes=\"(max-width: 250px) 100vw, 250px\" \/><\/a> czerwca w Bibliotece Publicznej Gminy Dzier\u017coni\u00f3w w Mo\u015bcisku. Na pocz\u0105tku posiedzenia przed radnymi wyst\u0105pi\u0142 Zesp\u00f3\u0142 G\u00f3rali Czadeckich Pojana. Grupa obchodzi w tym roku jubileusz 60-lecia. Gratulacje i \u017cyczenia z tej okazji z\u0142o\u017cyli cz\u0142onkom zespo\u0142u Przewodnicz\u0105cy Rady Gminy Dzier\u017coni\u00f3w Grzegorz Pow\u0105zka oraz Zast\u0119pca W\u00f3jta Gminy Dzier\u017coni\u00f3w Jolanta Zarzeka. W dalszej cz\u0119\u015bci sesji radni wys\u0142uchali wyst\u0105pienia kierownika Referatu O\u015bwiaty, Sportu i Turystyki Urz\u0119du Gminy Dzier\u017coni\u00f3w Adama Wolniaka. W swojej prezentacji przedstawi\u0142 Radzie obszary wsparcia turystyki funkcjonuj\u0105ce na terenie gminy. Przybli\u017cy\u0142 m.in. najwa\u017cniejsze zrealizowane przedsi\u0119wzi\u0119cia, projekty unijne i dzia\u0142ania na rzecz rozwoju turystyki w naszym regionie. Nast\u0119pnie prezes zarz\u0105du Stowarzyszenia &#8222;\u015al\u0119\u017canie &#8211; Lokalna Grupa Dzia\u0142ania&#8221; El\u017cbieta Pas\u0142awska opowiedzia\u0142a radnym o wa\u017cnych turystycznie miejscach, produktach lokalnych i dzia\u0142aniach promocyjnych na terenie gmin wchodz\u0105cych w sk\u0142ad stowarzyszenia. W punkcie tym wyst\u0105pi\u0142a r\u00f3wnie\u017c wiceprezes Stowarzyszenia Turystycznego Gmin G\u00f3r Sowich (STGGS) i burmistrz Pieszyc Dorota Konieczna-Enozel. Opr\u00f3cz zrealizowanych przedsi\u0119wzi\u0119\u0107, om\u00f3wi\u0142a m.in. plany STGGS na promocj\u0119 G\u00f3r Sowich.<\/p>\n<p>W kolejnym punkcie radni wys\u0142uchali dyrektor Biblioteki Publicznej Gminy Dzier\u017coni\u00f3w im. W\u0142adys\u0142awa Reymonta Justyny Kaczorowskiej. Podczas swojego wyst\u0105pienia przedstawi\u0142a Radzie film dokumentuj\u0105cy najwa\u017cniejsze dzia\u0142ania podejmowane przez bibliotek\u0119 w sferze kultury w minionym roku. Rada przyj\u0119\u0142a r\u00f3wnie\u017c kilka uchwa\u0142: w sprawie ustalenia wynagrodzenia dla W\u00f3jta Gminy Dzier\u017coni\u00f3w, zmian w bud\u017cecie gminy na rok 2018, ustalenia maksymalnej liczby zezwole\u0144 na sprzeda\u017c napoj\u00f3w alkoholowych oraz zasad usytuowania miejsc sprzeda\u017cy i podawania napoj\u00f3w alkoholowych na terenie gminy.<\/p>\n<div id=\"galeria\" class=\"imgc\">Zapraszamy do\u00a0 obejrzenia skr\u00f3conej wersji filmu: <a href=\"https:\/\/www.youtube.com\/watch?v=BFkNiKAiRTM\" target=\"_blank\" rel=\"noopener\"><strong>&#8230;&#8230;&#8230;&#8230;&#8230;&#8230;..TU<\/strong>&#8230;&#8230;&#8230;&#8230;&#8230;&#8230;&#8230;&#8230;&#8230;<\/a><\/div>\n<div>\n<div id='gallery-1' class='gallery galleryid-6952 gallery-columns-3 gallery-size-thumbnail'><figure class='gallery-item'>\n\t\t\t<div class='gallery-icon landscape'>\n\t\t\t\t<a href='https:\/\/bibliotekamoscisko.pl\/?attachment_id=6955'><img decoding=\"async\" width=\"150\" height=\"150\" src=\"https:\/\/bibliotekamoscisko.pl\/wp-content\/uploads\/2018\/06\/sesjarg08-150x150.jpg\" class=\"attachment-thumbnail size-thumbnail\" alt=\"\" srcset=\"https:\/\/bibliotekamoscisko.pl\/wp-content\/uploads\/2018\/06\/sesjarg08-150x150.jpg 150w, https:\/\/bibliotekamoscisko.pl\/wp-content\/uploads\/2018\/06\/sesjarg08-2x1.jpg 2w\" sizes=\"(max-width: 150px) 100vw, 150px\" \/><\/a>\n\t\t\t<\/div><\/figure><figure class='gallery-item'>\n\t\t\t<div class='gallery-icon landscape'>\n\t\t\t\t<a href='https:\/\/bibliotekamoscisko.pl\/?attachment_id=6956'><img decoding=\"async\" width=\"150\" height=\"150\" src=\"https:\/\/bibliotekamoscisko.pl\/wp-content\/uploads\/2018\/06\/sesjarg12-150x150.jpg\" class=\"attachment-thumbnail size-thumbnail\" alt=\"\" srcset=\"https:\/\/bibliotekamoscisko.pl\/wp-content\/uploads\/2018\/06\/sesjarg12-150x150.jpg 150w, https:\/\/bibliotekamoscisko.pl\/wp-content\/uploads\/2018\/06\/sesjarg12-2x1.jpg 2w\" sizes=\"(max-width: 150px) 100vw, 150px\" \/><\/a>\n\t\t\t<\/div><\/figure>\n\t\t<\/div>\n\n<p>Informacja ze strony: http:\/\/www.ug.dzierzoniow.pl\/informacje\/4326<\/p>\n<\/div>\n","protected":false},"excerpt":{"rendered":"<p>Rozw\u00f3j turystyki i dzia\u0142alno\u015b\u0107 kulturalna na terenie gminy by\u0142y g\u0142\u00f3wnym tematem czerwcowej sesji Rady Gminy Dzier\u017coni\u00f3w. Obrady odby\u0142y si\u0119 w czwartek 28 czerwca w Bibliotece Publicznej Gminy Dzier\u017coni\u00f3w w Mo\u015bcisku. [&hellip;]<\/p>\n","protected":false},"author":1,"featured_media":0,"comment_status":"closed","ping_status":"open","sticky":false,"template":"","format":"standard","meta":{"ngg_post_thumbnail":0,"footnotes":""},"categories":[1],"tags":[],"class_list":["post-6952","post","type-post","status-publish","format-standard","hentry","category-uncategorized"],"_links":{"self":[{"href":"https:\/\/bibliotekamoscisko.pl\/index.php?rest_route=\/wp\/v2\/posts\/6952","targetHints":{"allow":["GET"]}}],"collection":[{"href":"https:\/\/bibliotekamoscisko.pl\/index.php?rest_route=\/wp\/v2\/posts"}],"about":[{"href":"https:\/\/bibliotekamoscisko.pl\/index.php?rest_route=\/wp\/v2\/types\/post"}],"author":[{"embeddable":true,"href":"https:\/\/bibliotekamoscisko.pl\/index.php?rest_route=\/wp\/v2\/users\/1"}],"replies":[{"embeddable":true,"href":"https:\/\/bibliotekamoscisko.pl\/index.php?rest_route=%2Fwp%2Fv2%2Fcomments&post=6952"}],"version-history":[{"count":1,"href":"https:\/\/bibliotekamoscisko.pl\/index.php?rest_route=\/wp\/v2\/posts\/6952\/revisions"}],"predecessor-version":[{"id":6957,"href":"https:\/\/bibliotekamoscisko.pl\/index.php?rest_route=\/wp\/v2\/posts\/6952\/revisions\/6957"}],"wp:attachment":[{"href":"https:\/\/bibliotekamoscisko.pl\/index.php?rest_route=%2Fwp%2Fv2%2Fmedia&parent=6952"}],"wp:term":[{"taxonomy":"category","embeddable":true,"href":"https:\/\/bibliotekamoscisko.pl\/index.php?rest_route=%2Fwp%2Fv2%2Fcategories&post=6952"},{"taxonomy":"post_tag","embeddable":true,"href":"https:\/\/bibliotekamoscisko.pl\/index.php?rest_route=%2Fwp%2Fv2%2Ftags&post=6952"}],"curies":[{"name":"wp","href":"https:\/\/api.w.org\/{rel}","templated":true}]}}