{"id":6958,"date":"2018-06-29T10:44:28","date_gmt":"2018-06-29T10:44:28","guid":{"rendered":"http:\/\/bibliotekamoscisko.pl\/?p=6958"},"modified":"2018-06-29T10:52:05","modified_gmt":"2018-06-29T10:52:05","slug":"nasze-pierwsze-kroki-z-ornitologia","status":"publish","type":"post","link":"https:\/\/bibliotekamoscisko.pl\/?p=6958","title":{"rendered":"Nasze pierwsze kroki z ornitologi\u0105"},"content":{"rendered":"<p><span style=\"font-size: 14.0pt;\">Ksi\u0105\u017cka,, Ma\u0142y Atlas Ptak\u00f3w&#8221; Ewy i Paw\u0142a Pawlak\u00f3w to cudowna poznawcza zabawa dla przedszkolak\u00f3w. W pi\u0105tek 29 czerwca w ramach Dyskusyjnego Klubu Ksi\u0105\u017cki ,,Motyle Ksi\u0105\u017ckowe&#8221;, dzieci z wakacyjnego przedszkola<br \/>\nw Ostroszowicach z rado\u015bci\u0105 pozna\u0142y nazwy i zwyczaje ptak\u00f3w.<br \/>\nPi\u0119kne portrety kolorowych i zachwycaj\u0105cych ptak\u00f3w wykonane przez dzieci, pokazuj\u0105 ich wra\u017cliwo\u015b\u0107 na otaczaj\u0105c\u0105 przyrod\u0119.<\/span><\/p>\n<p><a href=\"http:\/\/bibliotekamoscisko.pl\/wp-content\/uploads\/2018\/06\/Fotoram.io_.jpg\"><img fetchpriority=\"high\" decoding=\"async\" class=\"aligncenter size-full wp-image-6959\" src=\"http:\/\/bibliotekamoscisko.pl\/wp-content\/uploads\/2018\/06\/Fotoram.io_.jpg\" alt=\"\" width=\"1200\" height=\"1200\" srcset=\"https:\/\/bibliotekamoscisko.pl\/wp-content\/uploads\/2018\/06\/Fotoram.io_.jpg 1200w, https:\/\/bibliotekamoscisko.pl\/wp-content\/uploads\/2018\/06\/Fotoram.io_-150x150.jpg 150w, https:\/\/bibliotekamoscisko.pl\/wp-content\/uploads\/2018\/06\/Fotoram.io_-300x300.jpg 300w, https:\/\/bibliotekamoscisko.pl\/wp-content\/uploads\/2018\/06\/Fotoram.io_-768x768.jpg 768w, https:\/\/bibliotekamoscisko.pl\/wp-content\/uploads\/2018\/06\/Fotoram.io_-1024x1024.jpg 1024w, https:\/\/bibliotekamoscisko.pl\/wp-content\/uploads\/2018\/06\/Fotoram.io_-1x1.jpg 1w\" sizes=\"(max-width: 1200px) 100vw, 1200px\" \/><\/a><span style=\"font-size: 16.0pt;\">Wakacje z ksi\u0105\u017ck\u0105 to wspania\u0142e chwile!<\/span><br \/>\n<span style=\"font-size: 16.0pt;\">mk<\/span><\/p>\n","protected":false},"excerpt":{"rendered":"<p>Ksi\u0105\u017cka,, Ma\u0142y Atlas Ptak\u00f3w&#8221; Ewy i Paw\u0142a Pawlak\u00f3w to cudowna poznawcza zabawa dla przedszkolak\u00f3w. W pi\u0105tek 29 czerwca w ramach Dyskusyjnego Klubu Ksi\u0105\u017cki ,,Motyle Ksi\u0105\u017ckowe&#8221;, dzieci z wakacyjnego przedszkola w [&hellip;]<\/p>\n","protected":false},"author":1,"featured_media":0,"comment_status":"closed","ping_status":"open","sticky":false,"template":"","format":"standard","meta":{"ngg_post_thumbnail":0,"footnotes":""},"categories":[1],"tags":[],"class_list":["post-6958","post","type-post","status-publish","format-standard","hentry","category-uncategorized"],"_links":{"self":[{"href":"https:\/\/bibliotekamoscisko.pl\/index.php?rest_route=\/wp\/v2\/posts\/6958","targetHints":{"allow":["GET"]}}],"collection":[{"href":"https:\/\/bibliotekamoscisko.pl\/index.php?rest_route=\/wp\/v2\/posts"}],"about":[{"href":"https:\/\/bibliotekamoscisko.pl\/index.php?rest_route=\/wp\/v2\/types\/post"}],"author":[{"embeddable":true,"href":"https:\/\/bibliotekamoscisko.pl\/index.php?rest_route=\/wp\/v2\/users\/1"}],"replies":[{"embeddable":true,"href":"https:\/\/bibliotekamoscisko.pl\/index.php?rest_route=%2Fwp%2Fv2%2Fcomments&post=6958"}],"version-history":[{"count":3,"href":"https:\/\/bibliotekamoscisko.pl\/index.php?rest_route=\/wp\/v2\/posts\/6958\/revisions"}],"predecessor-version":[{"id":6962,"href":"https:\/\/bibliotekamoscisko.pl\/index.php?rest_route=\/wp\/v2\/posts\/6958\/revisions\/6962"}],"wp:attachment":[{"href":"https:\/\/bibliotekamoscisko.pl\/index.php?rest_route=%2Fwp%2Fv2%2Fmedia&parent=6958"}],"wp:term":[{"taxonomy":"category","embeddable":true,"href":"https:\/\/bibliotekamoscisko.pl\/index.php?rest_route=%2Fwp%2Fv2%2Fcategories&post=6958"},{"taxonomy":"post_tag","embeddable":true,"href":"https:\/\/bibliotekamoscisko.pl\/index.php?rest_route=%2Fwp%2Fv2%2Ftags&post=6958"}],"curies":[{"name":"wp","href":"https:\/\/api.w.org\/{rel}","templated":true}]}}