{"id":6984,"date":"2018-07-03T09:33:31","date_gmt":"2018-07-03T09:33:31","guid":{"rendered":"http:\/\/bibliotekamoscisko.pl\/?p=6984"},"modified":"2018-08-06T10:08:47","modified_gmt":"2018-08-06T10:08:47","slug":"podejdz-do-plota-jak-i-ja-podchodze","status":"publish","type":"post","link":"https:\/\/bibliotekamoscisko.pl\/?p=6984","title":{"rendered":"Podejd\u017a do p\u0142ota, jak i ja podchodz\u0119"},"content":{"rendered":"<p style=\"text-align: center;\">Kt\u00f3\u017c nie zna filmowego Kazimierza Pawlaka z trylogii &#8222;Sami swoi&#8221;, Ryszarda Popio\u0142ka z serialu &#8222;Dom&#8221;, czy Kiedrosa sier\u017canta Legii Cudzoziemskiej z &#8222;Jak rozp\u0119ta\u0142em II wojn\u0119 \u015bwiatow\u0105&#8221;? We wszystkie te role wcieli\u0142 si\u0119 niezapomniany polski aktor Wac\u0142aw Kowalski &#8211; archetypowy kresowiak. Laureat nagrody \u201eWiktora\u201d dla najbardziej popularnej postaci TVP w 1988 roku \u00a0ma na swoim koncie blisko 100 r\u00f3l filmowych i 200 teatralnych.<br \/>\nEkspozycja, kt\u00f3r\u0105 mo\u017cna do ko\u0144ca sierpnia zobaczy\u0107 w galerii Biblioteki w Mo\u015bcisku, zosta\u0142a przygotowana w ubieg\u0142ym roku z okazji 50-lecia komedii &#8222;Sami swoi&#8221; oraz 101-lecia urodzin aktora przez MDK w Lubaniu. Wystawa dotar\u0142a do nas z Gostkowic, gdzie znajduje si\u0119 &#8222;Muzeum Samych Swoich&#8221;, prowadzone przez Edwarda Mas\u0142owskiego, kt\u00f3ry magii filmu uleg\u0142 b\u0119d\u0105c ju\u017c w szkole podstawowej. Za swoj\u0105 dzia\u0142alno\u015b\u0107 na rzecz krzewienia pami\u0119ci osadnik\u00f3w na ziemiach odzyskanych,\u00a0 zosta\u0142 odznaczony\u00a0&#8222;Krzy\u017cem Kresowym&#8221;.<br \/>\n&#8222;S\u0105d s\u0105dem, a sprawiedliwo\u015b\u0107 musi by\u0107 po naszej stronie&#8221;, &#8222;Wszystko, co po tamtej stronie p\u0142ota, to tw\u00f3j wr\u00f3g. &#8211; Kot te\u017c? &#8211; Te\u017c!&#8221;; &#8222;Ty taki gapowaty, \u017ce ci\u0119 tylko w telewizji pokazywa\u0107&#8221;; &#8222;Cz\u0142owiek to nie ko\u0144&#8221; &#8211; to niekt\u00f3re cytaty z trylogii Ch\u0119ci\u0144skiego, kt\u00f3re \u017cyj\u0105 ju\u017c w\u0142asnym \u017cyciem i kt\u00f3re nieodmiennie wi\u0105\u017c\u0105 si\u0119 w naszej pami\u0119ci z Wac\u0142awem Kowalskim. Doskonale opracowana wystawa pozwala na poznanie wielu ciekawych szczeg\u00f3\u0142\u00f3w z \u017cycia aktora i spojrzenie na jego posta\u0107 w nieszablonowy spos\u00f3b.<br \/>\n<a href=\"http:\/\/bibliotekamoscisko.pl\/wp-content\/uploads\/2018\/07\/plakat.jpg\"><img fetchpriority=\"high\" decoding=\"async\" class=\"aligncenter size-full wp-image-6985\" src=\"http:\/\/bibliotekamoscisko.pl\/wp-content\/uploads\/2018\/07\/plakat.jpg\" alt=\"\" width=\"550\" height=\"782\" srcset=\"https:\/\/bibliotekamoscisko.pl\/wp-content\/uploads\/2018\/07\/plakat.jpg 550w, https:\/\/bibliotekamoscisko.pl\/wp-content\/uploads\/2018\/07\/plakat-211x300.jpg 211w, https:\/\/bibliotekamoscisko.pl\/wp-content\/uploads\/2018\/07\/plakat-1x1.jpg 1w\" sizes=\"(max-width: 550px) 100vw, 550px\" \/>Ekspozycja wystawy skr\u00f3cona do dnia 07.08.2018 r.<\/a><a href=\"http:\/\/bibliotekamoscisko.pl\/wp-content\/uploads\/2018\/03\/logo-100-lat.jpg\"><img decoding=\"async\" class=\"aligncenter size-medium wp-image-6384\" src=\"http:\/\/bibliotekamoscisko.pl\/wp-content\/uploads\/2018\/03\/logo-100-lat-300x152.jpg\" alt=\"\" width=\"300\" height=\"152\" srcset=\"https:\/\/bibliotekamoscisko.pl\/wp-content\/uploads\/2018\/03\/logo-100-lat-300x152.jpg 300w, https:\/\/bibliotekamoscisko.pl\/wp-content\/uploads\/2018\/03\/logo-100-lat-768x389.jpg 768w, https:\/\/bibliotekamoscisko.pl\/wp-content\/uploads\/2018\/03\/logo-100-lat-2x1.jpg 2w, https:\/\/bibliotekamoscisko.pl\/wp-content\/uploads\/2018\/03\/logo-100-lat.jpg 1000w\" sizes=\"(max-width: 300px) 100vw, 300px\" \/><\/a><\/p>\n","protected":false},"excerpt":{"rendered":"<p>Kt\u00f3\u017c nie zna filmowego Kazimierza Pawlaka z trylogii &#8222;Sami swoi&#8221;, Ryszarda Popio\u0142ka z serialu &#8222;Dom&#8221;, czy Kiedrosa sier\u017canta Legii Cudzoziemskiej z &#8222;Jak rozp\u0119ta\u0142em II wojn\u0119 \u015bwiatow\u0105&#8221;? We wszystkie te role [&hellip;]<\/p>\n","protected":false},"author":1,"featured_media":0,"comment_status":"closed","ping_status":"open","sticky":false,"template":"","format":"standard","meta":{"ngg_post_thumbnail":0,"footnotes":""},"categories":[1],"tags":[],"class_list":["post-6984","post","type-post","status-publish","format-standard","hentry","category-uncategorized"],"_links":{"self":[{"href":"https:\/\/bibliotekamoscisko.pl\/index.php?rest_route=\/wp\/v2\/posts\/6984","targetHints":{"allow":["GET"]}}],"collection":[{"href":"https:\/\/bibliotekamoscisko.pl\/index.php?rest_route=\/wp\/v2\/posts"}],"about":[{"href":"https:\/\/bibliotekamoscisko.pl\/index.php?rest_route=\/wp\/v2\/types\/post"}],"author":[{"embeddable":true,"href":"https:\/\/bibliotekamoscisko.pl\/index.php?rest_route=\/wp\/v2\/users\/1"}],"replies":[{"embeddable":true,"href":"https:\/\/bibliotekamoscisko.pl\/index.php?rest_route=%2Fwp%2Fv2%2Fcomments&post=6984"}],"version-history":[{"count":4,"href":"https:\/\/bibliotekamoscisko.pl\/index.php?rest_route=\/wp\/v2\/posts\/6984\/revisions"}],"predecessor-version":[{"id":7014,"href":"https:\/\/bibliotekamoscisko.pl\/index.php?rest_route=\/wp\/v2\/posts\/6984\/revisions\/7014"}],"wp:attachment":[{"href":"https:\/\/bibliotekamoscisko.pl\/index.php?rest_route=%2Fwp%2Fv2%2Fmedia&parent=6984"}],"wp:term":[{"taxonomy":"category","embeddable":true,"href":"https:\/\/bibliotekamoscisko.pl\/index.php?rest_route=%2Fwp%2Fv2%2Fcategories&post=6984"},{"taxonomy":"post_tag","embeddable":true,"href":"https:\/\/bibliotekamoscisko.pl\/index.php?rest_route=%2Fwp%2Fv2%2Ftags&post=6984"}],"curies":[{"name":"wp","href":"https:\/\/api.w.org\/{rel}","templated":true}]}}