{"id":700,"date":"2014-07-17T10:23:43","date_gmt":"2014-07-17T10:23:43","guid":{"rendered":"http:\/\/bibliotekamoscisko.pl\/?p=700"},"modified":"2014-07-18T09:03:10","modified_gmt":"2014-07-18T09:03:10","slug":"jubileuszowe-bukowinskie-spotkania","status":"publish","type":"post","link":"https:\/\/bibliotekamoscisko.pl\/?p=700","title":{"rendered":"Jubileuszowe Bukowi\u0144skie Spotkania"},"content":{"rendered":"<p>W dniach 18-22 czerwca 2014 r. polsk\u0105 edycj\u0105, w Jastrowiu i Pile rozpocz\u0105\u0142 si\u0119 Jubileuszowy XXV Mi\u0119dzynarodowy Festiwal Folklorystyczny \u201eBukowi\u0144skie Spotkania\u201d. Tak jak przed dwudziestu pi\u0119ciu laty wywar\u0142 niezapomniane wra\u017cenia. Festiwal to nie tylko wyst\u0119py sceniczne, ale to co dzieje si\u0119 poza ni\u0105 &#8211; wsp\u00f3lny \u015bpiew, taniec, wsp\u00f3lne muzykowanie kapel, a przede wszystkim kontakty z lud\u017ami, zar\u00f3wno te odnawiane co rok jak i zawierane nowe znajomo\u015bci. W tym roku festiwalowi towarzyszy\u0142 Jarmark Bukowi\u0144ski, kt\u00f3ry polega\u0142 na prezentowaniu w\u0142asnych kultur, tradycji i obyczaj\u00f3w oraz kuchni regionalnej poszczeg\u00f3lnych grup. Nie tylko uczestnicy festiwalu, ale r\u00f3wnie\u017c mieszka\u0144cy Pi\u0142y i przybyli go\u015bcie mieli mo\u017cliwo\u015b\u0107 skosztowania bukowi\u0144skich przysmak\u00f3w. Niecodziennym wydarzeniem by\u0142 pokaz mody w stylu retro, przygotowany przez ukrai\u0144ski zesp\u00f3\u0142 \u201eCzerniwczanka\u201d. Kolejn\u0105 atrakcj\u0105 tego wieczoru sta\u0142 si\u0119 korow\u00f3d z pochodniami nad rzek\u0119 Gwd\u0119, gdzie przy blasku ksi\u0119\u017cyca i wsp\u00f3lnym \u015bpiewie odby\u0142 si\u0119 obrz\u0119d Nocy \u015awi\u0119toja\u0144skiej. Po raz pierwszy organizatorem festiwalu by\u0142a r\u00f3wnie\u017c Republika Mo\u0142dawii. W dniach 04-06 lipca w Kiszyniowie i okolicznych miejscowo\u015bciach go\u015bcie mogli pozna\u0107 kuchni\u0119 mo\u0142dawsk\u0105 oraz go\u015bcinno\u015b\u0107 i \u017cyczliwo\u015b\u0107 Mo\u0142dawian, zachwyci\u0107 si\u0119 architektur\u0105 krajobrazu, zieleni\u0105 miejsk\u0105 i wspania\u0142ymi r\u00f3\u017canymi klombami. Zesp\u00f3\u0142 G\u00f3rali Czadeckich \u201ePojana\u201d jako jedyny w mo\u0142dawskiej edycji reprezentowa\u0142 Polsk\u0119. Barwne korowody uliczne i wyst\u0119py na scenach w Kiszyniowie, Straszeni i Ialoveni, wsp\u00f3lne \u015bpiewy i ta\u0144ce trwa\u0142y do p\u00f3\u017anych godzin nocnych. \u201ePojana\u201d mia\u0142a r\u00f3wnie\u017c okazj\u0119 do odwiedzenia rodzinnych stron. Podczas kr\u00f3tkiego pobytu w Rumunii, w siedzibie Urz\u0119du Gminy Manastirea Humorului, do kt\u00f3rej nale\u017cy Pojana Mikuli, delegacja Gminy Dzier\u017coni\u00f3w z w\u00f3jtem Markiem Chmielewskim spotka\u0142a si\u0119 z lokalnymi w\u0142adzami i przedstawi\u0142a List Intencyjny, dotycz\u0105cy wsp\u00f3\u0142pracy obu gmin. Zesp\u00f3\u0142 G\u00f3rali Czadeckich \u201ePojana\u201d bardzo dzi\u0119kuje Dolno\u015bl\u0105skiemu Urz\u0119dowi Marsza\u0142kowskiemu, O\u015brodkowi Kultury i Sztuki we Wroc\u0142awiu oraz Bibliotece Publicznej Gminy Dzier\u017coni\u00f3w za wsparcie finansowe, kt\u00f3re pozwoli\u0142o na wyjazd w rodzinne strony i udzia\u0142 w XXV Mi\u0119dzynarodowym Festiwalu Folklorystycznym \u201eBukowi\u0144skie Spotkania\u201d w Mo\u0142dawii.<\/p>\n<p><br \/>\nBo\u017cena \u017bygad\u0142o<\/p>\n","protected":false},"excerpt":{"rendered":"<p>W dniach 18-22 czerwca 2014 r. polsk\u0105 edycj\u0105, w Jastrowiu i Pile rozpocz\u0105\u0142 si\u0119 Jubileuszowy XXV Mi\u0119dzynarodowy Festiwal Folklorystyczny \u201eBukowi\u0144skie Spotkania\u201d. Tak jak przed dwudziestu pi\u0119ciu laty wywar\u0142 niezapomniane wra\u017cenia. [&hellip;]<\/p>\n","protected":false},"author":1,"featured_media":701,"comment_status":"closed","ping_status":"open","sticky":false,"template":"","format":"standard","meta":{"ngg_post_thumbnail":0,"footnotes":""},"categories":[1],"tags":[],"class_list":["post-700","post","type-post","status-publish","format-standard","has-post-thumbnail","hentry","category-uncategorized"],"_links":{"self":[{"href":"https:\/\/bibliotekamoscisko.pl\/index.php?rest_route=\/wp\/v2\/posts\/700","targetHints":{"allow":["GET"]}}],"collection":[{"href":"https:\/\/bibliotekamoscisko.pl\/index.php?rest_route=\/wp\/v2\/posts"}],"about":[{"href":"https:\/\/bibliotekamoscisko.pl\/index.php?rest_route=\/wp\/v2\/types\/post"}],"author":[{"embeddable":true,"href":"https:\/\/bibliotekamoscisko.pl\/index.php?rest_route=\/wp\/v2\/users\/1"}],"replies":[{"embeddable":true,"href":"https:\/\/bibliotekamoscisko.pl\/index.php?rest_route=%2Fwp%2Fv2%2Fcomments&post=700"}],"version-history":[{"count":3,"href":"https:\/\/bibliotekamoscisko.pl\/index.php?rest_route=\/wp\/v2\/posts\/700\/revisions"}],"predecessor-version":[{"id":726,"href":"https:\/\/bibliotekamoscisko.pl\/index.php?rest_route=\/wp\/v2\/posts\/700\/revisions\/726"}],"wp:featuredmedia":[{"embeddable":true,"href":"https:\/\/bibliotekamoscisko.pl\/index.php?rest_route=\/wp\/v2\/media\/701"}],"wp:attachment":[{"href":"https:\/\/bibliotekamoscisko.pl\/index.php?rest_route=%2Fwp%2Fv2%2Fmedia&parent=700"}],"wp:term":[{"taxonomy":"category","embeddable":true,"href":"https:\/\/bibliotekamoscisko.pl\/index.php?rest_route=%2Fwp%2Fv2%2Fcategories&post=700"},{"taxonomy":"post_tag","embeddable":true,"href":"https:\/\/bibliotekamoscisko.pl\/index.php?rest_route=%2Fwp%2Fv2%2Ftags&post=700"}],"curies":[{"name":"wp","href":"https:\/\/api.w.org\/{rel}","templated":true}]}}