{"id":7034,"date":"2018-08-16T12:32:27","date_gmt":"2018-08-16T12:32:27","guid":{"rendered":"http:\/\/bibliotekamoscisko.pl\/?p=7034"},"modified":"2018-08-16T12:32:27","modified_gmt":"2018-08-16T12:32:27","slug":"mala-ksiazka-wielki-czlowiek","status":"publish","type":"post","link":"https:\/\/bibliotekamoscisko.pl\/?p=7034","title":{"rendered":"Ma\u0142a Ksi\u0105\u017cka &#8211; Wielki Cz\u0142owiek"},"content":{"rendered":"<p style=\"text-align: center;\">Z przyjemno\u015bci\u0105 informujemy, \u017ce nasza biblioteka zakwalifikowa\u0142a si\u0119 do udzia\u0142u w projekcie &#8222;Ma\u0142a Ksi\u0105\u017cka &#8211; Wielki Cz\u0142owiek&#8221;. Projekt skierowany jest do 3-letnich dzieci oraz ich rodzic\u00f3w.<a href=\"http:\/\/bibliotekamoscisko.pl\/wp-content\/uploads\/2018\/08\/mkwc-logo.png\"><img fetchpriority=\"high\" decoding=\"async\" class=\"alignright size-medium wp-image-7035\" src=\"http:\/\/bibliotekamoscisko.pl\/wp-content\/uploads\/2018\/08\/mkwc-logo-300x198.png\" alt=\"\" width=\"300\" height=\"198\" srcset=\"https:\/\/bibliotekamoscisko.pl\/wp-content\/uploads\/2018\/08\/mkwc-logo-300x198.png 300w, https:\/\/bibliotekamoscisko.pl\/wp-content\/uploads\/2018\/08\/mkwc-logo-768x507.png 768w, https:\/\/bibliotekamoscisko.pl\/wp-content\/uploads\/2018\/08\/mkwc-logo-2x1.png 2w, https:\/\/bibliotekamoscisko.pl\/wp-content\/uploads\/2018\/08\/mkwc-logo.png 801w\" sizes=\"(max-width: 300px) 100vw, 300px\" \/><\/a><br \/>\nNajwa\u017cniejszym celem akcji jest zach\u0119cenie rodzic\u00f3w do czytania swoim pociechom przedstawiaj\u0105c najwa\u017cniejsze warto\u015bci p\u0142yn\u0105ce z lektury.<br \/>\nW ramach projektu rodzice dzieci otrzymaj\u0105 bezp\u0142atne wyprawki czytelnicze sk\u0142adaj\u0105ce si\u0119 m.in. z: <span class=\"text_exposed_show\"><br \/>\n&#8211; ksi\u0105\u017ceczki ,,Pierwsze wiersze dla &#8230;\u201d,<br \/>\n&#8211; karty Ma\u0142ego Czytelnika,<br \/>\n&#8211; naklejek do karty Ma\u0142ego Czytelnika,<br \/>\n&#8211; poradnika dla rodzic\u00f3w \u201eKsi\u0105\u017ck\u0105 po\u0142\u0105czeni, czyli o roli czytania w \u017cyciu dziecka\u201d, a tak\u017ce r\u00f3\u017cnorodnych materia\u0142\u00f3w promocyjnych. <\/span><\/p>\n<div class=\"text_exposed_show\">\n<p style=\"text-align: center;\">Ca\u0142a akcja rozpoczyna si\u0119 we wrze\u015bniu 2018, a udzia\u0142 w niej jest bezp\u0142atny &#8211; mog\u0105 skorzysta\u0107 wszyscy czytelnicy: Ci ju\u017c zapisani do naszej biblioteki a tak\u017ce nowi.<br \/>\nJu\u017c wkr\u00f3tce zaprosimy rodzic\u00f3w z maluszkami do biblioteki i wr\u0119czymy im wyprawki czytelnicze.<\/p>\n<p style=\"text-align: center;\"><a href=\"http:\/\/bibliotekamoscisko.pl\/wp-content\/uploads\/2018\/08\/mkwc-plakaty-2.jpg\"><img decoding=\"async\" class=\"aligncenter size-large wp-image-7036\" src=\"http:\/\/bibliotekamoscisko.pl\/wp-content\/uploads\/2018\/08\/mkwc-plakaty-2-683x1024.jpg\" alt=\"\" width=\"654\" height=\"981\" srcset=\"https:\/\/bibliotekamoscisko.pl\/wp-content\/uploads\/2018\/08\/mkwc-plakaty-2-683x1024.jpg 683w, https:\/\/bibliotekamoscisko.pl\/wp-content\/uploads\/2018\/08\/mkwc-plakaty-2-200x300.jpg 200w, https:\/\/bibliotekamoscisko.pl\/wp-content\/uploads\/2018\/08\/mkwc-plakaty-2-768x1152.jpg 768w, https:\/\/bibliotekamoscisko.pl\/wp-content\/uploads\/2018\/08\/mkwc-plakaty-2-1x1.jpg 1w\" sizes=\"(max-width: 654px) 100vw, 654px\" \/><\/a>Kampania realizowana przez Instytut Ksi\u0105\u017cki ze \u015brodk\u00f3w Ministerstwa Kultury i Dziedzictwa Narodowego.<\/p>\n<\/div>\n","protected":false},"excerpt":{"rendered":"<p>Z przyjemno\u015bci\u0105 informujemy, \u017ce nasza biblioteka zakwalifikowa\u0142a si\u0119 do udzia\u0142u w projekcie &#8222;Ma\u0142a Ksi\u0105\u017cka &#8211; Wielki Cz\u0142owiek&#8221;. Projekt skierowany jest do 3-letnich dzieci oraz ich rodzic\u00f3w. Najwa\u017cniejszym celem akcji jest [&hellip;]<\/p>\n","protected":false},"author":1,"featured_media":0,"comment_status":"closed","ping_status":"open","sticky":false,"template":"","format":"standard","meta":{"ngg_post_thumbnail":0,"footnotes":""},"categories":[1],"tags":[],"class_list":["post-7034","post","type-post","status-publish","format-standard","hentry","category-uncategorized"],"_links":{"self":[{"href":"https:\/\/bibliotekamoscisko.pl\/index.php?rest_route=\/wp\/v2\/posts\/7034","targetHints":{"allow":["GET"]}}],"collection":[{"href":"https:\/\/bibliotekamoscisko.pl\/index.php?rest_route=\/wp\/v2\/posts"}],"about":[{"href":"https:\/\/bibliotekamoscisko.pl\/index.php?rest_route=\/wp\/v2\/types\/post"}],"author":[{"embeddable":true,"href":"https:\/\/bibliotekamoscisko.pl\/index.php?rest_route=\/wp\/v2\/users\/1"}],"replies":[{"embeddable":true,"href":"https:\/\/bibliotekamoscisko.pl\/index.php?rest_route=%2Fwp%2Fv2%2Fcomments&post=7034"}],"version-history":[{"count":1,"href":"https:\/\/bibliotekamoscisko.pl\/index.php?rest_route=\/wp\/v2\/posts\/7034\/revisions"}],"predecessor-version":[{"id":7037,"href":"https:\/\/bibliotekamoscisko.pl\/index.php?rest_route=\/wp\/v2\/posts\/7034\/revisions\/7037"}],"wp:attachment":[{"href":"https:\/\/bibliotekamoscisko.pl\/index.php?rest_route=%2Fwp%2Fv2%2Fmedia&parent=7034"}],"wp:term":[{"taxonomy":"category","embeddable":true,"href":"https:\/\/bibliotekamoscisko.pl\/index.php?rest_route=%2Fwp%2Fv2%2Fcategories&post=7034"},{"taxonomy":"post_tag","embeddable":true,"href":"https:\/\/bibliotekamoscisko.pl\/index.php?rest_route=%2Fwp%2Fv2%2Ftags&post=7034"}],"curies":[{"name":"wp","href":"https:\/\/api.w.org\/{rel}","templated":true}]}}