{"id":711,"date":"2014-07-18T08:24:58","date_gmt":"2014-07-18T08:24:58","guid":{"rendered":"http:\/\/bibliotekamoscisko.pl\/?p=711"},"modified":"2014-07-18T08:27:41","modified_gmt":"2014-07-18T08:27:41","slug":"gdzie-slyszysz-spiew-tam-smialo-wstap","status":"publish","type":"post","link":"https:\/\/bibliotekamoscisko.pl\/?p=711","title":{"rendered":"Gdzie s\u0142yszysz \u015bpiew, tam \u015bmia\u0142o wst\u0105p"},"content":{"rendered":"<p>Kolorowo, smacznie i \u015bpiewaj\u0105co up\u0142yn\u0119\u0142a sobota 12 lipca w Ostroszowicach, gdzie odby\u0142o si\u0119 <strong>Maciejowe \u015apiewanie przy Ro\u017cnisku<\/strong>.\u00a0 Na wsp\u00f3ln\u0105 biesiad\u0119 \u00a0\u00a0\u00a0\u00a0\u00a0\u00a0i muzykowanie stawi\u0142o si\u0119 trzyna\u015bcie zespo\u0142\u00f3w z ca\u0142ej Gminy Dzier\u017coni\u00f3w. Swoj\u0105 obecno\u015bci\u0105 zaszczyci\u0142y nas r\u00f3wnie\u017c m.in. \u201eWoliborzanki\u201d z Woliborza, \u201eZ\u0142ocienie\u201d z Z\u0105bkowic \u015al\u0105skich\u201d, \u201eMarzenie\u201d ze Szklarek w Gminie Przemk\u00f3w a nawet zesp\u00f3\u0142 \u201eFuego\u201d z \u0141odzi. \u00a0To w\u0142a\u015bnie dzi\u0119ki ich obecno\u015bci\u00a0 mogli\u015bmy obejrze\u0107 pokaz ta\u0144c\u00f3w greckich i polskich, kt\u00f3ry spontanicznie przerodzi\u0142 si\u0119 w warsztaty mi\u0119dzynarodowych ta\u0144c\u00f3w. By\u0142 wi\u0119c i \u201eZorba\u201d \u00a0i \u201eKlaskany\u201d\u00a0 a gdy r\u0119ce odm\u00f3wi\u0142y pos\u0142usze\u0144stwa pojawi\u0142 si\u0119 \u00a0\u201eTupany\u201d.<\/p>\n<div id='gallery-1' class='gallery galleryid-711 gallery-columns-3 gallery-size-thumbnail'><figure class='gallery-item'>\n\t\t\t<div class='gallery-icon landscape'>\n\t\t\t\t<a href='https:\/\/bibliotekamoscisko.pl\/?attachment_id=715'><img decoding=\"async\" width=\"150\" height=\"150\" src=\"https:\/\/bibliotekamoscisko.pl\/wp-content\/uploads\/2014\/07\/DSC01669-150x150.jpeg\" class=\"attachment-thumbnail size-thumbnail\" alt=\"\" \/><\/a>\n\t\t\t<\/div><\/figure><figure class='gallery-item'>\n\t\t\t<div class='gallery-icon landscape'>\n\t\t\t\t<a href='https:\/\/bibliotekamoscisko.pl\/?attachment_id=714'><img decoding=\"async\" width=\"150\" height=\"150\" src=\"https:\/\/bibliotekamoscisko.pl\/wp-content\/uploads\/2014\/07\/DSC01571-150x150.jpeg\" class=\"attachment-thumbnail size-thumbnail\" alt=\"\" \/><\/a>\n\t\t\t<\/div><\/figure>\n\t\t<\/div>\n\n<p>Polskie tradycyjne stroje ludowe zachwyca\u0142y wszystkich doko\u0142a kolorami, precyzja wykonania i dba\u0142o\u015bci\u0105 o szczeg\u00f3\u0142y. Ka\u017cdy wyst\u0119puj\u0105cy na scenie zesp\u00f3\u0142 otrzyma\u0142 pami\u0105tkow\u0105 statuetk\u0119 wr\u0119czan\u0105 przez obecnego na spotkaniu W\u00f3jta Gminy Dzier\u017coni\u00f3w, Marka Chmielewskiego.<\/p>\n<p>Zespo\u0142y przywioz\u0142y tak\u017ce ze sob\u0105 prowadzone cz\u0119sto przez lata kroniki, kt\u00f3re wzi\u0119\u0142y udzia\u0142 w konkursie. Jury, bior\u0105c pod uwag\u0119 zar\u00f3wno tre\u015b\u0107 merytoryczn\u0105, jak i estetyk\u0119 prowadzonej kroniki przyzna\u0142o I miejsce tomowi tworzonemu przez Zesp\u00f3\u0142 \u201eZ\u0142ocienie\u201d. Kolejne przyznano Zespo\u0142owi \u201eKatarzynki\u201d. III miejsce przyznano Ko\u0142u Gospody\u0144 Wiejskich w Woliborzu. Laureaci otrzymali nowe kroniki ufundowane przez <a href=\"http:\/\/pko-bielawa-jana-iii-sobieskiego-17.pko365.pl\/\" target=\"_blank\">PKO BP, Oddzia\u0142 1 w Bielawie<\/a>, kt\u00f3re wraz z gratulacjami wr\u0119czy\u0142a przedstawicielka banku, Dorota Wysocka.<\/p>\n<p>Jak pisa\u0142 J.W. Goethe: \u201e<em>Gdzie s\u0142yszysz \u015bpiew<\/em>,\u00a0<em>tam<\/em>\u00a0\u015bmia\u0142o wst\u0105p,\u00a0<em>tam dobre serca maj\u0105<\/em>.\u00a0<em>Bo ludzie \u017ali<\/em>,\u00a0<em>ach<\/em>, <em>wierzaj mi<\/em>,\u00a0<em>ci nigdy nie \u015bpiewaj\u0105\u201d. To motto, kt\u00f3re przywo\u0142a\u0142 prowadz\u0105cy spotkanie cz\u0142onek zespo\u0142u \u201eMacieje\u201d Wojciech Klaus, podkre\u015bla charakter ostroszowickiego spotkania. Mamy nadziej\u0119, \u017ce w przysz\u0142ym roku dobre serca i pi\u0119kne g\u0142osy b\u0119d\u0105 si\u0119 mog\u0142y ponownie spotka\u0107 przy pysznych kie\u0142baskach z ro\u017cna i w ciekawym towarzystwie.<\/em><\/p>\n<p><em>D.W.<\/em><\/p>\n","protected":false},"excerpt":{"rendered":"<p>Kolorowo, smacznie i \u015bpiewaj\u0105co up\u0142yn\u0119\u0142a sobota 12 lipca w Ostroszowicach, gdzie odby\u0142o si\u0119 Maciejowe \u015apiewanie przy Ro\u017cnisku.\u00a0 Na wsp\u00f3ln\u0105 biesiad\u0119 \u00a0\u00a0\u00a0\u00a0\u00a0\u00a0i muzykowanie stawi\u0142o si\u0119 trzyna\u015bcie zespo\u0142\u00f3w z ca\u0142ej Gminy Dzier\u017coni\u00f3w. [&hellip;]<\/p>\n","protected":false},"author":1,"featured_media":715,"comment_status":"closed","ping_status":"open","sticky":false,"template":"","format":"standard","meta":{"ngg_post_thumbnail":0,"footnotes":""},"categories":[1],"tags":[],"class_list":["post-711","post","type-post","status-publish","format-standard","has-post-thumbnail","hentry","category-uncategorized"],"_links":{"self":[{"href":"https:\/\/bibliotekamoscisko.pl\/index.php?rest_route=\/wp\/v2\/posts\/711","targetHints":{"allow":["GET"]}}],"collection":[{"href":"https:\/\/bibliotekamoscisko.pl\/index.php?rest_route=\/wp\/v2\/posts"}],"about":[{"href":"https:\/\/bibliotekamoscisko.pl\/index.php?rest_route=\/wp\/v2\/types\/post"}],"author":[{"embeddable":true,"href":"https:\/\/bibliotekamoscisko.pl\/index.php?rest_route=\/wp\/v2\/users\/1"}],"replies":[{"embeddable":true,"href":"https:\/\/bibliotekamoscisko.pl\/index.php?rest_route=%2Fwp%2Fv2%2Fcomments&post=711"}],"version-history":[{"count":4,"href":"https:\/\/bibliotekamoscisko.pl\/index.php?rest_route=\/wp\/v2\/posts\/711\/revisions"}],"predecessor-version":[{"id":719,"href":"https:\/\/bibliotekamoscisko.pl\/index.php?rest_route=\/wp\/v2\/posts\/711\/revisions\/719"}],"wp:featuredmedia":[{"embeddable":true,"href":"https:\/\/bibliotekamoscisko.pl\/index.php?rest_route=\/wp\/v2\/media\/715"}],"wp:attachment":[{"href":"https:\/\/bibliotekamoscisko.pl\/index.php?rest_route=%2Fwp%2Fv2%2Fmedia&parent=711"}],"wp:term":[{"taxonomy":"category","embeddable":true,"href":"https:\/\/bibliotekamoscisko.pl\/index.php?rest_route=%2Fwp%2Fv2%2Fcategories&post=711"},{"taxonomy":"post_tag","embeddable":true,"href":"https:\/\/bibliotekamoscisko.pl\/index.php?rest_route=%2Fwp%2Fv2%2Ftags&post=711"}],"curies":[{"name":"wp","href":"https:\/\/api.w.org\/{rel}","templated":true}]}}