{"id":7157,"date":"2018-09-07T14:13:06","date_gmt":"2018-09-07T14:13:06","guid":{"rendered":"http:\/\/bibliotekamoscisko.pl\/?p=7157"},"modified":"2018-09-14T15:13:55","modified_gmt":"2018-09-14T15:13:55","slug":"powiatowe-zawody-latawcowe","status":"publish","type":"post","link":"https:\/\/bibliotekamoscisko.pl\/?p=7157","title":{"rendered":"Powiatowe Zawody Latawcowe"},"content":{"rendered":"<p><strong><a href=\"http:\/\/bibliotekamoscisko.pl\/wp-content\/uploads\/2018\/09\/plakat.jpg\"><img fetchpriority=\"high\" decoding=\"async\" class=\"aligncenter wp-image-7209 size-full\" src=\"http:\/\/bibliotekamoscisko.pl\/wp-content\/uploads\/2018\/09\/plakat.jpg\" alt=\"\" width=\"520\" height=\"728\" srcset=\"https:\/\/bibliotekamoscisko.pl\/wp-content\/uploads\/2018\/09\/plakat.jpg 520w, https:\/\/bibliotekamoscisko.pl\/wp-content\/uploads\/2018\/09\/plakat-214x300.jpg 214w, https:\/\/bibliotekamoscisko.pl\/wp-content\/uploads\/2018\/09\/plakat-1x1.jpg 1w\" sizes=\"(max-width: 520px) 100vw, 520px\" \/><\/a>\u00a0<\/strong><strong>\u00a0<a href=\"http:\/\/bibliotekamoscisko.pl\/wp-content\/uploads\/2018\/09\/ma\u0142y.jpg\"><img decoding=\"async\" class=\"aligncenter size-full wp-image-7158\" src=\"http:\/\/bibliotekamoscisko.pl\/wp-content\/uploads\/2018\/09\/ma\u0142y.jpg\" alt=\"\" width=\"586\" height=\"602\" srcset=\"https:\/\/bibliotekamoscisko.pl\/wp-content\/uploads\/2018\/09\/ma\u0142y.jpg 586w, https:\/\/bibliotekamoscisko.pl\/wp-content\/uploads\/2018\/09\/ma\u0142y-292x300.jpg 292w, https:\/\/bibliotekamoscisko.pl\/wp-content\/uploads\/2018\/09\/ma\u0142y-1x1.jpg 1w\" sizes=\"(max-width: 586px) 100vw, 586px\" \/><\/a><\/strong><\/p>\n<p><strong>\u00a0<\/strong><\/p>\n<h1 style=\"text-align: center;\"><strong>\u00a0\u00a0\u00a0\u00a0\u00a0\u00a0\u00a0\u00a0\u00a0\u00a0\u00a0\u00a0\u00a0\u00a0\u00a0\u00a0\u00a0\u00a0\u00a0\u00a0\u00a0\u00a0\u00a0\u00a0\u00a0\u00a0\u00a0\u00a0\u00a0 REGULAMIN <\/strong><\/h1>\n<p><strong>I ORGANIZATOR<\/strong><\/p>\n<p>Biblioteka Publiczna Gminy Dzier\u017coni\u00f3w im. W\u0142adys\u0142awa Reymonta,<\/p>\n<p>ul. Kolejowa 12b, 58-116 Mo\u015bcisko, tel. 74\u00a0830 31 42, <a href=\"mailto:bibliotekamoscisko@wp.pl\">bibliotekamoscisko@wp.pl<\/a><\/p>\n<p><strong>II CZAS I MIEJSCE ZAWOD\u00d3W<\/strong><\/p>\n<p>Dnia 22.09.2018 r. godz. 14.00-17.00<\/p>\n<p>Boisko wiejskie w Mo\u015bcisku (za budynkiem Biblioteki)<\/p>\n<p><strong>III CELE<\/strong><\/p>\n<p>&#8211; popularyzacja idei wsp\u00f3\u0142zawodnictwa i zasad \u00a0fair play,<\/p>\n<p>&#8211; upowszechnianie aktywnych form sp\u0119dzania wolnego czasu,<\/p>\n<p>&#8211; rozwijanie umiej\u0119tno\u015bci\u00a0 konstruktorskich i sprawno\u015bci manualnej<\/p>\n<p>dzieci i m\u0142odzie\u017cy,<\/p>\n<p>&#8211; pobudzanie wyobra\u017ani tw\u00f3rczej,<\/p>\n<p>&#8211; innowacyjne uczczenie 100-lecia odzyskania niepodleg\u0142o\u015bci.<\/p>\n<p><strong>IV DEFINICJA I KLASYFIKACJA LATAWC\u00d3W<\/strong><\/p>\n<ol>\n<li><strong>Latawiec <\/strong>to aerodyna bez nap\u0119du silnikowego unosz\u0105ca si\u0119 na uwi\u0119zi, kt\u00f3ra mo\u017ce lata\u0107 w atmosferze wskutek dynamicznego oddzia\u0142ywania powietrza na nieruchome lub ruchome wzgl\u0119dem niej powierzchnie no\u015bne.<\/li>\n<li><strong>Latawiec p\u0142aski<\/strong> posiada tylko jedn\u0105 p\u0142aszczyzn\u0119 no\u015bn\u0105 oraz ustatecznienie w postaci ogona (jednego lub kilku). Dopuszcza si\u0119 ugi\u0119cie p\u0142aszczyzny no\u015bnej w przekroju poprzecznym do 10% rozpi\u0119to\u015bci latawca w tym przekroju. Niedopuszczalne jest stosowanie innych powierzchni sztywnych lub elastycznych przecinaj\u0105cych pod jakimkolwiek k\u0105tem zasadnicz\u0105 p\u0142aszczyzn\u0119 latawca.<\/li>\n<li><strong>Latawiec skrzynkowy<\/strong> mo\u017ce mie\u0107 kilka p\u0142aszczyzn no\u015bnych, ale nie mo\u017ce mie\u0107 ustatecznienia w postaci ogona lub innych element\u00f3w elastycznie zwi\u0105zanych z latawcem, spe\u0142niaj\u0105cych rol\u0119 statecznik\u00f3w &#8211; takich jak flagi, ta\u015bmy ozdobne, spadochrony, itp.<\/li>\n<\/ol>\n<p><strong>V WARUNKI UCZESTNICTWA<\/strong><\/p>\n<p>&#8211; w\u0142asnor\u0119czne wykonanie latawca dowolnej konstrukcji \u00a0w klasie latawc\u00f3w \u00a0p\u0142askich lub\/i skrzynkowych. Ka\u017cdy zawodnik mo\u017ce zg\u0142osi\u0107 jeden model<br \/>\nw kategorii latawc\u00f3w p\u0142askich i jeden model w kategorii latawc\u00f3w skrzynkowych (<strong><u>latawce skrzynkowe tylko w 2 i 3 kategorii wiekowej<\/u><\/strong>),<\/p>\n<p>&#8211; zg\u0142oszenie si\u0119 poprzez wype\u0142nienie za\u0142\u0105czonej karty zg\u0142oszenia i dostarczenie do dn. 20.09.2018r. na adres organizatora,<\/p>\n<p>&#8211; stawienie si\u0119 na miejscu startu w dniu imprezy i zarejestrowanie si\u0119 na li\u015bcie uczestnik\u00f3w,<\/p>\n<p>&#8211; podporz\u0105dkowanie si\u0119 zaleceniom organizacyjnym i poleceniom komisji s\u0119dziowskiej.<\/p>\n<p><strong>\u00a0<\/strong><strong>VI KATEGORIE WIEKOWE UCZESTNIK\u00d3W<\/strong><\/p>\n<p>Zawodnicy podzieleni b\u0119d\u0105 na nast\u0119puj\u0105ce kategorie wiekowe:<\/p>\n<p><strong>Kat. 1. &#8211; szko\u0142y podstawowe klasy I-V<\/strong><\/p>\n<p><strong>Kat. 2. &#8211; szko\u0142y podstawowe klasy VI-VIII oraz gimnazjum<\/strong><\/p>\n<p><strong>Kat. 3. &#8211; doro\u015bli (w tym szko\u0142y ponadgimnazjalne)<\/strong><\/p>\n<p><strong>\u00a0<\/strong><\/p>\n<p><strong>UWAGA<\/strong><\/p>\n<p>W zawodach mog\u0105 bra\u0107 udzia\u0142 mieszka\u0144cy powiatu dzier\u017coniowskiego.<\/p>\n<p><strong>\u00a0<\/strong><\/p>\n<p><strong>VII KRYTERIA OCENY<\/strong><\/p>\n<p>Ocena ka\u017cdego latawca sk\u0142ada si\u0119 z oceny statycznej oraz oceny za lot.<br \/>\n<strong>A.<\/strong> <strong>Ocena statyczna<\/strong>:<\/p>\n<p>&#8211; staranno\u015b\u0107 i estetyka wykonania konstrukcji latawca do 10 pkt.,<\/p>\n<p>&#8211; zdobnictwo latawca do 10 pkt.<\/p>\n<p><strong>Maksymalna ilo\u015b\u0107 punkt\u00f3w za ocen\u0119 statyczn\u0105 &#8211; 20 pkt.<\/strong><\/p>\n<ol>\n<li><strong> Ocena za lot<\/strong> \u2013 po sygnale startu podanym przez g\u0142\u00f3wnego s\u0119dziego zawodnicy holuj\u0105 latawce i ustawiaj\u0105 si\u0119 na linii wyznaczonej przez organizatora w celu przyznania przez s\u0119dzi\u00f3w punkt\u00f3w za jako\u015b\u0107 lotu:<\/li>\n<\/ol>\n<p>&#8211; lot stateczny &#8211; 20 pkt. ,<br \/>\n&#8211; lot niestateczny &#8211; 10 pkt. ,<br \/>\n&#8211; gdy latawiec nie leci &#8211; 0 pkt.<\/p>\n<p>W przypadku braku wiatru lot oceniany jest podczas holowania latawca przez zawodnika. <strong>Maksymalna ilo\u015b\u0107 punkt\u00f3w za ocen\u0119 lotu &#8211; 20 pkt.<\/strong><\/p>\n<p><strong>VIII NAGRODY I WYR\u00d3\u017bNIENIA<\/strong><\/p>\n<ol>\n<li>Organizator zapewnia dyplomy i nagrody dla pierwszych trzech miejsc \u00a0\u00a0w ka\u017cdej kategorii wiekowej;<\/li>\n<li>Komisja s\u0119dziowska mo\u017ce dodatkowo przyzna\u0107 wyr\u00f3\u017cnienia.<\/li>\n<\/ol>\n<p><strong>IX POSTANOWIENIA KO\u0143COWE <\/strong><\/p>\n<p>&#8211; Organizator zapewnia sobie prawo publikowania w mediach danych osobowych uczestnik\u00f3w zawod\u00f3w,<\/p>\n<p>&#8211; Prawo interpretacji postanowie\u0144 regulaminu przys\u0142uguje tylko Komisji S\u0119dziowskiej, powo\u0142anej przez organizatora,<\/p>\n<p>&#8211; Impreza ma charakter konkursowo-piknikowy.<\/p>\n<p><strong>\u00a0<\/strong><strong>PROSIMY O POTWIERDZENIE UCZESTNICTWA W ZAWODACH <\/strong><strong>DO DNIA 20 WRZE\u015aNIA 2018 r.<\/strong><\/p>\n<h2 style=\"text-align: center;\"><a href=\"http:\/\/bibliotekamoscisko.pl\/wp-content\/uploads\/2018\/09\/REGULAMIN-zawody-latawcowe-BIA\u0141O-CZERWONE-W-G\u00d3RE.pdf\">REGULAMIN<\/a><\/h2>\n<h2 style=\"text-align: center;\"><a href=\"http:\/\/bibliotekamoscisko.pl\/wp-content\/uploads\/2018\/09\/karta_zgloszenia.pdf\">KARTA ZG\u0141OSZENIA<\/a><\/h2>\n","protected":false},"excerpt":{"rendered":"<p>\u00a0\u00a0 \u00a0 \u00a0\u00a0\u00a0\u00a0\u00a0\u00a0\u00a0\u00a0\u00a0\u00a0\u00a0\u00a0\u00a0\u00a0\u00a0\u00a0\u00a0\u00a0\u00a0\u00a0\u00a0\u00a0\u00a0\u00a0\u00a0\u00a0\u00a0\u00a0\u00a0 REGULAMIN I ORGANIZATOR Biblioteka Publiczna Gminy Dzier\u017coni\u00f3w im. W\u0142adys\u0142awa Reymonta, ul. Kolejowa 12b, 58-116 Mo\u015bcisko, tel. 74\u00a0830 31 42, bibliotekamoscisko@wp.pl II CZAS I MIEJSCE ZAWOD\u00d3W Dnia 22.09.2018 [&hellip;]<\/p>\n","protected":false},"author":1,"featured_media":0,"comment_status":"closed","ping_status":"open","sticky":false,"template":"","format":"standard","meta":{"ngg_post_thumbnail":0,"footnotes":""},"categories":[1],"tags":[],"class_list":["post-7157","post","type-post","status-publish","format-standard","hentry","category-uncategorized"],"_links":{"self":[{"href":"https:\/\/bibliotekamoscisko.pl\/index.php?rest_route=\/wp\/v2\/posts\/7157","targetHints":{"allow":["GET"]}}],"collection":[{"href":"https:\/\/bibliotekamoscisko.pl\/index.php?rest_route=\/wp\/v2\/posts"}],"about":[{"href":"https:\/\/bibliotekamoscisko.pl\/index.php?rest_route=\/wp\/v2\/types\/post"}],"author":[{"embeddable":true,"href":"https:\/\/bibliotekamoscisko.pl\/index.php?rest_route=\/wp\/v2\/users\/1"}],"replies":[{"embeddable":true,"href":"https:\/\/bibliotekamoscisko.pl\/index.php?rest_route=%2Fwp%2Fv2%2Fcomments&post=7157"}],"version-history":[{"count":3,"href":"https:\/\/bibliotekamoscisko.pl\/index.php?rest_route=\/wp\/v2\/posts\/7157\/revisions"}],"predecessor-version":[{"id":7210,"href":"https:\/\/bibliotekamoscisko.pl\/index.php?rest_route=\/wp\/v2\/posts\/7157\/revisions\/7210"}],"wp:attachment":[{"href":"https:\/\/bibliotekamoscisko.pl\/index.php?rest_route=%2Fwp%2Fv2%2Fmedia&parent=7157"}],"wp:term":[{"taxonomy":"category","embeddable":true,"href":"https:\/\/bibliotekamoscisko.pl\/index.php?rest_route=%2Fwp%2Fv2%2Fcategories&post=7157"},{"taxonomy":"post_tag","embeddable":true,"href":"https:\/\/bibliotekamoscisko.pl\/index.php?rest_route=%2Fwp%2Fv2%2Ftags&post=7157"}],"curies":[{"name":"wp","href":"https:\/\/api.w.org\/{rel}","templated":true}]}}