{"id":7164,"date":"2018-09-10T11:32:52","date_gmt":"2018-09-10T11:32:52","guid":{"rendered":"http:\/\/bibliotekamoscisko.pl\/?p=7164"},"modified":"2018-09-10T11:32:52","modified_gmt":"2018-09-10T11:32:52","slug":"wedrujacy-teatrzyk-podworkowy-dla-dzieci","status":"publish","type":"post","link":"https:\/\/bibliotekamoscisko.pl\/?p=7164","title":{"rendered":"W\u0119druj\u0105cy Teatrzyk Podw\u00f3rkowy Dla Dzieci"},"content":{"rendered":"<p style=\"text-align: center;\"><em>Witam ci\u0119, m\u00f3j prze\u015bliczny Czerwony Kapturku,<\/em><br \/>\n<em>\u00a0 \u00a0 \u00a0 \u00a0 \u00a0 \u00a0 \u00a0 \u00a0 \u00a0 \u00a0 \u00a0 \u00a0 \u00a0 \u00a0 \u00a0 Nie b\u00f3j si\u0119 moich z\u0105bk\u00f3w i moich pazurk\u00f3w&#8230;<\/em><\/p>\n<p><strong>W\u0119druj\u0105cy Teatrzyk Podw\u00f3rkowy przy bibliotece w Ostroszowicach<\/strong> we wtorek 2 wrze\u015bnia przywita\u0142 dzieci na placu zabaw w Ostroszowicach pacynkowym wydaniem ,,Czerwonego Kapturka&#8221; wed\u0142ug Jana Brzechwy.\u00a0 Dyskusyjne Kluby Ksi\u0105\u017cki pomagaj\u0105 dzieciom prze\u017cywa\u0107 losy bohater\u00f3w ksi\u0105\u017cek, film\u00f3w i przedstawie\u0144 w r\u00f3\u017cnych ods\u0142onach.<br \/>\nNasz teatrzyk wystawiony w\u015br\u00f3d s\u0142onecznej i zielonej przestrzeni bardzo si\u0119 dzieciom spodoba\u0142. Wielkie emocje zwi\u0105zane z prze\u017cywaniem utworu oraz niesamowita sceneria przyrody otworzy\u0142y wyobra\u017ani\u0119 dzieci\u0119c\u0105 i zach\u0119ci\u0142y do tw\u00f3rczo\u015bci plastycznej. To by\u0142 wspania\u0142y odpoczynek i relaks w\u015br\u00f3d zieleni.<\/p>\n<p>W\u0119druj\u0105cy Teatrzyk Podw\u00f3rkowy powsta\u0142 z inicjatywy uczestnik\u00f3w Dyskusyjnego Klubu Ksi\u0105\u017cki w Ostroszowicach.<\/p>\n<p style=\"text-align: center;\"><strong>Z wizyt\u0105 w przedszkolu!<\/strong><\/p>\n<p style=\"text-align: center;\"><em>Dziecko jest zapowiadaj\u0105c\u0105 si\u0119 zorz\u0105 cz\u0142owiecze\u0144stwa,<\/em><br \/>\n<em>istot\u0105 ch\u0142onn\u0105 i ciekaw\u0105 wielkiego \u015bwiata ludzi.<\/em><br \/>\n\/ S.Szuman\/<\/p>\n<p>Nasz W\u0119druj\u0105cy Teatrzyk Podw\u00f3rkowy 6 wrze\u015bnia zawita\u0142 do Gminnego Przedszkola w Ostroszowicach. \u00a0\u00a0\u00a0\u00a0\u00a0\u00a0\u00a0\u00a0\u00a0\u00a0Dzieci to wytrawni widzowie. Przedstawienie nagrodzili wielkimi brawami. By\u0142o magicznie i ekscytuj\u0105co. Interaktywny teatrzyk to wspania\u0142a zabawa dla dzieci<br \/>\ni doros\u0142ych.<\/p>\n<div id='gallery-1' class='gallery galleryid-7164 gallery-columns-3 gallery-size-thumbnail'><figure class='gallery-item'>\n\t\t\t<div class='gallery-icon portrait'>\n\t\t\t\t<a href='https:\/\/bibliotekamoscisko.pl\/?attachment_id=7165'><img decoding=\"async\" width=\"150\" height=\"150\" src=\"https:\/\/bibliotekamoscisko.pl\/wp-content\/uploads\/2018\/09\/9-150x150.jpg\" class=\"attachment-thumbnail size-thumbnail\" alt=\"\" srcset=\"https:\/\/bibliotekamoscisko.pl\/wp-content\/uploads\/2018\/09\/9-150x150.jpg 150w, https:\/\/bibliotekamoscisko.pl\/wp-content\/uploads\/2018\/09\/9-1x1.jpg 1w\" sizes=\"(max-width: 150px) 100vw, 150px\" \/><\/a>\n\t\t\t<\/div><\/figure><figure class='gallery-item'>\n\t\t\t<div class='gallery-icon portrait'>\n\t\t\t\t<a href='https:\/\/bibliotekamoscisko.pl\/?attachment_id=7166'><img decoding=\"async\" width=\"150\" height=\"150\" src=\"https:\/\/bibliotekamoscisko.pl\/wp-content\/uploads\/2018\/09\/45-150x150.jpg\" class=\"attachment-thumbnail size-thumbnail\" alt=\"\" srcset=\"https:\/\/bibliotekamoscisko.pl\/wp-content\/uploads\/2018\/09\/45-150x150.jpg 150w, https:\/\/bibliotekamoscisko.pl\/wp-content\/uploads\/2018\/09\/45-1x1.jpg 1w\" sizes=\"(max-width: 150px) 100vw, 150px\" \/><\/a>\n\t\t\t<\/div><\/figure><figure class='gallery-item'>\n\t\t\t<div class='gallery-icon portrait'>\n\t\t\t\t<a href='https:\/\/bibliotekamoscisko.pl\/?attachment_id=7167'><img decoding=\"async\" width=\"150\" height=\"150\" src=\"https:\/\/bibliotekamoscisko.pl\/wp-content\/uploads\/2018\/09\/54-150x150.jpg\" class=\"attachment-thumbnail size-thumbnail\" alt=\"\" srcset=\"https:\/\/bibliotekamoscisko.pl\/wp-content\/uploads\/2018\/09\/54-150x150.jpg 150w, https:\/\/bibliotekamoscisko.pl\/wp-content\/uploads\/2018\/09\/54-1x1.jpg 1w\" sizes=\"(max-width: 150px) 100vw, 150px\" \/><\/a>\n\t\t\t<\/div><\/figure><figure class='gallery-item'>\n\t\t\t<div class='gallery-icon portrait'>\n\t\t\t\t<a href='https:\/\/bibliotekamoscisko.pl\/?attachment_id=7168'><img loading=\"lazy\" decoding=\"async\" width=\"150\" height=\"150\" src=\"https:\/\/bibliotekamoscisko.pl\/wp-content\/uploads\/2018\/09\/IW-150x150.jpg\" class=\"attachment-thumbnail size-thumbnail\" alt=\"\" srcset=\"https:\/\/bibliotekamoscisko.pl\/wp-content\/uploads\/2018\/09\/IW-150x150.jpg 150w, https:\/\/bibliotekamoscisko.pl\/wp-content\/uploads\/2018\/09\/IW-1x1.jpg 1w\" sizes=\"(max-width: 150px) 100vw, 150px\" \/><\/a>\n\t\t\t<\/div><\/figure><figure class='gallery-item'>\n\t\t\t<div class='gallery-icon landscape'>\n\t\t\t\t<a href='https:\/\/bibliotekamoscisko.pl\/?attachment_id=7169'><img loading=\"lazy\" decoding=\"async\" width=\"150\" height=\"150\" src=\"https:\/\/bibliotekamoscisko.pl\/wp-content\/uploads\/2018\/09\/iw3-150x150.jpg\" class=\"attachment-thumbnail size-thumbnail\" alt=\"\" srcset=\"https:\/\/bibliotekamoscisko.pl\/wp-content\/uploads\/2018\/09\/iw3-150x150.jpg 150w, https:\/\/bibliotekamoscisko.pl\/wp-content\/uploads\/2018\/09\/iw3-1x1.jpg 1w\" sizes=\"(max-width: 150px) 100vw, 150px\" \/><\/a>\n\t\t\t<\/div><\/figure><figure class='gallery-item'>\n\t\t\t<div class='gallery-icon landscape'>\n\t\t\t\t<a href='https:\/\/bibliotekamoscisko.pl\/?attachment_id=7170'><img loading=\"lazy\" decoding=\"async\" width=\"150\" height=\"150\" src=\"https:\/\/bibliotekamoscisko.pl\/wp-content\/uploads\/2018\/09\/iw5-150x150.jpg\" class=\"attachment-thumbnail size-thumbnail\" alt=\"\" srcset=\"https:\/\/bibliotekamoscisko.pl\/wp-content\/uploads\/2018\/09\/iw5-150x150.jpg 150w, https:\/\/bibliotekamoscisko.pl\/wp-content\/uploads\/2018\/09\/iw5-1x1.jpg 1w\" sizes=\"(max-width: 150px) 100vw, 150px\" \/><\/a>\n\t\t\t<\/div><\/figure>\n\t\t<\/div>\n\n<p>Biblioteka to wi\u0119cej ni\u017c my\u015blisz!<\/p>\n<p>Moderator DKK<br \/>\nMaria Kirkiewicz<\/p>\n<p>&nbsp;<\/p>\n","protected":false},"excerpt":{"rendered":"<p>Witam ci\u0119, m\u00f3j prze\u015bliczny Czerwony Kapturku, \u00a0 \u00a0 \u00a0 \u00a0 \u00a0 \u00a0 \u00a0 \u00a0 \u00a0 \u00a0 \u00a0 \u00a0 \u00a0 \u00a0 \u00a0 Nie b\u00f3j si\u0119 moich z\u0105bk\u00f3w i moich pazurk\u00f3w&#8230; W\u0119druj\u0105cy [&hellip;]<\/p>\n","protected":false},"author":1,"featured_media":0,"comment_status":"closed","ping_status":"open","sticky":false,"template":"","format":"standard","meta":{"ngg_post_thumbnail":0,"footnotes":""},"categories":[1],"tags":[],"class_list":["post-7164","post","type-post","status-publish","format-standard","hentry","category-uncategorized"],"_links":{"self":[{"href":"https:\/\/bibliotekamoscisko.pl\/index.php?rest_route=\/wp\/v2\/posts\/7164","targetHints":{"allow":["GET"]}}],"collection":[{"href":"https:\/\/bibliotekamoscisko.pl\/index.php?rest_route=\/wp\/v2\/posts"}],"about":[{"href":"https:\/\/bibliotekamoscisko.pl\/index.php?rest_route=\/wp\/v2\/types\/post"}],"author":[{"embeddable":true,"href":"https:\/\/bibliotekamoscisko.pl\/index.php?rest_route=\/wp\/v2\/users\/1"}],"replies":[{"embeddable":true,"href":"https:\/\/bibliotekamoscisko.pl\/index.php?rest_route=%2Fwp%2Fv2%2Fcomments&post=7164"}],"version-history":[{"count":2,"href":"https:\/\/bibliotekamoscisko.pl\/index.php?rest_route=\/wp\/v2\/posts\/7164\/revisions"}],"predecessor-version":[{"id":7172,"href":"https:\/\/bibliotekamoscisko.pl\/index.php?rest_route=\/wp\/v2\/posts\/7164\/revisions\/7172"}],"wp:attachment":[{"href":"https:\/\/bibliotekamoscisko.pl\/index.php?rest_route=%2Fwp%2Fv2%2Fmedia&parent=7164"}],"wp:term":[{"taxonomy":"category","embeddable":true,"href":"https:\/\/bibliotekamoscisko.pl\/index.php?rest_route=%2Fwp%2Fv2%2Fcategories&post=7164"},{"taxonomy":"post_tag","embeddable":true,"href":"https:\/\/bibliotekamoscisko.pl\/index.php?rest_route=%2Fwp%2Fv2%2Ftags&post=7164"}],"curies":[{"name":"wp","href":"https:\/\/api.w.org\/{rel}","templated":true}]}}